{"id":60542,"date":"2024-08-23T00:42:43","date_gmt":"2024-08-22T22:42:43","guid":{"rendered":"https:\/\/www.infokuryr.cz\/n\/?p=60542"},"modified":"2024-08-22T12:18:11","modified_gmt":"2024-08-22T10:18:11","slug":"iracky-odboj-po-kratke-pauze-pokracuje-v-utocich-na-izrael","status":"publish","type":"post","link":"https:\/\/www.infokuryr.cz\/n\/2024\/08\/23\/iracky-odboj-po-kratke-pauze-pokracuje-v-utocich-na-izrael\/","title":{"rendered":"Ir\u00e1ck\u00fd odboj po kr\u00e1tk\u00e9 pauze pokra\u010duje v \u00fatoc\u00edch na Izrael"},"content":{"rendered":"<div id=\"fb-root\"><\/div>\n<p><strong><span>Isl\u00e1msk\u00fd odpor v Ir\u00e1ku (IRI), zast\u0159e\u0161uj\u00edc\u00ed skupina ozbrojen\u00fdch frakc\u00ed podporovan\u00fdch \u00cdr\u00e1nem, 20. srpna ozn\u00e1mila, \u017ee za\u00fato\u010dila na \u201e\u017eivotn\u011b d\u016fle\u017eit\u00fd c\u00edl\u201c v nejji\u017en\u011bj\u0161\u00edm izraelsk\u00e9m m\u011bst\u011b Ejlat pomoc\u00ed dron\u016f.<\/span><\/strong><\/p>\n<p><span>\u00datok byl proveden \u201ev reakci na masakry sp\u00e1chan\u00e9 uzurpuj\u00edc\u00ed entitou [Izrael] na civilistech, v\u010detn\u011b d\u011bt\u00ed, \u017een a star\u00fdch lid\u00ed\u201c v palestinsk\u00e9 enkl\u00e1v\u011b v p\u00e1smu Gazy, uvedla skupina v prohl\u00e1\u0161en\u00ed a sl\u00edbila, \u017ee \u201e operace proti nep\u0159\u00e1telsk\u00fdm pevnostem budou pokra\u010dovat rostouc\u00edm tempem.&#8220;<\/span><\/p>\n<p><span>Jednalo se o druh\u00fd \u00fatok proti Izraeli, kter\u00fd IRI ozn\u00e1mila za m\u00e9n\u011b ne\u017e t\u00fdden. 18. srpna skupina uvedla, \u017ee za\u00fato\u010dila na \u201evojensk\u00fd c\u00edl\u201c v okupovan\u00fdch syrsk\u00fdch Golansk\u00fdch v\u00fd\u0161in\u00e1ch pomoc\u00ed dron\u016f na podporu Gazy. Skupina tehdy poznamenala, \u017ee k \u00fatoku do\u0161lo minul\u00fd t\u00fdden.<\/span><\/p>\n<p><span>Hebrejsk\u00e1 m\u00e9dia nehl\u00e1sila \u017e\u00e1dn\u00e1 varov\u00e1n\u00ed nebo odposlechy v Izraeli kv\u016fli \u00fatok\u016fm z Ir\u00e1ku v posledn\u00edch n\u011bkolika t\u00fddnech. To v\u0161ak neznamen\u00e1, \u017ee \u00fatoky selhaly, proto\u017ee izraelsk\u00e1 arm\u00e1da m\u00e1 pravomoc cenzurovat ve\u0161ker\u00e9 zpr\u00e1vy souvisej\u00edc\u00ed s bezpe\u010dnostn\u00edmi incidenty v zemi.<\/span><\/p>\n<p><span>IRI za\u010dala podnikat \u00fatoky proti Izraeli a tak\u00e9 proti sil\u00e1m Spojen\u00fdch st\u00e1t\u016f v Ir\u00e1ku a sousedn\u00ed S\u00fdrii v reakci na izraelskou krvavou v\u00e1lku v Gaze a na neochv\u011bjnou podporu Washingtonu.<\/span><\/p>\n<p><span>Skupina pozastavila \u00fatoky proti americk\u00fdm sil\u00e1m loni v \u00fanoru po smrti t\u0159\u00ed americk\u00fdch voj\u00e1k\u016f p\u0159i \u00fatoku dronu na z\u00e1kladnu v Jord\u00e1nsku, \u00fadajn\u011b na \u017e\u00e1dost \u00edr\u00e1nsk\u00fdch isl\u00e1msk\u00fdch revolu\u010dn\u00edch gard. Nicm\u00e9n\u011b od b\u0159ezna eskalovalo \u00fatoky proti Izraeli.<\/span><\/p>\n<p><span>V obdob\u00ed mezi koncem \u010dervence a za\u010d\u00e1tkem srpna do\u0161lo ke kr\u00e1tk\u00e9mu zastaven\u00ed \u00fatok\u016f IRI proti Izraeli, pravd\u011bpodobn\u011b v d\u016fsledku americk\u00e9 eskalace proti \u00cdr\u00e1nem podporovan\u00fdm ozbrojen\u00fdm frakc\u00edm v Ir\u00e1ku.<\/span><\/p>\n<p><span>Izrael na \u00fatoky IRI zat\u00edm otev\u0159en\u011b nereagoval. Nicm\u00e9n\u011b byla obvin\u011bna z n\u011bkolika \u00fader\u016f, kter\u00e9 po za\u010d\u00e1tku v\u00e1lky v Gaze m\u00ed\u0159ily na ozbrojen\u00e9 frakce podporovan\u00e9 \u00cdr\u00e1nem pod\u00e9l syrsko-ir\u00e1ck\u00e9 hranice a pobl\u00ed\u017e syrsk\u00e9ho hlavn\u00edho m\u011bsta Dama\u0161ku. P\u0159i n\u011bkter\u00fdch z t\u011bchto \u00fader\u016f byli zabiti ir\u00e1\u010dt\u00ed bojovn\u00edci.<\/span><\/p>\n<p><img decoding=\"async\" loading=\"lazy\" class=\"alignnone size-full wp-image-1185\" src=\"http:\/\/www.infokuryr.cz\/n\/wp-content\/uploads\/2021\/04\/kuryr-podpis.png\" alt=\"\" width=\"84\" height=\"24\" \/><\/p>\n<p>&nbsp;<\/p>\n","protected":false},"excerpt":{"rendered":"<p>Isl\u00e1msk\u00fd odpor v Ir\u00e1ku (IRI), zast\u0159e\u0161uj\u00edc\u00ed skupina ozbrojen\u00fdch frakc\u00ed podporovan\u00fdch \u00cdr\u00e1nem, 20. srpna ozn\u00e1mila, \u017ee&#8230;<\/p>\n","protected":false},"author":2,"featured_media":57991,"comment_status":"closed","ping_status":"closed","sticky":false,"template":"","format":"standard","meta":[],"categories":[7],"tags":[267,107,6413],"_links":{"self":[{"href":"https:\/\/www.infokuryr.cz\/n\/wp-json\/wp\/v2\/posts\/60542"}],"collection":[{"href":"https:\/\/www.infokuryr.cz\/n\/wp-json\/wp\/v2\/posts"}],"about":[{"href":"https:\/\/www.infokuryr.cz\/n\/wp-json\/wp\/v2\/types\/post"}],"author":[{"embeddable":true,"href":"https:\/\/www.infokuryr.cz\/n\/wp-json\/wp\/v2\/users\/2"}],"replies":[{"embeddable":true,"href":"https:\/\/www.infokuryr.cz\/n\/wp-json\/wp\/v2\/comments?post=60542"}],"version-history":[{"count":0,"href":"https:\/\/www.infokuryr.cz\/n\/wp-json\/wp\/v2\/posts\/60542\/revisions"}],"wp:featuredmedia":[{"embeddable":true,"href":"https:\/\/www.infokuryr.cz\/n\/wp-json\/wp\/v2\/media\/57991"}],"wp:attachment":[{"href":"https:\/\/www.infokuryr.cz\/n\/wp-json\/wp\/v2\/media?parent=60542"}],"wp:term":[{"taxonomy":"category","embeddable":true,"href":"https:\/\/www.infokuryr.cz\/n\/wp-json\/wp\/v2\/categories?post=60542"},{"taxonomy":"post_tag","embeddable":true,"href":"https:\/\/www.infokuryr.cz\/n\/wp-json\/wp\/v2\/tags?post=60542"}],"curies":[{"name":"wp","href":"https:\/\/api.w.org\/{rel}","templated":true}]}}