{"id":6054,"date":"2021-11-10T03:57:55","date_gmt":"2021-11-10T02:57:55","guid":{"rendered":"http:\/\/www.infokuryr.cz\/n\/?p=6054"},"modified":"2021-11-10T03:57:55","modified_gmt":"2021-11-10T02:57:55","slug":"nemecti-zeleni-chteji-at-to-polaci-pusti","status":"publish","type":"post","link":"https:\/\/www.infokuryr.cz\/n\/2021\/11\/10\/nemecti-zeleni-chteji-at-to-polaci-pusti\/","title":{"rendered":"N\u011bme\u010dt\u00ed zelen\u00ed cht\u011bj\u00ed a\u0165 to Pol\u00e1ci pust\u00ed..!"},"content":{"rendered":"<div id=\"fb-root\"><\/div>\n<p>Jak situaci na polsk\u00fdch hranic\u00edch okomentovala polsk\u00e1 m\u00e9dia, nast\u00e1v\u00e1 hodina pravdy. Zat\u00edmco v Litv\u011b a Loty\u0161sku do\u0161lo v obran\u011b hranic k semknut\u00ed vl\u00e1dy s opozic\u00ed, \u0161\u00e9fka n\u011bmeck\u00fdch Zelen\u00fdch Katrin G\u00f6ring-Eckardt po\u017eaduje, a\u0165 Pol\u00e1ci otev\u0159ou hranice. Tak to (rozkol v n\u011bmeck\u00e9 vnit\u0159n\u00ed politice) je\u00a0 jen bonus a zadostiu\u010din\u011bn\u00ed pro Luka\u0161enka. Z jeho perspektivy to mus\u00ed b\u00fdt kr\u00e1sn\u00fd pohled, takhle si EU podat a vyjevit j\u00ed sam\u00e9, co je za\u010d&#8230;<\/p>\n<p>P\u0159esn\u011b k tomu, co po\u017eaduj\u00ed n\u011bme\u010dt\u00ed Zelen\u00ed vyz\u00fdvaj\u00ed EU na b\u011blorusk\u00fdch a rusk\u00fdch televizn\u00edch kan\u00e1lech. Podobnost \u010dist\u011b n\u00e1hodn\u00e1?!?<\/p>\n<p><a href=\"https:\/\/exxpress.at\/asyl-ansturm-gruene-fordern-bedingungslose-grenzoeffnung\/\">ZDROJ<\/a><\/p>\n<p>&nbsp;<\/p>\n","protected":false},"excerpt":{"rendered":"<p>Jak situaci na polsk\u00fdch hranic\u00edch okomentovala polsk\u00e1 m\u00e9dia, nast\u00e1v\u00e1 hodina pravdy. Zat\u00edmco v Litv\u011b a&#8230;<\/p>\n","protected":false},"author":2,"featured_media":3898,"comment_status":"closed","ping_status":"closed","sticky":false,"template":"","format":"standard","meta":[],"categories":[7],"tags":[119,84,31,103],"_links":{"self":[{"href":"https:\/\/www.infokuryr.cz\/n\/wp-json\/wp\/v2\/posts\/6054"}],"collection":[{"href":"https:\/\/www.infokuryr.cz\/n\/wp-json\/wp\/v2\/posts"}],"about":[{"href":"https:\/\/www.infokuryr.cz\/n\/wp-json\/wp\/v2\/types\/post"}],"author":[{"embeddable":true,"href":"https:\/\/www.infokuryr.cz\/n\/wp-json\/wp\/v2\/users\/2"}],"replies":[{"embeddable":true,"href":"https:\/\/www.infokuryr.cz\/n\/wp-json\/wp\/v2\/comments?post=6054"}],"version-history":[{"count":0,"href":"https:\/\/www.infokuryr.cz\/n\/wp-json\/wp\/v2\/posts\/6054\/revisions"}],"wp:featuredmedia":[{"embeddable":true,"href":"https:\/\/www.infokuryr.cz\/n\/wp-json\/wp\/v2\/media\/3898"}],"wp:attachment":[{"href":"https:\/\/www.infokuryr.cz\/n\/wp-json\/wp\/v2\/media?parent=6054"}],"wp:term":[{"taxonomy":"category","embeddable":true,"href":"https:\/\/www.infokuryr.cz\/n\/wp-json\/wp\/v2\/categories?post=6054"},{"taxonomy":"post_tag","embeddable":true,"href":"https:\/\/www.infokuryr.cz\/n\/wp-json\/wp\/v2\/tags?post=6054"}],"curies":[{"name":"wp","href":"https:\/\/api.w.org\/{rel}","templated":true}]}}