{"id":6053,"date":"2021-11-10T03:52:24","date_gmt":"2021-11-10T02:52:24","guid":{"rendered":"http:\/\/www.infokuryr.cz\/n\/?p=6053"},"modified":"2021-11-10T03:52:24","modified_gmt":"2021-11-10T02:52:24","slug":"expert-promluvil-o-pravdepodobnosti-nove-valky-mezi-svetovymi-mocnostmi","status":"publish","type":"post","link":"https:\/\/www.infokuryr.cz\/n\/2021\/11\/10\/expert-promluvil-o-pravdepodobnosti-nove-valky-mezi-svetovymi-mocnostmi\/","title":{"rendered":"Expert promluvil o pravd\u011bpodobnosti nov\u00e9 v\u00e1lky mezi sv\u011btov\u00fdmi mocnostmi"},"content":{"rendered":"<div id=\"fb-root\"><\/div>\n<p><strong>V\u00e1lka mezi sv\u011btov\u00fdmi velmocemi je op\u011bt mo\u017en\u00e1, proto\u017ee mezi Spojen\u00fdmi st\u00e1ty a \u010c\u00ednou stoup\u00e1 nap\u011bt\u00ed, kter\u00e9 by se mohlo p\u0159en\u00e9st i do Evropy, uvedl p\u0159edseda spr\u00e1vn\u00ed rady fondu Friedricha Eberta, b\u00fdval\u00fd p\u0159edseda Evropsk\u00e9ho parlamentu a SPD Martin Schultz.<\/strong><\/p>\n<p><strong><em>\u201eRostouc\u00ed nap\u011bt\u00ed konfliktu m\u016f\u017ee v\u00e9st k po\u010d\u00e1tku ozbrojen\u00fdch akc\u00ed mezi sv\u011btov\u00fdmi mocnostmi, v\u00e1lka se op\u011bt stala mo\u017enou &#8230;,\u201c\u00a0<\/em><\/strong>\u0159ekl v Moskv\u011b b\u011bhem sv\u00e9ho vystoupen\u00ed ve V\u00fdzkumn\u00e9m \u00fastavu sv\u011btov\u00e9 ekonomiky a mezin\u00e1rodn\u00edch vztah\u016f J. M. Primakova Rusk\u00e9 akademie v\u011bd.<\/p>\n<p>Podle n\u011bj pro\u017e\u00edv\u00e1me \u201enebezpe\u010dn\u00e9 \u010dasy\u201c spojen\u00e9 s nep\u0159edv\u00eddatelnost\u00ed a nejistotou, na jejich\u017e pozad\u00ed se zem\u011b sna\u017e\u00ed sni\u017eovat vn\u011bj\u0161\u00ed rizika a dosahovat vnit\u0159n\u00ed stability a v d\u016fsledku toho je nutn\u00e9 br\u00e1nit a h\u00e1jit vlastn\u00ed pozice.<\/p>\n<p>Dodal, \u017ee v d\u011bjin\u00e1ch Evropy u\u017e takov\u00e1 obdob\u00ed byla a skon\u010dilo to \u201evelmi \u0161patn\u011b&#8220;, bylo to doprov\u00e1zeno ni\u010div\u00fdmi v\u00e1lkami, a takov\u00fd sc\u00e9n\u00e1\u0159 nen\u00ed v z\u00e1jmu zem\u00ed. Na rozd\u00edl od situace p\u0159ed 30 lety se v\u0161ak pozornost nyn\u00ed p\u0159esouv\u00e1 do Asie, kde \u010c\u00edna soupe\u0159\u00ed se Spojen\u00fdmi st\u00e1ty v transatlantick\u00e9m prostoru.<\/p>\n<p><strong><em>\u201eMnoh\u00fdm se tamn\u00ed situace zd\u00e1 b\u00fdt v\u00e1\u017en\u011bj\u0161\u00ed ne\u017e v Evrop\u011b&#8230; Konflikt v Asii v\u0161ak bude m\u00edt p\u0159\u00edm\u00fd dopad na Evropu a nebezpe\u010d\u00ed, \u017ee se konflikt p\u0159enese i do na\u0161eho regionu, je zcela re\u00e1ln\u00e9,\u201c\u00a0<\/em><\/strong>zd\u016fraznil Schultz.<\/p>\n<p>Probl\u00e9my\u00a0ve vztaz\u00edch mezi EU a Ruskou federac\u00ed by proto podle n\u011bj nem\u011bly naru\u0161ovat spolupr\u00e1ci mezi Ruskem a N\u011bmeckem.<\/p>\n<p><strong><em>\u201eMus\u00edme monitorovat a hledat prost\u0159edky ke sn\u00ed\u017een\u00ed nap\u011bt\u00ed a p\u0159edch\u00e1zen\u00ed konflikt\u016fm&#8230; Nejlep\u0161\u00ed obranou je spolupracovat na zachov\u00e1n\u00ed bezpe\u010dnosti v Evrop\u011b, br\u00e1nit ji a bojovat proti hrozb\u00e1m&#8230; Zhor\u0161en\u00ed vztah\u016f mezi EU a Ruskou federac\u00ed nelze prost\u011b br\u00e1t jako samoz\u0159ejmost. Ne\u017e\u00e1douc\u00ed eskalace a dezinterpretace akc\u00ed mohou vyvolat vojensk\u00fd konflikt&#8230;,\u201c<\/em><\/strong>\u00a0\u0159ekl Schultz.<\/p>\n<p>Podle jeho slov m\u016f\u017ee b\u00fdt z\u00e1kladem spolupr\u00e1ce\u00a0boj proti klimatick\u00fdm zm\u011bn\u00e1m, kter\u00fd nelze odkl\u00e1dat.<\/p>\n<p><strong><em>\u201eZm\u011bna klimatu vy\u017eaduje okam\u017eitou akci. Nem\u016f\u017eeme \u0159\u00edci: vy\u0159e\u0161me v\u0161echny na\u0161e probl\u00e9my a neshody, a pak se budeme zab\u00fdvat klimatem&#8230; Proto nyn\u00ed na\u0161e zem\u011b \u0159e\u0161\u00ed probl\u00e9my spole\u010dn\u011b v Glasgow (na klimatick\u00e9m summitu OSN),\u201c\u00a0<\/em><\/strong>uzav\u0159el Schultz.<\/p>\n<p><a href=\"https:\/\/cz.sputniknews.com\/20211109\/expert-promluvil-o-pravdepodobnosti-nove-valky-mezi-svetovymi-mocnostmi-16451562.html\">ZDROJ<\/a><\/p>\n<p>&nbsp;<\/p>\n","protected":false},"excerpt":{"rendered":"<p>V\u00e1lka mezi sv\u011btov\u00fdmi velmocemi je op\u011bt mo\u017en\u00e1, proto\u017ee mezi Spojen\u00fdmi st\u00e1ty a \u010c\u00ednou stoup\u00e1 nap\u011bt\u00ed,&#8230;<\/p>\n","protected":false},"author":2,"featured_media":1664,"comment_status":"closed","ping_status":"closed","sticky":false,"template":"","format":"standard","meta":[],"categories":[7],"tags":[30,220,22,37,40],"_links":{"self":[{"href":"https:\/\/www.infokuryr.cz\/n\/wp-json\/wp\/v2\/posts\/6053"}],"collection":[{"href":"https:\/\/www.infokuryr.cz\/n\/wp-json\/wp\/v2\/posts"}],"about":[{"href":"https:\/\/www.infokuryr.cz\/n\/wp-json\/wp\/v2\/types\/post"}],"author":[{"embeddable":true,"href":"https:\/\/www.infokuryr.cz\/n\/wp-json\/wp\/v2\/users\/2"}],"replies":[{"embeddable":true,"href":"https:\/\/www.infokuryr.cz\/n\/wp-json\/wp\/v2\/comments?post=6053"}],"version-history":[{"count":0,"href":"https:\/\/www.infokuryr.cz\/n\/wp-json\/wp\/v2\/posts\/6053\/revisions"}],"wp:featuredmedia":[{"embeddable":true,"href":"https:\/\/www.infokuryr.cz\/n\/wp-json\/wp\/v2\/media\/1664"}],"wp:attachment":[{"href":"https:\/\/www.infokuryr.cz\/n\/wp-json\/wp\/v2\/media?parent=6053"}],"wp:term":[{"taxonomy":"category","embeddable":true,"href":"https:\/\/www.infokuryr.cz\/n\/wp-json\/wp\/v2\/categories?post=6053"},{"taxonomy":"post_tag","embeddable":true,"href":"https:\/\/www.infokuryr.cz\/n\/wp-json\/wp\/v2\/tags?post=6053"}],"curies":[{"name":"wp","href":"https:\/\/api.w.org\/{rel}","templated":true}]}}