{"id":6050,"date":"2021-11-10T03:42:47","date_gmt":"2021-11-10T02:42:47","guid":{"rendered":"http:\/\/www.infokuryr.cz\/n\/?p=6050"},"modified":"2021-11-10T03:42:47","modified_gmt":"2021-11-10T02:42:47","slug":"lukasenko-nazval-boj-polska-proti-migrantum-vydiranim","status":"publish","type":"post","link":"https:\/\/www.infokuryr.cz\/n\/2021\/11\/10\/lukasenko-nazval-boj-polska-proti-migrantum-vydiranim\/","title":{"rendered":"Luka\u0161enko nazval boj Polska proti migrant\u016fm vyd\u00edr\u00e1n\u00edm"},"content":{"rendered":"<div id=\"fb-root\"><\/div>\n<p><strong>B\u011blorusk\u00fd prezident Alexandr Luka\u0161enko k situaci na hranici s Polskem \u0159ekl, \u017ee boj proti migrant\u016fm pomoc\u00ed tank\u016f je dnes vyd\u00edr\u00e1n\u00edm.<\/strong><\/p>\n<p>\u201eV sou\u010dasn\u00e9m sv\u011bt\u011b br\u00e1t do ruky zbra\u0148 je jako smrt, je to sebevra\u017eda, s t\u00edm mus\u00edte souhlasit. A je\u0161t\u011b v\u00edc tady, ve st\u0159edu Evropy. A t\u00edm sp\u00ed\u0161 s B\u011bloruskem. V\u017edy\u0165 tady, na tomhle kousku zem\u011b v centru za\u010d\u00ednaly v\u0161echny v\u00e1lky, odsud v\u0161echno za\u010d\u00ednalo, co\u017epak v\u00e1s historie ni\u010demu nenau\u010dila?\u201c \u0159ekl v rozhovoru pro \u010dasopis N\u00e1rodn\u00ed obrana. Video rozhovoru bylo uve\u0159ejn\u011bno telegramov\u00fdm kan\u00e1lem Pool prvn\u00edho.<\/p>\n<p>Prezident dodal, \u017ee\u00a0boj proti migrant\u016fm\u00a0pomoc\u00ed tank\u016f je dnes vyd\u00edr\u00e1n\u00ed. \u201eBojovat dnes proti migrant\u016fm pomoc\u00ed Leopard\u016f (tanky &#8211; pozn. red.)? No to promi\u0148te. Jsme p\u0159ece voj\u00e1ci, ch\u00e1peme, co to dnes znamen\u00e1 v\u00e9st v\u00e1lku s t\u011bmito ne\u0161\u0165astn\u00fdmi lidmi na hranici Polska, dejme tomu s B\u011bloruskem, a vys\u00edlat kolony tank\u016f. Je jasn\u00e9, \u017ee jde o n\u011bjak\u00fd n\u00e1cvik nebo vyd\u00edr\u00e1n\u00ed,\u201c prohl\u00e1sil Luka\u0161enko.<\/p>\n<p>\u201eMy tomu samoz\u0159ejm\u011b v klidu \u010del\u00edme, nechov\u00e1me se vyz\u00fdvav\u011b, jak n\u011bkte\u0159\u00ed v Rusku ob\u010das p\u00ed\u0161\u00ed, a s nimi i na\u0161i p\u0159eb\u011bhl\u00edci. Proto\u017ee v\u00edme, \u017ee kdybychom nedej bo\u017ee ud\u011blali chybu, \u0161l\u00e1pli vedle, tak bude okam\u017eit\u011b do tohoto v\u00edru vta\u017eeno Rusko. A to je nejv\u011bt\u0161\u00ed jadern\u00e1 velmoc. Nejsem bl\u00e1zen, je mi absolutn\u011b jasn\u00e9, k \u010demu to m\u016f\u017ee v\u00e9st,\u201c dodal b\u011blorusk\u00fd prezident.<\/p>\n<p>V pond\u011bl\u00ed St\u00e1tn\u00ed pohrani\u010dn\u00ed v\u00fdbor B\u011bloruska informoval, \u017ee k hranici B\u011bloruska s Polskem se vydala velk\u00e1 skupina uprchl\u00edk\u016f ze zem\u00ed V\u00fdchodu a Afriky. Ve\u010der ve v\u00fdboru uvedli, \u017ee\u00a0situace s uprchl\u00edky\u00a0na hranici republiky s Polskem z\u016fst\u00e1v\u00e1 extr\u00e9mn\u011b napjat\u00e1: p\u0159ed polsk\u00fdmi z\u00e1branami na hrani\u010dn\u00ed \u010d\u00e1\u0159e se zastavilo v\u00edce ne\u017e 2 tis\u00edce uprchl\u00edk\u016f, mezi nimi\u017e je mnoho \u017een a d\u011bt\u00ed. Polsk\u00e9 bezpe\u010dnostn\u00ed slo\u017eky je nepou\u0161t\u011bj\u00ed, migranti se pokou\u0161eli bari\u00e9ry p\u0159ekonat.<\/p>\n<p><strong>Jedn\u00e1n\u00ed Putina a Luka\u0161enka<\/strong><\/p>\n<p>Rusk\u00fd prezident Vladimir Putin\u00a0telefonicky hovo\u0159il\u00a0s b\u011blorusk\u00fdm prezidentem Alexandrem Luka\u0161enkem o situaci s uprchl\u00edky na b\u011blorusko-polsk\u00e9 a b\u011blorusko-litevsk\u00e9 hranici, uvedla tiskov\u00e1 slu\u017eba Kremlu.<\/p>\n<p>\u201ePrezidenti si tak\u00e9 vym\u011bnili n\u00e1zory na situaci s uprchl\u00edky na b\u011blorusko-polsk\u00e9 a b\u011blorusko-litevsk\u00e9 hranici,\u201c p\u00ed\u0161e se ve zpr\u00e1v\u011b.<\/p>\n<p><a href=\"https:\/\/cz.sputniknews.com\/20211109\/lukasenko-nazval-boj-polska-proti-migrantum-vydiranim-16457253.html\">ZDROJ<\/a><\/p>\n<p>&nbsp;<\/p>\n","protected":false},"excerpt":{"rendered":"<p>B\u011blorusk\u00fd prezident Alexandr Luka\u0161enko k situaci na hranici s Polskem \u0159ekl, \u017ee boj proti migrant\u016fm&#8230;<\/p>\n","protected":false},"author":2,"featured_media":918,"comment_status":"closed","ping_status":"closed","sticky":false,"template":"","format":"standard","meta":[],"categories":[7],"tags":[150,119,149,31],"_links":{"self":[{"href":"https:\/\/www.infokuryr.cz\/n\/wp-json\/wp\/v2\/posts\/6050"}],"collection":[{"href":"https:\/\/www.infokuryr.cz\/n\/wp-json\/wp\/v2\/posts"}],"about":[{"href":"https:\/\/www.infokuryr.cz\/n\/wp-json\/wp\/v2\/types\/post"}],"author":[{"embeddable":true,"href":"https:\/\/www.infokuryr.cz\/n\/wp-json\/wp\/v2\/users\/2"}],"replies":[{"embeddable":true,"href":"https:\/\/www.infokuryr.cz\/n\/wp-json\/wp\/v2\/comments?post=6050"}],"version-history":[{"count":0,"href":"https:\/\/www.infokuryr.cz\/n\/wp-json\/wp\/v2\/posts\/6050\/revisions"}],"wp:featuredmedia":[{"embeddable":true,"href":"https:\/\/www.infokuryr.cz\/n\/wp-json\/wp\/v2\/media\/918"}],"wp:attachment":[{"href":"https:\/\/www.infokuryr.cz\/n\/wp-json\/wp\/v2\/media?parent=6050"}],"wp:term":[{"taxonomy":"category","embeddable":true,"href":"https:\/\/www.infokuryr.cz\/n\/wp-json\/wp\/v2\/categories?post=6050"},{"taxonomy":"post_tag","embeddable":true,"href":"https:\/\/www.infokuryr.cz\/n\/wp-json\/wp\/v2\/tags?post=6050"}],"curies":[{"name":"wp","href":"https:\/\/api.w.org\/{rel}","templated":true}]}}