{"id":6048,"date":"2021-11-10T03:35:04","date_gmt":"2021-11-10T02:35:04","guid":{"rendered":"http:\/\/www.infokuryr.cz\/n\/?p=6048"},"modified":"2021-11-10T03:35:04","modified_gmt":"2021-11-10T02:35:04","slug":"cina-bude-nadale-podporovat-otevirani-se-v-oblasti-dusevniho-vlastnictvi","status":"publish","type":"post","link":"https:\/\/www.infokuryr.cz\/n\/2021\/11\/10\/cina-bude-nadale-podporovat-otevirani-se-v-oblasti-dusevniho-vlastnictvi\/","title":{"rendered":"\u010c\u00edna bude nad\u00e1le podporovat otev\u00edr\u00e1n\u00ed se v oblasti du\u0161evn\u00edho vlastnictv\u00ed"},"content":{"rendered":"<div id=\"fb-root\"><\/div>\n<p>Mluv\u010d\u00ed \u010d\u00ednsk\u00e9ho ministerstva zahrani\u010dn\u00edch v\u011bc\u00ed Wang Wenbin (Wang Wen-pin) v \u00fater\u00fd na pravideln\u00e9 tiskov\u00e9 konferenci \u0159ekl, \u017ee \u010c\u00edna bude nad\u00e1le podporovat rozs\u00e1hlej\u0161\u00ed, \u0161ir\u0161\u00ed a hlub\u0161\u00ed otev\u00edr\u00e1n\u00ed se sv\u011btu v oblasti du\u0161evn\u00edho vlastnictv\u00ed, bude nad\u00e1le zvy\u0161ovat \u00farove\u0148 mezin\u00e1rodn\u00ed spolupr\u00e1ce s r\u016fzn\u00fdmi stranami v\u010detn\u011b Sv\u011btov\u00e9 organizace du\u0161evn\u00edho vlastnictv\u00ed (WIPO), aby p\u0159isp\u011bla k rovnov\u00e1ze, toleranci a trvale udr\u017eiteln\u00e9mu rozvoji v oblasti du\u0161evn\u00edho vlastnictv\u00ed.<\/p>\n<p>Dne 5. listopadu se v \u0160anghaji konalo f\u00f3rum na vysok\u00e9 \u00farovni u p\u0159\u00edle\u017eitosti 20. v\u00fdro\u010d\u00ed vstupu \u010c\u00edny do WTO. \u00da\u010dastn\u00edci z r\u016fzn\u00fdch zem\u00ed vysoce ocenili v\u00fdznam vstupu \u010c\u00edny do WTO. Mluv\u010d\u00ed \u010d\u00ednsk\u00e9ho ministerstva zahrani\u010dn\u00edch v\u011bc\u00ed Wang Wenbin reagoval tak, \u017ee \u010c\u00edna pova\u017euje p\u0159\u00edle\u017eitost 20. v\u00fdro\u010d\u00ed vstupu do WTO za nov\u00fd start, bude nad\u00e1le zvy\u0161ovat \u00farove\u0148 otev\u00edr\u00e1n\u00ed se sv\u011btu, bude rozhodn\u011b podporovat multilater\u00e1ln\u00ed obchodn\u00ed syst\u00e9m a prohlubovat region\u00e1ln\u00ed a bilater\u00e1ln\u00ed obchodn\u00ed a hospod\u00e1\u0159skou spolupr\u00e1ci.<\/p>\n<p>Podle zpr\u00e1vy americk\u00fd v\u016fdce ned\u00e1vno v prohl\u00e1\u0161en\u00ed kritizoval situaci demokracie a lidsk\u00fdch pr\u00e1v v r\u016fzn\u00fdch zem\u00edch a regionech, a zm\u00ednil tak\u00e9 Hongkong. Wang Wenbin reagoval tak, \u017ee Spojen\u00e9 st\u00e1ty se opakovan\u011b vm\u011b\u0161uj\u00ed do vnit\u0159n\u00edch z\u00e1le\u017eitost\u00ed jin\u00fdch zem\u00ed pod z\u00e1minkou \u201elidsk\u00fdch pr\u00e1v\u201c a demokracie, co\u017e po\u0161kozuje region\u00e1ln\u00ed bezpe\u010dnost. Skute\u010dnost v Ir\u00e1ku, S\u00fdrii a Afgh\u00e1nist\u00e1nu op\u011btovn\u011b ukazuje, \u017ee americk\u00e9 vnucov\u00e1n\u00ed sv\u00e9 demokracie a hodnot jin\u00fdm zem\u00edm p\u0159in\u00e1\u0161\u00ed sv\u011btu chaos a katastrofy sp\u00ed\u0161 ne\u017e stabilitu a prosperitu. Spojen\u00e9 st\u00e1ty p\u0159e\u010derpaly svou d\u016fv\u011bryhodnost ohledn\u011b demokracie a lidsk\u00fdch pr\u00e1v. \u201eAmerick\u00e1 demokracie\u201c je v bankrotu.<\/p>\n<p>Podle zpr\u00e1vy americk\u00e1 vl\u00e1da pl\u00e1nuje od ledna p\u0159\u00ed\u0161t\u00edho roku zah\u00e1jit projekt glob\u00e1ln\u00edho financov\u00e1n\u00ed pro infrastrukturu, kter\u00fd bude konfrontovat \u010d\u00ednskou iniciativu P\u00e1smo a stezka. Wang Wenbin \u0159ekl, \u017ee \u010c\u00edna si p\u0159eje, aby USA ud\u011blaly skute\u010dnou akci na podporu spole\u010dn\u00e9ho rozvoje r\u016fzn\u00fdch zem\u00ed.<\/p>\n<p><img decoding=\"async\" loading=\"lazy\" class=\"alignnone size-full wp-image-1185\" src=\"http:\/\/www.infokuryr.cz\/n\/wp-content\/uploads\/2021\/04\/kuryr-podpis.png\" alt=\"\" width=\"84\" height=\"24\" \/><\/p>\n<p>&nbsp;<\/p>\n","protected":false},"excerpt":{"rendered":"<p>Mluv\u010d\u00ed \u010d\u00ednsk\u00e9ho ministerstva zahrani\u010dn\u00edch v\u011bc\u00ed Wang Wenbin (Wang Wen-pin) v \u00fater\u00fd na pravideln\u00e9 tiskov\u00e9 konferenci&#8230;<\/p>\n","protected":false},"author":2,"featured_media":6049,"comment_status":"closed","ping_status":"closed","sticky":false,"template":"","format":"standard","meta":[],"categories":[7],"tags":[30,1014],"_links":{"self":[{"href":"https:\/\/www.infokuryr.cz\/n\/wp-json\/wp\/v2\/posts\/6048"}],"collection":[{"href":"https:\/\/www.infokuryr.cz\/n\/wp-json\/wp\/v2\/posts"}],"about":[{"href":"https:\/\/www.infokuryr.cz\/n\/wp-json\/wp\/v2\/types\/post"}],"author":[{"embeddable":true,"href":"https:\/\/www.infokuryr.cz\/n\/wp-json\/wp\/v2\/users\/2"}],"replies":[{"embeddable":true,"href":"https:\/\/www.infokuryr.cz\/n\/wp-json\/wp\/v2\/comments?post=6048"}],"version-history":[{"count":0,"href":"https:\/\/www.infokuryr.cz\/n\/wp-json\/wp\/v2\/posts\/6048\/revisions"}],"wp:featuredmedia":[{"embeddable":true,"href":"https:\/\/www.infokuryr.cz\/n\/wp-json\/wp\/v2\/media\/6049"}],"wp:attachment":[{"href":"https:\/\/www.infokuryr.cz\/n\/wp-json\/wp\/v2\/media?parent=6048"}],"wp:term":[{"taxonomy":"category","embeddable":true,"href":"https:\/\/www.infokuryr.cz\/n\/wp-json\/wp\/v2\/categories?post=6048"},{"taxonomy":"post_tag","embeddable":true,"href":"https:\/\/www.infokuryr.cz\/n\/wp-json\/wp\/v2\/tags?post=6048"}],"curies":[{"name":"wp","href":"https:\/\/api.w.org\/{rel}","templated":true}]}}