{"id":60457,"date":"2024-08-22T00:41:16","date_gmt":"2024-08-21T22:41:16","guid":{"rendered":"https:\/\/www.infokuryr.cz\/n\/?p=60457"},"modified":"2024-08-21T14:57:36","modified_gmt":"2024-08-21T12:57:36","slug":"hizballah-zautocil-na-severni-izrael-palbou-raket","status":"publish","type":"post","link":"https:\/\/www.infokuryr.cz\/n\/2024\/08\/22\/hizballah-zautocil-na-severni-izrael-palbou-raket\/","title":{"rendered":"Hizball\u00e1h za\u00fato\u010dil na severn\u00ed Izrael palbou raket"},"content":{"rendered":"<div id=\"fb-root\"><\/div>\n<p><strong><span>Izraelsk\u00e1 arm\u00e1da a libanonsk\u00fd Hizball\u00e1h si nad\u00e1le denn\u011b vym\u011b\u0148uj\u00ed d\u011blost\u0159eleckou palbu v ji\u017en\u00edm Libanonu. Hizball\u00e1h \u00fato\u010d\u00ed na pozice a z\u00e1kladny izraelsk\u00e9 arm\u00e1dy v regionu pomoc\u00ed lehk\u00fdch raket, sebevra\u017eedn\u00fdch dron\u016f a protipanc\u00e9\u0159ov\u00fdch st\u0159el.<\/span><\/strong><\/p>\n<p><span>Hizball\u00e1h dnes r\u00e1no vyp\u00e1lil nejm\u00e9n\u011b 80 raket na pozice izraelsk\u00e9 arm\u00e1dy na severu okupovan\u00fdch \u00fazem\u00ed. Podle izraelsk\u00e9ho televizn\u00edho kan\u00e1lu 12 bylo na z\u00e1padn\u00ed Galileu vyp\u00e1leno 20 raket.<\/span><\/p>\n<p><span>M\u00e9dia napojen\u00e1 na Hizball\u00e1h uvedla, \u017ee v reakci na \u00fatoky izraelsk\u00fdch st\u00edha\u010dek na provincii Bek\u00e1a ve v\u00fdchodn\u00edm Libanonu v\u010dera ve\u010der vyp\u00e1lil Hizball\u00e1h des\u00edtky raket na velitelstv\u00ed 210. golansk\u00e9 divize na z\u00e1kladn\u011b Nafah a tak\u00e9 na velitelstv\u00ed d\u011blost\u0159eleck\u00fd pluk a 210. obrn\u011bn\u00e1 brig\u00e1da v kas\u00e1rn\u00e1ch Yarden na okupovan\u00fdch Golanech.<\/span><\/p>\n<p><span>Tyto \u00fatoky si nevy\u017e\u00e1daly ztr\u00e1ty na \u017eivotech, ale zp\u016fsobily zk\u00e1zu a po\u017e\u00e1ry v n\u011bkter\u00fdch oblastech okupovan\u00fdch Golan.<\/span><\/p>\n<p><a href=\"https:\/\/s5.cdnstatic.space\/wp-content\/uploads\/2024\/08\/Hezbollah-rocket-attack-in-Golan-1.jpg\" target=\"_blank\" rel=\"noopener\"><img decoding=\"async\" loading=\"lazy\" class=\"aligncenter wp-image-209254\" title=\"Hizball\u00e1h za\u00fato\u010dil na severn\u00ed Izrael palbou raket\" src=\"https:\/\/s5.cdnstatic.space\/wp-content\/uploads\/2024\/08\/Hezbollah-rocket-attack-in-Golan-1-304x300.jpg\" sizes=\"(max-width: 600px) 100vw, 600px\" srcset=\"https:\/\/s5.cdnstatic.space\/wp-content\/uploads\/2024\/08\/Hezbollah-rocket-attack-in-Golan-1-304x300.jpg 304w, https:\/\/s5.cdnstatic.space\/wp-content\/uploads\/2024\/08\/Hezbollah-rocket-attack-in-Golan-1-768x758.jpg 768w, https:\/\/s5.cdnstatic.space\/wp-content\/uploads\/2024\/08\/Hezbollah-rocket-attack-in-Golan-1-75x75.jpg 75w, https:\/\/s5.cdnstatic.space\/wp-content\/uploads\/2024\/08\/Hezbollah-rocket-attack-in-Golan-1-45x45.jpg 45w, https:\/\/s5.cdnstatic.space\/wp-content\/uploads\/2024\/08\/Hezbollah-rocket-attack-in-Golan-1.jpg 960w\" alt=\"Hizball\u00e1h za\u00fato\u010dil na severn\u00ed Izrael palbou raket\" width=\"600\" height=\"592\" \/><\/a><\/p>\n<p><a href=\"https:\/\/s5.cdnstatic.space\/wp-content\/uploads\/2024\/08\/Hezbollah-rocket-attack-in-Golan-2.jpg\" target=\"_blank\" rel=\"noopener\"><img decoding=\"async\" loading=\"lazy\" class=\"aligncenter wp-image-209255\" title=\"Hizball\u00e1h za\u00fato\u010dil na severn\u00ed Izrael palbou raket\" src=\"https:\/\/s5.cdnstatic.space\/wp-content\/uploads\/2024\/08\/Hezbollah-rocket-attack-in-Golan-2-490x275.jpg\" sizes=\"(max-width: 600px) 100vw, 600px\" srcset=\"https:\/\/s5.cdnstatic.space\/wp-content\/uploads\/2024\/08\/Hezbollah-rocket-attack-in-Golan-2-490x275.jpg 490w, https:\/\/s5.cdnstatic.space\/wp-content\/uploads\/2024\/08\/Hezbollah-rocket-attack-in-Golan-2-1024x575.jpg 1024w, https:\/\/s5.cdnstatic.space\/wp-content\/uploads\/2024\/08\/Hezbollah-rocket-attack-in-Golan-2-768x431.jpg 768w, https:\/\/s5.cdnstatic.space\/wp-content\/uploads\/2024\/08\/Hezbollah-rocket-attack-in-Golan-2.jpg 1280w\" alt=\"Hizball\u00e1h za\u00fato\u010dil na severn\u00ed Izrael palbou raket\" width=\"600\" height=\"337\" \/><\/a><\/p>\n<p><a href=\"https:\/\/s5.cdnstatic.space\/wp-content\/uploads\/2024\/08\/Hezbollah-rocket-attack-in-Golan-3.jpg\" target=\"_blank\" rel=\"noopener\"><img decoding=\"async\" loading=\"lazy\" class=\"aligncenter wp-image-209256\" title=\"Hizball\u00e1h za\u00fato\u010dil na severn\u00ed Izrael palbou raket\" src=\"https:\/\/s5.cdnstatic.space\/wp-content\/uploads\/2024\/08\/Hezbollah-rocket-attack-in-Golan-3-490x276.jpg\" sizes=\"(max-width: 600px) 100vw, 600px\" srcset=\"https:\/\/s5.cdnstatic.space\/wp-content\/uploads\/2024\/08\/Hezbollah-rocket-attack-in-Golan-3-490x276.jpg 490w, https:\/\/s5.cdnstatic.space\/wp-content\/uploads\/2024\/08\/Hezbollah-rocket-attack-in-Golan-3-1024x576.jpg 1024w, https:\/\/s5.cdnstatic.space\/wp-content\/uploads\/2024\/08\/Hezbollah-rocket-attack-in-Golan-3-768x432.jpg 768w, https:\/\/s5.cdnstatic.space\/wp-content\/uploads\/2024\/08\/Hezbollah-rocket-attack-in-Golan-3.jpg 1280w\" alt=\"Hizball\u00e1h za\u00fato\u010dil na severn\u00ed Izrael palbou raket\" width=\"600\" height=\"338\" \/><\/a><\/p>\n<div id=\"attachment_209257\" class=\"wp-caption aligncenter\" style=\"width: 609px;\"><a href=\"https:\/\/s5.cdnstatic.space\/wp-content\/uploads\/2024\/08\/Hezbollah-rocket-attack-in-Golan-4.jpg\" target=\"_blank\" rel=\"noopener\"><img decoding=\"async\" loading=\"lazy\" class=\"wp-image-209257\" title=\"Hizball\u00e1h za\u00fato\u010dil na severn\u00ed Izrael palbou raket\" src=\"https:\/\/s5.cdnstatic.space\/wp-content\/uploads\/2024\/08\/Hezbollah-rocket-attack-in-Golan-4-490x276.jpg\" sizes=\"(max-width: 600px) 100vw, 600px\" srcset=\"https:\/\/s5.cdnstatic.space\/wp-content\/uploads\/2024\/08\/Hezbollah-rocket-attack-in-Golan-4-490x276.jpg 490w, https:\/\/s5.cdnstatic.space\/wp-content\/uploads\/2024\/08\/Hezbollah-rocket-attack-in-Golan-4-1024x576.jpg 1024w, https:\/\/s5.cdnstatic.space\/wp-content\/uploads\/2024\/08\/Hezbollah-rocket-attack-in-Golan-4-768x432.jpg 768w, https:\/\/s5.cdnstatic.space\/wp-content\/uploads\/2024\/08\/Hezbollah-rocket-attack-in-Golan-4.jpg 1280w\" alt=\"Hizball\u00e1h za\u00fato\u010dil na severn\u00ed Izrael palbou raket\" width=\"609\" height=\"343\" aria-describedby=\"caption-attachment-209257\" \/><\/a><\/p>\n<p id=\"caption-attachment-209257\" class=\"wp-caption-text\"><span>Kliknut\u00edm zobraz\u00edte obr\u00e1zek v pln\u00e9 velikosti<\/span><\/p>\n<\/div>\n<p><span>V\u010dera, 19. srpna, zam\u00ed\u0159il libanonsk\u00fd Hizball\u00e1h n\u011bkolika sebevra\u017eedn\u00fdmi drony na velitelstv\u00ed izraelsk\u00e9 arm\u00e1dy v oblasti Ya`ara a z\u00e1kladnu Sanat Chin severn\u011b od Akkonu. P\u0159i tomto \u00fatoku byl zabit jeden izraelsk\u00fd voj\u00e1k a \u0161est dal\u0161\u00edch bylo zran\u011bno.<\/span><\/p>\n<p><span>Na druh\u00e9 stran\u011b izraelsk\u00e9 st\u00edha\u010dky zam\u011b\u0159uj\u00ed pomoc\u00ed t\u011b\u017ek\u00fdch bomb na v\u00fdchodn\u00ed a ji\u017en\u00ed m\u011bsta Libanonu. B\u011bhem uplynul\u00e9ho dne a dne\u0161ka provedly izraelsk\u00e9 st\u00edha\u010dky des\u00edtky \u00fatok\u016f na ji\u017en\u00ed a v\u00fdchodn\u00ed oblasti Libanonu, jako jsou Aita al-Shaab, Tayirharfa, Tayyaba, Khiam, Naqourah a Bayut al-Siyad, al-Mansouri a Deir. Seryan.<\/span><\/p>\n<p><span>Pokra\u010duj\u00ed tak\u00e9 izraelsk\u00e9 c\u00edlen\u00e9 atent\u00e1ty proti sil\u00e1m a velitel\u016fm Hizball\u00e1hu. 19. srpna za\u00fato\u010dily izraelsk\u00e9 drony na osobn\u00ed automobil na silnici Deir Qunon-Ras Al Ain. B\u011bhem tohoto atent\u00e1tu byl zabit Libanonec.<\/span><\/p>\n<div style=\"width: 272px;\" class=\"wp-video\"><!--[if lt IE 9]><script>document.createElement('video');<\/script><![endif]-->\n<video class=\"wp-video-shortcode\" id=\"video-60457-1\" width=\"272\" height=\"480\" preload=\"metadata\" controls=\"controls\"><source type=\"video\/mp4\" src=\"http:\/\/www.infokuryr.cz\/n\/wp-content\/uploads\/2024\/08\/Israel-drone-attack.mp4?_=1\" \/><a href=\"http:\/\/www.infokuryr.cz\/n\/wp-content\/uploads\/2024\/08\/Israel-drone-attack.mp4\">http:\/\/www.infokuryr.cz\/n\/wp-content\/uploads\/2024\/08\/Israel-drone-attack.mp4<\/a><\/video><\/div>\n<div><\/div>\n<p><span>St\u0159ety pokra\u010duj\u00ed v ji\u017en\u00edm Libanonu, zat\u00edmco ob\u011bti Hizball\u00e1hu pomalu p\u0159ib\u00fdvaj\u00ed. B\u011bhem posledn\u00edch dvou dn\u016f Hizball\u00e1h zve\u0159ejnil jm\u00e9na sedmi sv\u00fdch \u010dlen\u016f, kte\u0159\u00ed byli zabiti v ji\u017en\u00edm Libanonu. V\u011bt\u0161ina z t\u011bchto jedinc\u016f byla zabita v d\u016fsledku t\u011b\u017ek\u00e9ho bombardov\u00e1n\u00ed izraelsk\u00fdmi v\u00e1le\u010dn\u00fdmi letouny v ji\u017en\u00edm Libanonu.<\/span><\/p>\n<p><span>Podle dostupn\u00fdch informac\u00ed dos\u00e1hly ztr\u00e1ty Hizball\u00e1hu 400. Zat\u00edmco Hizball\u00e1h ofici\u00e1ln\u011b oznamuje sv\u00e9 vojensk\u00e9 ztr\u00e1ty, zd\u00e1 se, \u017ee izraelsk\u00fd re\u017eim se vyh\u00fdb\u00e1 poskytov\u00e1n\u00ed skute\u010dn\u00fdch statistik sv\u00fdch ob\u011bt\u00ed na severn\u00edch front\u00e1ch.<\/span><\/p>\n<p><span>Izraelsk\u00fd ministr obrany Yoav Galant v\u010dera ve\u010der p\u0159i n\u00e1v\u0161t\u011bv\u011b 36. divize v severn\u00edm Izraeli \u0159ekl, \u017ee t\u011b\u017ei\u0161t\u011b Izraele se postupn\u011b p\u0159esouv\u00e1 z p\u00e1sma Gazy na severn\u00ed frontu, proto\u017ee Izrael se p\u0159ipravuje na velkou eskalaci s libanonsk\u00fdm Hizball\u00e1hem. Gallantova slova odkazuj\u00ed na sou\u010dasn\u00e1 jedn\u00e1n\u00ed o p\u0159\u00edm\u011b\u0159\u00ed v P\u00e1smu Gazy a dohodu o v\u00fdm\u011bn\u011b zajatc\u016f.<\/span><\/p>\n<div id=\"attachment_209259\" class=\"wp-caption aligncenter\" style=\"width: 609px;\"><a href=\"https:\/\/s5.cdnstatic.space\/wp-content\/uploads\/2024\/08\/Defense_Minister_Yoav_Gallant_meets_with_36th_Division_commander.jpg\" target=\"_blank\" rel=\"noopener\"><img decoding=\"async\" loading=\"lazy\" class=\"wp-image-209259\" title=\"Hizball\u00e1h za\u00fato\u010dil na severn\u00ed Izrael palbou raket\" src=\"https:\/\/s5.cdnstatic.space\/wp-content\/uploads\/2024\/08\/Defense_Minister_Yoav_Gallant_meets_with_36th_Division_commander-385x300.jpg\" sizes=\"(max-width: 600px) 100vw, 600px\" srcset=\"https:\/\/s5.cdnstatic.space\/wp-content\/uploads\/2024\/08\/Defense_Minister_Yoav_Gallant_meets_with_36th_Division_commander-385x300.jpg 385w, https:\/\/s5.cdnstatic.space\/wp-content\/uploads\/2024\/08\/Defense_Minister_Yoav_Gallant_meets_with_36th_Division_commander-1024x798.jpg 1024w, https:\/\/s5.cdnstatic.space\/wp-content\/uploads\/2024\/08\/Defense_Minister_Yoav_Gallant_meets_with_36th_Division_commander-768x599.jpg 768w, https:\/\/s5.cdnstatic.space\/wp-content\/uploads\/2024\/08\/Defense_Minister_Yoav_Gallant_meets_with_36th_Division_commander.jpg 1280w\" alt=\"Hizball\u00e1h za\u00fato\u010dil na severn\u00ed Izrael palbou raket\" width=\"609\" height=\"475\" aria-describedby=\"caption-attachment-209259\" \/><\/a><\/p>\n<p id=\"caption-attachment-209259\" class=\"wp-caption-text\"><span>Yoav Gallant se setk\u00e1v\u00e1 s velitelem 36. divize brig. Gen. Dado Bar Kalifa na z\u00e1kladn\u011b v severn\u00edm Izraeli (Ariel Hermoni\/IDF)<\/span><\/p>\n<\/div>\n<p><span>Rozhovory o p\u0159\u00edm\u011b\u0159\u00ed se konaly ve \u010dtvrtek a p\u00e1tek minul\u00fd t\u00fdden v katarsk\u00e9m Dauh\u00e1, ani\u017e by dos\u00e1hly n\u011bjak\u00e9ho konkr\u00e9tn\u00edho \u00fasp\u011bchu. Dal\u0161\u00ed kolo jedn\u00e1n\u00ed se bude konat tento t\u00fdden v K\u00e1hi\u0159e, hlavn\u00edm m\u011bst\u011b Egypta, mezi zprost\u0159edkovateli a p\u0159edstaviteli izraelsk\u00e9 arm\u00e1dy a tajn\u00fdch slu\u017eeb.<\/span><\/p>\n<p><span>V\u00fdsledky t\u011bchto jedn\u00e1n\u00ed jsou pro Izrael velmi d\u016fle\u017eit\u00e9. Izrael v sou\u010dasnosti bojuje na dvou front\u00e1ch, severn\u00ed a ji\u017en\u00ed. Na jedn\u00e9 stran\u011b izraelsk\u00e1 arm\u00e1da soust\u0159edila t\u00e9m\u011b\u0159 polovinu sv\u00fdch sil na severu a druh\u00e1 polovina je obsazena na ji\u017en\u00ed front\u011b. V sou\u010dasn\u00e9 dob\u011b proto izraelsk\u00e1 arm\u00e1da nen\u00ed schopna prov\u00e9st v\u011bt\u0161\u00ed operaci na severn\u00ed front\u011b.<\/span><\/p>\n<p><span>Dosa\u017een\u00edm vhodn\u00e9 dohody na jihu p\u00e1sma Gazy bude m\u00edt izraelsk\u00e1 arm\u00e1da p\u0159\u00edle\u017eitost pos\u00edlit sv\u00e9 s\u00edly a vybaven\u00ed na severn\u00ed front\u011b, co\u017e jim umo\u017en\u00ed l\u00e9pe bojovat proti Hizball\u00e1hu a p\u0159ipravit cestu pro n\u00e1vrat uprchl\u00edk\u016f do severn\u00edch zem\u00ed. .<\/span><\/p>\n<p><strong><span>Vojensk\u00e9 operace pod\u00e9l severn\u00edch hranic vedly k rozs\u00e1hl\u00fdm evakuac\u00edm osad. Podle posledn\u00edch zpr\u00e1v bylo v d\u016fsledku v\u00e1lky vys\u00eddleno v\u00edce ne\u017e 250 000 izraelsk\u00fdch ob\u010dan\u016f, p\u0159i\u010dem\u017e asi 164 000 bylo na\u0159\u00edzeno nebo doporu\u010deno evakuovat s vl\u00e1dn\u00ed kompenzac\u00ed a t\u00e9m\u011b\u0159 150 000 bylo evakuov\u00e1no bez po\u017e\u00e1d\u00e1n\u00ed. Po\u010det izraelsk\u00fdch uprchl\u00edk\u016f se ka\u017ed\u00fdm dnem zvy\u0161uje.<\/span><\/strong><\/p>\n<p><img decoding=\"async\" loading=\"lazy\" class=\"alignnone size-full wp-image-1185\" src=\"http:\/\/www.infokuryr.cz\/n\/wp-content\/uploads\/2021\/04\/kuryr-podpis.png\" alt=\"\" width=\"84\" height=\"24\" \/><\/p>\n<p>&nbsp;<\/p>\n","protected":false},"excerpt":{"rendered":"<p>Izraelsk\u00e1 arm\u00e1da a libanonsk\u00fd Hizball\u00e1h si nad\u00e1le denn\u011b vym\u011b\u0148uj\u00ed d\u011blost\u0159eleckou palbu v ji\u017en\u00edm Libanonu. Hizball\u00e1h&#8230;<\/p>\n","protected":false},"author":2,"featured_media":60459,"comment_status":"closed","ping_status":"closed","sticky":false,"template":"","format":"standard","meta":[],"categories":[7],"tags":[6772,107,2674,889],"_links":{"self":[{"href":"https:\/\/www.infokuryr.cz\/n\/wp-json\/wp\/v2\/posts\/60457"}],"collection":[{"href":"https:\/\/www.infokuryr.cz\/n\/wp-json\/wp\/v2\/posts"}],"about":[{"href":"https:\/\/www.infokuryr.cz\/n\/wp-json\/wp\/v2\/types\/post"}],"author":[{"embeddable":true,"href":"https:\/\/www.infokuryr.cz\/n\/wp-json\/wp\/v2\/users\/2"}],"replies":[{"embeddable":true,"href":"https:\/\/www.infokuryr.cz\/n\/wp-json\/wp\/v2\/comments?post=60457"}],"version-history":[{"count":0,"href":"https:\/\/www.infokuryr.cz\/n\/wp-json\/wp\/v2\/posts\/60457\/revisions"}],"wp:featuredmedia":[{"embeddable":true,"href":"https:\/\/www.infokuryr.cz\/n\/wp-json\/wp\/v2\/media\/60459"}],"wp:attachment":[{"href":"https:\/\/www.infokuryr.cz\/n\/wp-json\/wp\/v2\/media?parent=60457"}],"wp:term":[{"taxonomy":"category","embeddable":true,"href":"https:\/\/www.infokuryr.cz\/n\/wp-json\/wp\/v2\/categories?post=60457"},{"taxonomy":"post_tag","embeddable":true,"href":"https:\/\/www.infokuryr.cz\/n\/wp-json\/wp\/v2\/tags?post=60457"}],"curies":[{"name":"wp","href":"https:\/\/api.w.org\/{rel}","templated":true}]}}