{"id":60454,"date":"2024-08-22T00:40:45","date_gmt":"2024-08-21T22:40:45","guid":{"rendered":"https:\/\/www.infokuryr.cz\/n\/?p=60454"},"modified":"2024-08-21T14:54:15","modified_gmt":"2024-08-21T12:54:15","slug":"v-italii-se-siri-nepokoje-ve-veznicich-protoze-policejni-odbory-vyzyvaji-k-nalehavym-opatrenim-ke-zmirneni-preplnenosti","status":"publish","type":"post","link":"https:\/\/www.infokuryr.cz\/n\/2024\/08\/22\/v-italii-se-siri-nepokoje-ve-veznicich-protoze-policejni-odbory-vyzyvaji-k-nalehavym-opatrenim-ke-zmirneni-preplnenosti\/","title":{"rendered":"V It\u00e1lii se \u0161\u00ed\u0159\u00ed nepokoje ve v\u011bznic\u00edch, proto\u017ee policejn\u00ed odbory vyz\u00fdvaj\u00ed k nal\u00e9hav\u00fdm opat\u0159en\u00edm ke zm\u00edrn\u011bn\u00ed p\u0159epln\u011bnosti"},"content":{"rendered":"<div id=\"fb-root\"><\/div>\n<h2 class=\"s-tagline fw-tagline\">V It\u00e1lii do\u0161lo k n\u011bkolika v\u011bze\u0148sk\u00fdm povst\u00e1n\u00edm, v\u010detn\u011b Tur\u00edna, Bari a \u0158\u00edma<\/h2>\n<div class=\"e-ct-outer\">\n<div class=\"entry-content rbct clearfix is-highlight-shares\">\n<p><a href=\"https:\/\/magyarnemzet.hu\/kulfold\/2024\/08\/folytatodnak-a-bortonlazadasok-olaszorszagban\">V italsk\u00fdch v\u011bznic\u00edch<\/a> vypukly v jedn\u00e9 za druhou nepokoje, kter\u00e9 spustily znepokojivou \u0159et\u011bzovou reakci.<\/p>\n<p>Minul\u00fd t\u00fdden v Tur\u00edn\u011b a tento v\u00edkend v Bari a \u0158\u00edm\u011b trestanci obr\u00e1tili v\u011bznice vzh\u016fru nohama. V Bari byla zajatcem v\u011bz\u0148\u016f, kte\u0159\u00ed se sna\u017eili uprchnout, sestra. Str\u00e1\u017ece, kter\u00fd ji p\u0159isp\u011bchal zachr\u00e1nit, byl v\u00e1\u017en\u011b zran\u011bn, kdy\u017e ho napadli v\u011bzni.<\/p>\n<p>Incident vyvolal vol\u00e1n\u00ed po vl\u00e1d\u011b, aby urychlen\u011b na\u0161la \u0159e\u0161en\u00ed, jak zm\u00edrnit p\u0159elidn\u011bn\u00ed a vytvo\u0159it podm\u00ednky pro \u017eivot, p\u0159i\u010dem\u017e kritici varuj\u00ed, \u017ee situace bude jen eskalovat.<\/p>\n<p>Ve v\u011bznici Regina Coeli v \u0158\u00edm\u011b se dozorci dva dny sna\u017eili dostat nepokoje pod kontrolu. Podle zpr\u00e1v se k povst\u00e1n\u00ed v \u0159\u00edmsk\u00e9m zadr\u017eovac\u00edm centru p\u0159ipojilo 200 v\u011bz\u0148\u016f. Cely byly zdemolov\u00e1ny, okna rozbita, matrace a oble\u010den\u00ed sp\u00e1len\u00e9 a voda zaplavila chodbu.<\/p>\n<p>Policejn\u00ed odbory vyj\u00e1d\u0159ily sv\u00e9 znepokojen\u00ed nad systematick\u00fdm organizov\u00e1n\u00edm nepokoj\u016f a vyzvaly k zaveden\u00ed p\u0159\u00edsn\u00fdch trest\u016f k potla\u010den\u00ed podn\u011bcovatel\u016f.<\/p>\n<p>Podle statistik do\u0161lo od za\u010d\u00e1tku roku k t\u00e9m\u011b\u0159 2000 p\u0159\u00edpad\u016fm z\u00e1va\u017en\u00e9 agrese v\u016f\u010di p\u0159\u00edslu\u0161n\u00edk\u016fm policejn\u00edho sboru. Dramatickou situaci dokresluje fakt, \u017ee sedm v\u011bze\u0148sk\u00fdch dozorc\u016f letos sp\u00e1chalo sebevra\u017edu.<\/p>\n<p>Mezi v\u011bzni do\u0161lo tak\u00e9 ke t\u0159em vra\u017ed\u00e1m v cel\u00e1ch, nejv\u00edce za posledn\u00ed roky.<\/p>\n<p><img decoding=\"async\" loading=\"lazy\" class=\"alignnone size-full wp-image-1185\" src=\"http:\/\/www.infokuryr.cz\/n\/wp-content\/uploads\/2021\/04\/kuryr-podpis.png\" alt=\"\" width=\"84\" height=\"24\" \/><\/p>\n<p>&nbsp;<\/p>\n<\/div>\n<\/div>\n","protected":false},"excerpt":{"rendered":"<p>V It\u00e1lii do\u0161lo k n\u011bkolika v\u011bze\u0148sk\u00fdm povst\u00e1n\u00edm, v\u010detn\u011b Tur\u00edna, Bari a \u0158\u00edma V italsk\u00fdch v\u011bznic\u00edch&#8230;<\/p>\n","protected":false},"author":2,"featured_media":60455,"comment_status":"closed","ping_status":"closed","sticky":false,"template":"","format":"standard","meta":[],"categories":[7],"tags":[191,1135,1598,4501],"_links":{"self":[{"href":"https:\/\/www.infokuryr.cz\/n\/wp-json\/wp\/v2\/posts\/60454"}],"collection":[{"href":"https:\/\/www.infokuryr.cz\/n\/wp-json\/wp\/v2\/posts"}],"about":[{"href":"https:\/\/www.infokuryr.cz\/n\/wp-json\/wp\/v2\/types\/post"}],"author":[{"embeddable":true,"href":"https:\/\/www.infokuryr.cz\/n\/wp-json\/wp\/v2\/users\/2"}],"replies":[{"embeddable":true,"href":"https:\/\/www.infokuryr.cz\/n\/wp-json\/wp\/v2\/comments?post=60454"}],"version-history":[{"count":1,"href":"https:\/\/www.infokuryr.cz\/n\/wp-json\/wp\/v2\/posts\/60454\/revisions"}],"predecessor-version":[{"id":60456,"href":"https:\/\/www.infokuryr.cz\/n\/wp-json\/wp\/v2\/posts\/60454\/revisions\/60456"}],"wp:featuredmedia":[{"embeddable":true,"href":"https:\/\/www.infokuryr.cz\/n\/wp-json\/wp\/v2\/media\/60455"}],"wp:attachment":[{"href":"https:\/\/www.infokuryr.cz\/n\/wp-json\/wp\/v2\/media?parent=60454"}],"wp:term":[{"taxonomy":"category","embeddable":true,"href":"https:\/\/www.infokuryr.cz\/n\/wp-json\/wp\/v2\/categories?post=60454"},{"taxonomy":"post_tag","embeddable":true,"href":"https:\/\/www.infokuryr.cz\/n\/wp-json\/wp\/v2\/tags?post=60454"}],"curies":[{"name":"wp","href":"https:\/\/api.w.org\/{rel}","templated":true}]}}