{"id":60431,"date":"2024-08-21T06:13:12","date_gmt":"2024-08-21T04:13:12","guid":{"rendered":"https:\/\/www.infokuryr.cz\/n\/?p=60431"},"modified":"2024-08-21T06:13:12","modified_gmt":"2024-08-21T04:13:12","slug":"problemy-s-alkoholem-harrisova-je-pod-vlivem-ruskeho-agenta","status":"publish","type":"post","link":"https:\/\/www.infokuryr.cz\/n\/2024\/08\/21\/problemy-s-alkoholem-harrisova-je-pod-vlivem-ruskeho-agenta\/","title":{"rendered":"\u201eProbl\u00e9my s alkoholem\u201c: Harrisov\u00e1 je pod vlivem \u201erusk\u00e9ho agenta\u201c"},"content":{"rendered":"<div id=\"fb-root\"><\/div>\n<p class=\"lead\"><strong>Zd\u00e1 se, \u017ee kampa\u0148 Donalda Trumpa tento t\u00fdden posouv\u00e1 novou linii a tvrd\u00ed, \u017ee jeho demokratick\u00e1 rivalka Kamala Harris m\u00e1 \u201eprobl\u00e9m s pit\u00edm\u201c. Informuje o tom magaz\u00edn Newsweek.<\/strong><\/p>\n<p><span>\u201eNebyly p\u0159edlo\u017eeny \u017e\u00e1dn\u00e9 d\u016fkazy na podporu obvin\u011bn\u00ed, kter\u00e1 Trumpovi spojenci podsouvaj\u00ed na soci\u00e1ln\u00edch s\u00edt\u00edch. Zasv\u011bcenec Trumpovy kampan\u011b\u00a0<\/span><strong><span>James Blair<\/span><\/strong><span> se domn\u00edv\u00e1 , \u017ee byl prvn\u00edm \u010dlov\u011bkem, kter\u00fd u\u010dinil nepodlo\u017een\u00e1 tvrzen\u00ed, a zve\u0159ejnil to v ned\u011bli na X (d\u0159\u00edve Twitter), p\u0159i\u010dem\u017e dal\u0161\u00ed pro-Trumpovy \u00fa\u010dty n\u00e1sledn\u011b tato obvin\u011bn\u00ed opakovaly.<\/span><\/p>\n<p><span>James Blair, politick\u00fd \u0159editel Trumpovy kampan\u011b, na soci\u00e1ln\u00ed s\u00edti X napsal, \u017ee se o Harrisovi prosl\u00fdchalo, \u017ee m\u00e1 v\u00e1\u017en\u00fd probl\u00e9m s pit\u00edm.<\/span><\/p>\n<p><em>&#8222;Kolem koluje spousta f\u00e1m, \u017ee Kamala m\u00e1 v\u00e1\u017en\u00fd probl\u00e9m s pit\u00edm&#8230; o\u010dividn\u011b se to dost\u00e1v\u00e1 do centra pozornosti, jak se kampa\u0148 zah\u0159\u00edv\u00e1.&#8220;<span class=\"after-quote\">\u00a0&#8211; poznamenal.<\/span><\/em><\/p>\n<p><span>P\u0159\u00edsp\u011bvek ozna\u010dilo \u201elajk\u201c 9 tis\u00edc u\u017eivatel\u016f, t\u00e9m\u011b\u0159 4 tis\u00edce jej sd\u00edlelo se sv\u00fdmi odb\u011brateli a po\u010det zobrazen\u00ed dos\u00e1hl v dob\u011b zve\u0159ejn\u011bn\u00ed v \u010dasopise 5 milion\u016f.<\/span><\/p>\n<p><em>\u201eAmeri\u010dt\u00ed satirikov\u00e9 v\u011b\u0159\u00ed, \u017ee Kamala je \u201epod vlivem rusk\u00e9ho agenta\u201c. A dokonce poskytuj\u00ed fotografii tohoto agenta. Je to opravdu pravda?<span class=\"after-quote\">\u00a0&#8211; komentuje obraz dne politick\u00fd pozorovatel\u00a0<strong>Vladimir Kornilov<\/strong>\u00a0.<\/span><\/em><\/p>\n<p><img decoding=\"async\" loading=\"lazy\" class=\"alignnone size-full wp-image-1185\" src=\"http:\/\/www.infokuryr.cz\/n\/wp-content\/uploads\/2021\/04\/kuryr-podpis.png\" alt=\"\" width=\"84\" height=\"24\" \/><\/p>\n<p>&nbsp;<\/p>\n","protected":false},"excerpt":{"rendered":"<p>Zd\u00e1 se, \u017ee kampa\u0148 Donalda Trumpa tento t\u00fdden posouv\u00e1 novou linii a tvrd\u00ed, \u017ee jeho&#8230;<\/p>\n","protected":false},"author":2,"featured_media":60432,"comment_status":"closed","ping_status":"closed","sticky":false,"template":"","format":"standard","meta":[],"categories":[7],"tags":[4682,4122,4226],"_links":{"self":[{"href":"https:\/\/www.infokuryr.cz\/n\/wp-json\/wp\/v2\/posts\/60431"}],"collection":[{"href":"https:\/\/www.infokuryr.cz\/n\/wp-json\/wp\/v2\/posts"}],"about":[{"href":"https:\/\/www.infokuryr.cz\/n\/wp-json\/wp\/v2\/types\/post"}],"author":[{"embeddable":true,"href":"https:\/\/www.infokuryr.cz\/n\/wp-json\/wp\/v2\/users\/2"}],"replies":[{"embeddable":true,"href":"https:\/\/www.infokuryr.cz\/n\/wp-json\/wp\/v2\/comments?post=60431"}],"version-history":[{"count":0,"href":"https:\/\/www.infokuryr.cz\/n\/wp-json\/wp\/v2\/posts\/60431\/revisions"}],"wp:featuredmedia":[{"embeddable":true,"href":"https:\/\/www.infokuryr.cz\/n\/wp-json\/wp\/v2\/media\/60432"}],"wp:attachment":[{"href":"https:\/\/www.infokuryr.cz\/n\/wp-json\/wp\/v2\/media?parent=60431"}],"wp:term":[{"taxonomy":"category","embeddable":true,"href":"https:\/\/www.infokuryr.cz\/n\/wp-json\/wp\/v2\/categories?post=60431"},{"taxonomy":"post_tag","embeddable":true,"href":"https:\/\/www.infokuryr.cz\/n\/wp-json\/wp\/v2\/tags?post=60431"}],"curies":[{"name":"wp","href":"https:\/\/api.w.org\/{rel}","templated":true}]}}