{"id":60424,"date":"2024-08-21T05:28:57","date_gmt":"2024-08-21T03:28:57","guid":{"rendered":"https:\/\/www.infokuryr.cz\/n\/?p=60424"},"modified":"2024-08-21T05:39:00","modified_gmt":"2024-08-21T03:39:00","slug":"v-moskevske-oblasti-v-noci-na-dnesek-sestrelily-tri-ukrajinske-utocne-drony","status":"publish","type":"post","link":"https:\/\/www.infokuryr.cz\/n\/2024\/08\/21\/v-moskevske-oblasti-v-noci-na-dnesek-sestrelily-tri-ukrajinske-utocne-drony\/","title":{"rendered":"V Moskevsk\u00e9 oblasti v noci na dne\u0161ek sest\u0159elily t\u0159i ukrajinsk\u00e9 \u00fato\u010dn\u00e9 drony"},"content":{"rendered":"<div id=\"fb-root\"><\/div>\n<p class=\"lead\"><strong>Pobl\u00ed\u017e Moskvy byl odra\u017een \u00fatok dal\u0161\u00edch dvou bezpilotn\u00edch letoun\u016f let\u00edc\u00ed sm\u011brem k hlavn\u00edmu m\u011bstu,\u00a0 na m\u00edst\u011b kam trosky dopadly, nedo\u0161lo k \u017e\u00e1dn\u00e9mu zni\u010den\u00ed ani ob\u011btem, uvedl starosta Sergej Sobyanin ve sv\u00e9m kan\u00e1lu Telegram.<\/strong><\/p>\n<p><em>\u201eV m\u011bstsk\u00e9 \u010d\u00e1sti Podolsk s\u00edly protivzdu\u0161n\u00e9 obrany odrazily \u00fatok dal\u0161\u00edch dvou bezpilotn\u00edch letoun\u016f let\u011bj\u00edc\u00edch sm\u011brem k Moskv\u011b. Na m\u00edst\u011b, kam trosky dopadly, nedo\u0161lo podle p\u0159edb\u011b\u017en\u00fdch \u00fadaj\u016f ke \u0161kod\u00e1m ani ob\u011btem na \u017eivotech. Na m\u00edst\u011b zasahuj\u00ed specialist\u00e9 z\u00e1chrann\u00e9 slu\u017eby,\u201c<span class=\"after-quote\"> \u201cnapsal Sobyanin.<\/span><\/em><\/p>\n<p>D\u0159\u00edve ve st\u0159edu Sobyanin ozn\u00e1mil zni\u010den\u00ed dronu let\u00edc\u00edho sm\u011brem k Moskv\u011b v m\u011bstsk\u00e9 \u010d\u00e1sti Podolsk.<\/p>\n<p><span style=\"font-size: 18pt; color: #993366;\"><strong>Pozd\u011bji bylo aktualizov\u00e1no, \u017ee v Moskevsk\u00e9 oblasti bylo p\u0159es noc sest\u0159eleno osm bezpilotn\u00edch letoun\u016f let\u00edc\u00edch sm\u011brem k Moskv\u011b<\/strong><\/span><\/p>\n<p class=\"lead\"><strong>S\u00edly protivzdu\u0161n\u00e9 obrany sest\u0159elily dal\u0161\u00ed t\u0159i bezpilotn\u00ed letouny let\u00edc\u00ed sm\u011brem k Moskv\u011b, \u0159ekl starosta hlavn\u00edho m\u011bsta Sergej Sobyanin. P\u0159edt\u00edm mluvil o zni\u010den\u00ed \u010dty\u0159 dron\u016f v Podolsku u Moskvy.<\/strong><\/p>\n<p><em>\u201eV tuto chv\u00edli bylo sest\u0159eleno 7 nep\u0159\u00e1telsk\u00fdch UAV. Na m\u00edst\u011b, kam trosky dopadly, nedo\u0161lo podle p\u0159edb\u011b\u017en\u00fdch \u00fadaj\u016f ke \u0161kod\u00e1m ani ob\u011btem na \u017eivotech. Na m\u00edst\u011b zasahuj\u00ed specialist\u00e9 z\u00e1chrann\u00e9 slu\u017eby,\u201c<span class=\"after-quote\">\u00a0&#8211; napsal v telegramov\u00e9m kan\u00e1lu.<\/span><\/em><\/p>\n<p>O necel\u00fdch 10 minut pozd\u011bji Sobyanin ohl\u00e1sil osm\u00fd sest\u0159elen\u00fd dron.<\/p>\n<p><img decoding=\"async\" loading=\"lazy\" class=\"alignnone size-full wp-image-1185\" src=\"http:\/\/www.infokuryr.cz\/n\/wp-content\/uploads\/2021\/04\/kuryr-podpis.png\" alt=\"\" width=\"84\" height=\"24\" \/><\/p>\n<p>&nbsp;<\/p>\n","protected":false},"excerpt":{"rendered":"<p>Pobl\u00ed\u017e Moskvy byl odra\u017een \u00fatok dal\u0161\u00edch dvou bezpilotn\u00edch letoun\u016f let\u00edc\u00ed sm\u011brem k hlavn\u00edmu m\u011bstu,\u00a0 na&#8230;<\/p>\n","protected":false},"author":2,"featured_media":60425,"comment_status":"closed","ping_status":"closed","sticky":false,"template":"","format":"standard","meta":[],"categories":[7],"tags":[2856,246,26],"_links":{"self":[{"href":"https:\/\/www.infokuryr.cz\/n\/wp-json\/wp\/v2\/posts\/60424"}],"collection":[{"href":"https:\/\/www.infokuryr.cz\/n\/wp-json\/wp\/v2\/posts"}],"about":[{"href":"https:\/\/www.infokuryr.cz\/n\/wp-json\/wp\/v2\/types\/post"}],"author":[{"embeddable":true,"href":"https:\/\/www.infokuryr.cz\/n\/wp-json\/wp\/v2\/users\/2"}],"replies":[{"embeddable":true,"href":"https:\/\/www.infokuryr.cz\/n\/wp-json\/wp\/v2\/comments?post=60424"}],"version-history":[{"count":0,"href":"https:\/\/www.infokuryr.cz\/n\/wp-json\/wp\/v2\/posts\/60424\/revisions"}],"wp:featuredmedia":[{"embeddable":true,"href":"https:\/\/www.infokuryr.cz\/n\/wp-json\/wp\/v2\/media\/60425"}],"wp:attachment":[{"href":"https:\/\/www.infokuryr.cz\/n\/wp-json\/wp\/v2\/media?parent=60424"}],"wp:term":[{"taxonomy":"category","embeddable":true,"href":"https:\/\/www.infokuryr.cz\/n\/wp-json\/wp\/v2\/categories?post=60424"},{"taxonomy":"post_tag","embeddable":true,"href":"https:\/\/www.infokuryr.cz\/n\/wp-json\/wp\/v2\/tags?post=60424"}],"curies":[{"name":"wp","href":"https:\/\/api.w.org\/{rel}","templated":true}]}}