{"id":60423,"date":"2024-08-21T05:22:04","date_gmt":"2024-08-21T03:22:04","guid":{"rendered":"https:\/\/www.infokuryr.cz\/n\/?p=60423"},"modified":"2024-08-21T05:22:04","modified_gmt":"2024-08-21T03:22:04","slug":"iranska-armada-odpoved-izraeli-muze-nejakou-dobu-trvat","status":"publish","type":"post","link":"https:\/\/www.infokuryr.cz\/n\/2024\/08\/21\/iranska-armada-odpoved-izraeli-muze-nejakou-dobu-trvat\/","title":{"rendered":"\u00cdr\u00e1nsk\u00e1 arm\u00e1da: Odpov\u011b\u010f Izraeli m\u016f\u017ee n\u011bjakou dobu trvat"},"content":{"rendered":"<div id=\"fb-root\"><\/div>\n<p><span style=\"font-size: 18pt;\"><strong>\u010cek\u00e1n\u00ed na odvetu ze strany Teher\u00e1nu za zabit\u00ed v\u016fdce Ham\u00e1su m\u016f\u017ee b\u00fdt podle Revolu\u010dn\u00edch gard dlouh\u00e9<\/strong><\/span><\/p>\n<p><span>\u00cdr\u00e1nsk\u00e9 revolu\u010dn\u00ed gardy (IRGC) podle agentury Reuters varovaly, \u017ee odveta Teher\u00e1nu za atent\u00e1t na v\u016fdce Ham\u00e1su Ismaila Han\u00edju m\u016f\u017ee p\u0159ij\u00edt a\u017e po dlouh\u00e9m \u010dek\u00e1n\u00ed.<\/span><\/p>\n<p><span>Haniyeh byl zabit v Teher\u00e1nu koncem \u010dervence, n\u011bkolik hodin pot\u00e9, co se z\u00fa\u010dastnil inaugurace \u00edr\u00e1nsk\u00e9ho prezidenta Masouda Pezeshkiana. Po incidentu \u00cdr\u00e1n sl\u00edbil, \u017ee uval\u00ed\u00a0<\/span><em><span>\u201etvrd\u00fd trest\u201c<\/span><\/em><span>\u00a0na Izrael, kter\u00fd \u017e\u00e1dnou roli ve zab\u00edjen\u00ed nepop\u0159el ani nep\u0159iznal. Bl\u00edzk\u00fd v\u00fdchod se p\u0159ipravoval na \u00edr\u00e1nskou deklarovanou odvetu, kter\u00e1 se zat\u00edm neuskute\u010dnila.<\/span><\/p>\n<p><em><span>\u201e\u010cas je v n\u00e1\u0161 prosp\u011bch a \u010dekac\u00ed doba na tuto odpov\u011b\u010f m\u016f\u017ee b\u00fdt dlouh\u00e1,\u201c\u00a0<\/span><\/em><span><em>\u0159ekl<\/em>\u00a0v \u00fater\u00fd Alimohammad Naini, mluv\u010d\u00ed IRGC, elitn\u00ed a vlivn\u00e9 slo\u017eky \u00edr\u00e1nsk\u00e9 arm\u00e1dy, a dodal, \u017ee\u00a0<\/span><em><span>\u201enep\u0159\u00edtel\u201c<\/span><\/em><span>\u00a0by m\u011bl po\u010dkat\u00a0<\/span><em><span>vypo\u010d\u00edtan\u00e1 a p\u0159esn\u00e1<\/span><\/em><span>\u00a0odpov\u011b\u010f.<\/span><\/p>\n<p><span>Naini byla tak\u00e9 citov\u00e1na m\u00edstn\u00edmi m\u00e9dii, kdy\u017e \u0159ekla, \u017ee \u00edr\u00e1n\u0161t\u00ed v\u016fdci zva\u017euj\u00ed okolnosti a \u017ee reakce nemus\u00ed b\u00fdt opakov\u00e1n\u00edm p\u0159edchoz\u00edch operac\u00ed Isl\u00e1msk\u00e9 republiky.<\/span><\/p>\n<p><span>V dubnu \u00cdr\u00e1n vyp\u00e1lil stovky raket a dron\u016f na Izrael v reakci na bombardov\u00e1n\u00ed jeho konzul\u00e1tu v S\u00fdrii. Palb\u011b v\u011bt\u0161inou \u010delil izraelsk\u00fd syst\u00e9m protivzdu\u0161n\u00e9 obrany Iron Dome, ale \u0159ada st\u0159el dos\u00e1hla sv\u00e9ho c\u00edle, co\u017e zp\u016fsobilo to, co Izrael tvrdil, \u017ee bylo minim\u00e1ln\u00ed po\u0161kozen\u00ed vojensk\u00fdch za\u0159\u00edzen\u00ed.<\/span><\/p>\n<p><span>Zabit\u00ed Haniyeh vyvolalo celosv\u011btov\u00e9 obavy z tot\u00e1ln\u00ed v\u00e1lky mezi Izraelem a \u00cdr\u00e1nem.<\/span><\/p>\n<p><span>USA po\u017e\u00e1daly spojence, kte\u0159\u00ed maj\u00ed styky s \u00cdr\u00e1nem, aby je p\u0159esv\u011bd\u010dili k deeskalaci nap\u011bt\u00ed na Bl\u00edzk\u00e9m v\u00fdchod\u011b. Ministr zahrani\u010d\u00ed Antony Blinken zopakoval z\u00e1vazek Washingtonu br\u00e1nit Izrael, ale \u0159ekl, \u017ee v\u0161echny strany na Bl\u00edzk\u00e9m v\u00fdchod\u011b, v\u010detn\u011b Izraele, by se m\u011bly zdr\u017eet eskala\u010dn\u00edch akc\u00ed.<\/span><\/p>\n<p><span>Zm\u00edrn\u011bn\u00ed nap\u011bt\u00ed je \u017eivotn\u011b d\u016fle\u017eit\u00e9 nejen pro zabr\u00e1n\u011bn\u00ed velk\u00e9mu konfliktu v regionu, \u0159ekl Blinken, ale tak\u00e9 pro umo\u017en\u011bn\u00ed p\u0159\u00edm\u011b\u0159\u00ed mezi Izraelem a Hamasem v Gaze. Americk\u00fd ministr zahrani\u010d\u00ed je v sou\u010dasn\u00e9 dob\u011b v regionu a usiluje o pokrok sm\u011brem k p\u0159\u00edm\u011b\u0159\u00ed v Gaze.<\/span><\/p>\n<p><span>Podle Nainiho Teher\u00e1n podporuje jak\u00fdkoli krok, kter\u00fd by vedl k ukon\u010den\u00ed v\u00e1lky v Gaze. Dodal v\u0161ak, \u017ee\u00a0<\/span><em><span>\u201epo\u010d\u00edn\u00e1n\u00ed USA nepova\u017eujeme za up\u0159\u00edmn\u00e9. Pova\u017eujeme USA za stranu v\u00e1lky v Gaze,\u201c<\/span><\/em><span>\u00a0\u0159ekl.<\/span><\/p>\n<p><span>Nep\u0159\u00e1telstv\u00ed mezi Izraelem a Ham\u00e1sem vypuklo pot\u00e9, co militantn\u00ed skupina 7. \u0159\u00edjna lo\u0148sk\u00e9ho roku zah\u00e1jila p\u0159ekvapivou invazi do ji\u017en\u00edho Izraele z Gazy, kter\u00e1 m\u011bla za n\u00e1sledek smrt asi 1100 lid\u00ed, zat\u00edmco 200 dal\u0161\u00edch bylo zajato jako rukojm\u00ed. Masivn\u00ed izraelsk\u00e1 vojensk\u00e1 reakce si podle palestinsk\u00fdch zdravotn\u00edk\u016f vy\u017e\u00e1dala v\u00edce ne\u017e 40 000 ob\u011bt\u00ed a dal\u0161\u00edch 92 857 lid\u00ed bylo zran\u011bno.<\/span><\/p>\n<p><img decoding=\"async\" loading=\"lazy\" class=\"alignnone size-full wp-image-1185\" src=\"http:\/\/www.infokuryr.cz\/n\/wp-content\/uploads\/2021\/04\/kuryr-podpis.png\" alt=\"\" width=\"84\" height=\"24\" \/><\/p>\n<p>&nbsp;<\/p>\n","protected":false},"excerpt":{"rendered":"<p>\u010cek\u00e1n\u00ed na odvetu ze strany Teher\u00e1nu za zabit\u00ed v\u016fdce Ham\u00e1su m\u016f\u017ee b\u00fdt podle Revolu\u010dn\u00edch gard&#8230;<\/p>\n","protected":false},"author":2,"featured_media":51732,"comment_status":"closed","ping_status":"closed","sticky":false,"template":"","format":"standard","meta":[],"categories":[7],"tags":[38,107,220],"_links":{"self":[{"href":"https:\/\/www.infokuryr.cz\/n\/wp-json\/wp\/v2\/posts\/60423"}],"collection":[{"href":"https:\/\/www.infokuryr.cz\/n\/wp-json\/wp\/v2\/posts"}],"about":[{"href":"https:\/\/www.infokuryr.cz\/n\/wp-json\/wp\/v2\/types\/post"}],"author":[{"embeddable":true,"href":"https:\/\/www.infokuryr.cz\/n\/wp-json\/wp\/v2\/users\/2"}],"replies":[{"embeddable":true,"href":"https:\/\/www.infokuryr.cz\/n\/wp-json\/wp\/v2\/comments?post=60423"}],"version-history":[{"count":0,"href":"https:\/\/www.infokuryr.cz\/n\/wp-json\/wp\/v2\/posts\/60423\/revisions"}],"wp:featuredmedia":[{"embeddable":true,"href":"https:\/\/www.infokuryr.cz\/n\/wp-json\/wp\/v2\/media\/51732"}],"wp:attachment":[{"href":"https:\/\/www.infokuryr.cz\/n\/wp-json\/wp\/v2\/media?parent=60423"}],"wp:term":[{"taxonomy":"category","embeddable":true,"href":"https:\/\/www.infokuryr.cz\/n\/wp-json\/wp\/v2\/categories?post=60423"},{"taxonomy":"post_tag","embeddable":true,"href":"https:\/\/www.infokuryr.cz\/n\/wp-json\/wp\/v2\/tags?post=60423"}],"curies":[{"name":"wp","href":"https:\/\/api.w.org\/{rel}","templated":true}]}}