{"id":60385,"date":"2024-08-21T00:48:07","date_gmt":"2024-08-20T22:48:07","guid":{"rendered":"https:\/\/www.infokuryr.cz\/n\/?p=60385"},"modified":"2024-08-20T17:26:04","modified_gmt":"2024-08-20T15:26:04","slug":"ukrajinsti-poslanci-pripravili-cestu-pro-zakaz-nejvetsi-pravoslavne-cirkve-v-zemi","status":"publish","type":"post","link":"https:\/\/www.infokuryr.cz\/n\/2024\/08\/21\/ukrajinsti-poslanci-pripravili-cestu-pro-zakaz-nejvetsi-pravoslavne-cirkve-v-zemi\/","title":{"rendered":"Ukrajin\u0161t\u00ed poslanci p\u0159ipravili cestu pro z\u00e1kaz nejv\u011bt\u0161\u00ed pravoslavn\u00e9 c\u00edrkve v zemi"},"content":{"rendered":"<div id=\"fb-root\"><\/div>\n<p><span style=\"font-size: 18pt;\"><strong>Nov\u00e1 legislativa by mohla zajistit \u00fapln\u00fd z\u00e1kaz ukrajinsk\u00e9 pravoslavn\u00e9 c\u00edrkve, pokud se j\u00ed nepoda\u0159\u00ed p\u0159eru\u0161it styky s Moskvou<\/strong><\/span><\/p>\n<p>Ukrajinsk\u00fd parlament schv\u00e1lil z\u00e1kon, kter\u00fd by \u00fa\u0159ad\u016fm umo\u017enil zak\u00e1zat Ukrajinskou pravoslavnou c\u00edrkev (UOC), kterou Kyjev podle poslance opakovan\u011b obvi\u0148uje z vazeb na Rusko. Legislativa tak\u00e9 p\u0159\u00edmo zakazuje ruskou pravoslavnou c\u00edrkev a v\u0161echny p\u0159idru\u017een\u00e9 n\u00e1bo\u017eensk\u00e9 instituce.<\/p>\n<p>V s\u00e9rii p\u0159\u00edsp\u011bvk\u016f v Telegramu v \u00fater\u00fd z\u00e1konod\u00e1rce Yaroslav Zheleznyak uvedl, \u017ee parlament schv\u00e1lil z\u00e1kon zakazuj\u00edc\u00ed ur\u010dit\u00e9 n\u00e1bo\u017eensk\u00e9 organizace na \u00fazem\u00ed Ukrajiny, zejm\u00e9na ty, kter\u00e9 jsou napojen\u00e9 na Rusko.<\/p>\n<p><em>&#8222;Mezi lidmi se tomu \u0159\u00edk\u00e1 z\u00e1kon zakazuj\u00edc\u00ed moskevskou c\u00edrkev,&#8220;<\/em>\u00a0\u0159ekl. Z\u00e1kon schv\u00e1lilo 265 poslanc\u016f, 29 bylo proti, \u010dty\u0159i se zdr\u017eeli.<\/p>\n<p>Z\u00e1kon, kter\u00fd vstoup\u00ed v platnost za 30 dn\u00ed, zakazuje \u010dinnost Rusk\u00e9 pravoslavn\u00e9 c\u00edrkve (ROC) a v\u0161ech p\u0159idru\u017een\u00fdch n\u00e1bo\u017eensk\u00fdch organizac\u00ed. Obsahuje v\u0161ak upozorn\u011bn\u00ed, kter\u00e9 d\u00e1v\u00e1 UOC dev\u011bt m\u011bs\u00edc\u016f na to, aby p\u0159eru\u0161ila v\u0161echny vazby s ROC.<\/p>\n<p>Zat\u00edmco UOC deklarovala plnou autonomii od Moskevsk\u00e9ho patriarch\u00e1tu n\u011bkolik t\u00fddn\u016f po vypuknut\u00ed ukrajinsk\u00e9ho konfliktu v roce 2022, Kyjev nad\u00e1le obvi\u0148oval\u00a0 duchovenstvo z vazeb na Rusko, \u010dasto \u00fato\u010dilo na kostely a zat\u00fdkal duchovn\u00ed.<\/p>\n<p>P\u0159edseda parlamentu Ruslan Stephanchuk minul\u00fd t\u00fdden p\u0159ipustil, \u017ee z\u00e1kon jist\u011b povede k z\u00e1kazu\u00a0<em>\u201erusk\u00e9 c\u00edrkve na Ukrajin\u011b\u201c<\/em>\u00a0, pravd\u011bpodobn\u011b s odkazem na UOC. Zhruba ve stejnou dobu se zd\u00e1, \u017ee Vladimir Zelenskij odkazuje na bl\u00ed\u017e\u00edc\u00ed se krok, kter\u00fd podle n\u011bj\u00a0<em>\u201epos\u00edl\u00ed duchovn\u00ed nez\u00e1vislost Ukrajiny\u201c.<\/em><\/p>\n<p>Minul\u00fd t\u00fdden iniciativu podpo\u0159ila Celoukrajinsk\u00e1 rada c\u00edrkv\u00ed a n\u00e1bo\u017eensk\u00fdch organizac\u00ed (AUCCRO), kter\u00e1 zastupuje v\u0161echny denominace v zemi. Tvrdila, \u017ee Rusko z\u016fst\u00e1v\u00e1 hlavn\u00ed <em>\u201ehrozbou\u201c<\/em>\u00a0n\u00e1bo\u017eensk\u00e9 svobody na Ukrajin\u011b. Rusk\u00e1 pravoslavn\u00e1 c\u00edrkev v\u0161ak rozhodnut\u00ed AUCCRO zam\u00edtla jako nelegitimn\u00ed s t\u00edm, \u017ee deleg\u00e1ti UOC nebyli pozv\u00e1ni k \u00fa\u010dasti na sch\u016fzce k projedn\u00e1n\u00ed t\u00e9to z\u00e1le\u017eitosti.<\/p>\n<p>Ukrajina dlouhodob\u011b za\u017e\u00edv\u00e1 n\u00e1bo\u017eensk\u00e9 nap\u011bt\u00ed a \u0159ada subjekt\u016f se prohla\u0161uje za pravou ukrajinskou pravoslavnou c\u00edrkev. Dv\u011bma hlavn\u00edmi soupe\u0159\u00edc\u00edmi frakcemi jsou Ukrajinsk\u00e1 pravoslavn\u00e1 c\u00edrkev a Kyjevem podporovan\u00e1 Pravoslavn\u00e1 c\u00edrkev Ukrajiny (OCU), kterou rusk\u00e1 pravoslavn\u00e1 c\u00edrkev pova\u017euje za schizmatickou.<\/p>\n<p>UOC z\u016fst\u00e1v\u00e1 nejv\u011bt\u0161\u00ed pravoslavnou c\u00edrkv\u00ed na Ukrajin\u011b s v\u00edce ne\u017e 8 000 farnostmi po cel\u00e9 zemi. N\u011bkter\u00e9 z t\u011bchto farnost\u00ed se v\u0161ak pod tlakem \u00fa\u0159ad\u016f v Kyjev\u011b rozhodly p\u0159ej\u00edt pod jurisdikci vl\u00e1dou podporovan\u00e9 Pravoslavn\u00e9 c\u00edrkve Ukrajiny.<\/p>\n<div class=\"rtcode\">\n<div>\n<p><iframe id=\"odysee-iframe\" src=\"https:\/\/odysee.com\/$\/embed\/@RT:fd\/CHURCHBAN-yt:a?r=2fFiFHfxM5JLz5vhERTMgq2u3Jn8eYZp\" allowfullscreen=\"allowfullscreen\" data-mce-fragment=\"1\"><\/iframe><\/p>\n<p><img decoding=\"async\" loading=\"lazy\" class=\"alignnone size-full wp-image-1185\" src=\"http:\/\/www.infokuryr.cz\/n\/wp-content\/uploads\/2021\/04\/kuryr-podpis.png\" alt=\"\" width=\"84\" height=\"24\" \/><\/p>\n<\/div>\n<\/div>\n","protected":false},"excerpt":{"rendered":"<p>Nov\u00e1 legislativa by mohla zajistit \u00fapln\u00fd z\u00e1kaz ukrajinsk\u00e9 pravoslavn\u00e9 c\u00edrkve, pokud se j\u00ed nepoda\u0159\u00ed p\u0159eru\u0161it&#8230;<\/p>\n","protected":false},"author":2,"featured_media":60386,"comment_status":"closed","ping_status":"closed","sticky":false,"template":"","format":"standard","meta":[],"categories":[7],"tags":[246,250,26,720],"_links":{"self":[{"href":"https:\/\/www.infokuryr.cz\/n\/wp-json\/wp\/v2\/posts\/60385"}],"collection":[{"href":"https:\/\/www.infokuryr.cz\/n\/wp-json\/wp\/v2\/posts"}],"about":[{"href":"https:\/\/www.infokuryr.cz\/n\/wp-json\/wp\/v2\/types\/post"}],"author":[{"embeddable":true,"href":"https:\/\/www.infokuryr.cz\/n\/wp-json\/wp\/v2\/users\/2"}],"replies":[{"embeddable":true,"href":"https:\/\/www.infokuryr.cz\/n\/wp-json\/wp\/v2\/comments?post=60385"}],"version-history":[{"count":1,"href":"https:\/\/www.infokuryr.cz\/n\/wp-json\/wp\/v2\/posts\/60385\/revisions"}],"predecessor-version":[{"id":60387,"href":"https:\/\/www.infokuryr.cz\/n\/wp-json\/wp\/v2\/posts\/60385\/revisions\/60387"}],"wp:featuredmedia":[{"embeddable":true,"href":"https:\/\/www.infokuryr.cz\/n\/wp-json\/wp\/v2\/media\/60386"}],"wp:attachment":[{"href":"https:\/\/www.infokuryr.cz\/n\/wp-json\/wp\/v2\/media?parent=60385"}],"wp:term":[{"taxonomy":"category","embeddable":true,"href":"https:\/\/www.infokuryr.cz\/n\/wp-json\/wp\/v2\/categories?post=60385"},{"taxonomy":"post_tag","embeddable":true,"href":"https:\/\/www.infokuryr.cz\/n\/wp-json\/wp\/v2\/tags?post=60385"}],"curies":[{"name":"wp","href":"https:\/\/api.w.org\/{rel}","templated":true}]}}