{"id":60384,"date":"2024-08-21T00:47:00","date_gmt":"2024-08-20T22:47:00","guid":{"rendered":"https:\/\/www.infokuryr.cz\/n\/?p=60384"},"modified":"2024-08-20T17:16:46","modified_gmt":"2024-08-20T15:16:46","slug":"p-c-roberts-evropska-unie-a-demokraticka-strana-usa-nacifikovany","status":"publish","type":"post","link":"https:\/\/www.infokuryr.cz\/n\/2024\/08\/21\/p-c-roberts-evropska-unie-a-demokraticka-strana-usa-nacifikovany\/","title":{"rendered":"P. C. Roberts: Evropsk\u00e1 unie a Demokratick\u00e1 strana USA nacifikov\u00e1ny"},"content":{"rendered":"<div id=\"fb-root\"><\/div>\n<p>Kl\u00ed\u010dovou ot\u00e1zkou na\u0161\u00ed doby je, pro\u010d se Evropan\u00e9 smi\u0159uj\u00ed s tyransk\u00fdm ne\u0159\u00e1dstvem EU?\u00a0Jak jsem ji\u017e d\u0159\u00edve napsal, sd\u011blila EU Elonu Muskovi, \u017ee obsah jeho rozhovoru na s\u00edti X s Donaldem Trumpem kontroluj\u00ed oni, nikoli on.<\/p>\n<p>EU je nevolen\u00fd \u0159\u00edd\u00edc\u00ed org\u00e1n.\u00a0P\u0159esto tvrd\u00ed, \u017ee je demokratick\u00fd.<\/p>\n<p>Tvrd\u00ed, \u017ee br\u00e1n\u00ed demokracii na Ukrajin\u011b, kterou v sou\u010dasnosti \u0159\u00edd\u00ed, d\u00e1-li se to tak nazvat, nik\u00fdm nevolen\u00fd ukrajinsk\u00fd prezident.<\/p>\n<p>EU tvrd\u00ed, \u017ee chr\u00e1n\u00ed evropskou demokracii p\u0159ed Ruskem, ale v Evrop\u011b \u017e\u00e1dn\u00e9 demokratick\u00e9 vl\u00e1dy nejsou. Ani jedna evropsk\u00e1 vl\u00e1da, v\u010detn\u011b Spojen\u00e9ho kr\u00e1lovstv\u00ed, toti\u017e nezastupuje populaci, kter\u00e1 je etnick\u00fdm z\u00e1kladem zem\u011b. V ka\u017ed\u00e9 evropsk\u00e9 zemi stoj\u00ed vl\u00e1da proti p\u016fvodn\u00edmu obyvatelstvu a na stran\u011b p\u0159ist\u011bhovalc\u016f-vet\u0159elc\u016f. B\u00edl\u00e9 evropsk\u00e9 obyvatelstvo nem\u016f\u017ee protestovat proti ztr\u00e1t\u011b sv\u00e9 zem\u011b, nato\u017e organizovat se na svou vlastn\u00ed obranu. Jejich slab\u00e9 protesty jsou ofici\u00e1ln\u011b pova\u017eov\u00e1ny za projevy nen\u00e1visti a za zlo\u010diny z nen\u00e1visti. V\u016fdci nebo organiz\u00e1to\u0159i protest\u016f jsou zat\u010deni a demonstranti biti. N\u011bkdy se imigranti-vet\u0159elci p\u0159ipoj\u00ed k policii a b\u00edl\u00e9 demonstranty, br\u00e1nic\u00ed svou zemi p\u0159ed kr\u00e1de\u017e\u00ed, zml\u00e1t\u00ed. Av\u0161ak jen z\u0159\u00eddkakdy se b\u00edl\u00e1 policie postav\u00ed na stranu imigrant\u016f-vet\u0159elc\u016f proti jejich vlastn\u00edmu etniku v zemi ji\u017e usazen\u00e9mu. Co\u017e napov\u00edd\u00e1, \u017ee jen jedno etnikum je dnes pro evropsk\u00e9 vl\u00e1dy nedotknuteln\u00e9. A \u017ee je to etnikum ciz\u00ed &#8211; nikoli vlastn\u00ed. A \u017ee etnick\u00e1 n\u00e1rodnost v Evrop\u011b je mrtv\u00e1 a rasov\u00e1 loajalita existuje u\u017e pouze mezi imigranty-n\u00e1jezdn\u00edky.<\/p>\n<p>Ned\u00e1vno jsme toho byli sv\u011bdky ve Velk\u00e9 Brit\u00e1nii, nyn\u00ed zn\u00e1m\u00e9 pod p\u00edsmeny UK (United Kingdom).\u00a0Kdy\u017e jsem se narodil, byla Brit\u00e1nie st\u00e1le je\u0161t\u011b hlavn\u00ed mocnost\u00ed, ale dnes se nedok\u00e1\u017ee postavit ani imigrant\u016fm-n\u00e1jezdn\u00edk\u016fm.\u00a0Nov\u00fd britsk\u00fd premi\u00e9r Starmer, s\u00e1m b\u00edl\u00fd etnick\u00fd Brit, vystoupil zu\u0159iv\u011b proti sv\u00e9mu p\u016fvodn\u00edmu lidu a hrozil v\u0161emi druhy trest\u016f pro ty, kdo se stav\u00ed proti okupaci jejich zem\u011b nep\u0159\u00e1telsk\u00fdmi kulturami.<\/p>\n<p>Pokud by Britov\u00e9 byli schopni bojovat za svou zemi a pov\u011bsili osobu vyd\u00e1vaj\u00edc\u00ed se za premi\u00e9ra na nejbli\u017e\u0161\u00ed lampu na Downing Street 10, a pokud by obsadili ka\u017edou policejn\u00ed stanici a p\u0159ezbrojili se, mohli by obnovit britskou kontrolu nad Brit\u00e1ni\u00ed. Av\u0161ak ni\u010deho takov\u00e9ho schopni nejsou. A nejsou ni\u010deho podobn\u00e9ho schopni ani N\u011bmci, Italov\u00e9, Nizozemci, Belgi\u010dan\u00e9, \u0160v\u00e9dov\u00e9, Norov\u00e9.<\/p>\n<p>P\u0159esto EU v\u0161em t\u011bmto zem\u00edm \u0159\u00edk\u00e1, aby se p\u0159ipravily na v\u00e1lku s Ruskem!<\/p>\n<p>Co si bl\u00e1zni v EU a v t\u011bchto vl\u00e1d\u00e1ch mysl\u00ed, \u017ee se stane, pokud p\u016fjdou do v\u00e1lky s Ruskem?\u00a0Kdo si mysl\u00ed, \u017ee cel\u00e1 Evropa plus Amerika m\u00e1 arm\u00e1du ekvivalentn\u00ed n\u011bmeck\u00e9mu Wehrmachtu, kter\u00fd v roce 1941\u00a0 napadl Rusko?\u00a0V\u0161ichni hlup\u00e1ci, kte\u0159\u00ed mluv\u00ed o \u00fatoku na \u010c\u00ednu, mus\u00ed b\u00fdt pod vlivem drog.\u00a0Za\u00fato\u010dit na Rusko a zem\u0159\u00edt.\u00a0Za\u00fato\u010dte na \u010c\u00ednu a zem\u0159ete.<\/p>\n<p>USA a NATO nejsou schopny za\u00fato\u010dit ani na \u00cdr\u00e1n, pokud si neposp\u00ed\u0161\u00ed, proto\u017ee rusk\u00fd syst\u00e9m protivzdu\u0161n\u00e9 obrany S-400 se v \u00cdr\u00e1nu p\u0159ipravuje.\u00a0\u017d\u00e1dn\u00e9 americk\u00e9 nebo izraelsk\u00e9 rakety a letadla nejsou schopny t\u00edmto syst\u00e9mem proniknout.<\/p>\n<p>Ji\u017e d\u0159\u00edve jsem informoval, \u017ee v\u0161e nasv\u011bd\u010duje tomu, \u017ee volby v roce 2024 budou republik\u00e1n\u016fm ukradeny, stejn\u011b jako jim byly ukradeny volby v letech 2020 a 2022.\u00a0Americk\u00e1 prodejn\u00e1 m\u00e9dia prom\u011bnila Kamalu z nekandid\u00e1tky s nulovou podporou na kandid\u00e1tku, kter\u00e1 zejm\u00e9na ve swingov\u00fdch st\u00e1tech (st\u00e1ty s prom\u011bnlivou podporou voli\u010d\u016f), p\u0159ed Trumpem vede.<\/p>\n<p>Zkr\u00e1tka z\u00e1zrak na z\u00e1zrak. Aneb bezduchost ovl\u00e1dla z\u00e1padn\u00ed sv\u011bt.<\/p>\n<p><em>Vybral a p\u0159elo\u017eil Lubom\u00edr Man<\/em><\/p>\n<p>&nbsp;<\/p>\n","protected":false},"excerpt":{"rendered":"<p>Kl\u00ed\u010dovou ot\u00e1zkou na\u0161\u00ed doby je, pro\u010d se Evropan\u00e9 smi\u0159uj\u00ed s tyransk\u00fdm ne\u0159\u00e1dstvem EU?\u00a0Jak jsem ji\u017e&#8230;<\/p>\n","protected":false},"author":2,"featured_media":810,"comment_status":"closed","ping_status":"closed","sticky":false,"template":"","format":"standard","meta":[],"categories":[7],"tags":[1503,470,39,26,37],"_links":{"self":[{"href":"https:\/\/www.infokuryr.cz\/n\/wp-json\/wp\/v2\/posts\/60384"}],"collection":[{"href":"https:\/\/www.infokuryr.cz\/n\/wp-json\/wp\/v2\/posts"}],"about":[{"href":"https:\/\/www.infokuryr.cz\/n\/wp-json\/wp\/v2\/types\/post"}],"author":[{"embeddable":true,"href":"https:\/\/www.infokuryr.cz\/n\/wp-json\/wp\/v2\/users\/2"}],"replies":[{"embeddable":true,"href":"https:\/\/www.infokuryr.cz\/n\/wp-json\/wp\/v2\/comments?post=60384"}],"version-history":[{"count":0,"href":"https:\/\/www.infokuryr.cz\/n\/wp-json\/wp\/v2\/posts\/60384\/revisions"}],"wp:featuredmedia":[{"embeddable":true,"href":"https:\/\/www.infokuryr.cz\/n\/wp-json\/wp\/v2\/media\/810"}],"wp:attachment":[{"href":"https:\/\/www.infokuryr.cz\/n\/wp-json\/wp\/v2\/media?parent=60384"}],"wp:term":[{"taxonomy":"category","embeddable":true,"href":"https:\/\/www.infokuryr.cz\/n\/wp-json\/wp\/v2\/categories?post=60384"},{"taxonomy":"post_tag","embeddable":true,"href":"https:\/\/www.infokuryr.cz\/n\/wp-json\/wp\/v2\/tags?post=60384"}],"curies":[{"name":"wp","href":"https:\/\/api.w.org\/{rel}","templated":true}]}}