{"id":60358,"date":"2024-08-21T00:36:54","date_gmt":"2024-08-20T22:36:54","guid":{"rendered":"https:\/\/www.infokuryr.cz\/n\/?p=60358"},"modified":"2024-08-20T15:11:32","modified_gmt":"2024-08-20T13:11:32","slug":"nase-sila-bude-neviditelna-odhaleni-udajneho-planu-na-ovladnuti-sveta","status":"publish","type":"post","link":"https:\/\/www.infokuryr.cz\/n\/2024\/08\/21\/nase-sila-bude-neviditelna-odhaleni-udajneho-planu-na-ovladnuti-sveta\/","title":{"rendered":"\u201eNa\u0161e s\u00edla bude neviditeln\u00e1\u201c: Odhalen\u00ed \u00fadajn\u00e9ho pl\u00e1nu na ovl\u00e1dnut\u00ed sv\u011bta"},"content":{"rendered":"<div id=\"fb-root\"><\/div>\n<div class=\"elementor-element elementor-element-1fb4c2c elementor-widget elementor-widget-theme-post-content\" data-id=\"1fb4c2c\" data-element_type=\"widget\" data-widget_type=\"theme-post-content.default\">\n<div class=\"elementor-widget-container\">\n<p><span>Tento p\u0159\u00edsp\u011bvek by mohl b\u00fdt t\u00edm nejd\u016fle\u017eit\u011bj\u0161\u00edm, co kdy \u010dtete, proto\u017ee nab\u00edz\u00ed jednoduch\u00e9 vysv\u011btlen\u00ed, pro\u010d je n\u00e1\u0161 sv\u011bt z\u00e1m\u011brn\u011b ni\u010den.<\/span><\/p>\n<p><span>Nejsem ani antisemita, ani nacista. Jsem prost\u011b b\u00fdval\u00fd hacker se skv\u011bl\u00fdmi analytick\u00fdmi schopnostmi, kter\u00fd rozum\u00ed tomu, co se ve sv\u011bt\u011b d\u011bje.<\/span><\/p>\n<p><span>Na konci tohoto p\u0159\u00edsp\u011bvku budu citovat z pl\u00e1nu na ovl\u00e1dnut\u00ed sv\u011bta. Okam\u017eit\u011b uvid\u00edte pravdu, proto\u017ee p\u0159esn\u011b to se nyn\u00ed ve sv\u011bt\u011b d\u011bje. Dne\u0161n\u00ed realita nazna\u010duje, \u017ee tento pl\u00e1n je re\u00e1ln\u00fd.<\/span><\/p>\n<p><span>Pokud si ud\u011bl\u00e1te vlastn\u00ed v\u00fdzkum, dozv\u00edte se, \u017ee p\u016fvod tohoto pl\u00e1nu byl zdiskreditov\u00e1n a \u00fadajn\u00ed auto\u0159i s n\u00edm nemaj\u00ed nic spole\u010dn\u00e9ho. Ale kdo byl t\u00edm, kdo poskytl rozhoduj\u00edc\u00ed d\u016fkazy?<\/span><\/p>\n<p><span>Byl to Allen Dulles. Mu\u017e, kter\u00fd sb\u00edral pen\u00edze od americk\u00fdch pr\u016fmyslov\u00fdch v\u016fdc\u016f na financov\u00e1n\u00ed Adolfa Hitlera, jeho nacistick\u00e9 strany a jeho v\u00e1lky. Mu\u017e, kter\u00fd pozd\u011bji slou\u017eil jako \u0159editel CIA za Kennedyho a \u0161\u00e9f Warrenovy komise, kter\u00e1 vy\u0161et\u0159ovala Kennedyho atent\u00e1t. Pro\u010d by n\u011bkdo v\u011b\u0159il mu\u017ei s tak pochybn\u00fdm charakterem?<\/span><\/p>\n<p><span>Protokoly sionsk\u00fdch mudrc\u016f si nepochybn\u011b vyp\u016fj\u010dily my\u0161lenky od r\u016fzn\u00fdch autor\u016f, ale tot\u00e9\u017e lze \u0159\u00edci o v\u011bt\u0161in\u011b v\u00fdznamn\u00fdch spis\u016f v historii. Byly naz\u00fdv\u00e1ny fale\u0161n\u00fdmi a jsou jedn\u00edm z prvn\u00edch p\u0159\u00edklad\u016f pou\u017eit\u00ed term\u00ednu \u201ekonspira\u010dn\u00ed teorie\u201c.<\/span><\/p>\n<p><span>Pro\u010d jsou sionist\u00e9 tak p\u0159ehnan\u011b zastoupeni v m\u00e9di\u00edch, politice, bankovnictv\u00ed a sv\u011btov\u00fdch z\u00e1le\u017eitostech? Jak mohla tak mal\u00e1 komunita ovl\u00e1dnout v\u0161echna centra moci a informa\u010dn\u00ed kan\u00e1ly?<\/span><\/p>\n<p><span>Pro\u010d m\u016f\u017ee Izrael ignorovat rezoluce OSN a mezin\u00e1rodn\u00ed pr\u00e1vo a sp\u00e1chat genocidu v Gaze, kter\u00e1 skl\u00edz\u00ed ovace v americk\u00e9m Kongresu? Pro\u010d Izrael jedn\u00e1, jako by byl nad z\u00e1konem, zd\u00e1nliv\u011b beze strachu z n\u00e1sledk\u016f?<\/span><\/p>\n<p><span>P\u0159e\u010dt\u011bte si n\u00ed\u017ee n\u011bkter\u00e9 \u00faryvky z \u00fadajn\u00e9ho sionistick\u00e9ho pl\u00e1nu na ovl\u00e1dnut\u00ed sv\u011bta a porovnejte jej s realitou. Je to v\u0161echno jen n\u00e1hoda?<\/span><\/p>\n<p><span>&#8222;Na\u0161e s\u00edla bude neporaziteln\u011bj\u0161\u00ed ne\u017e kter\u00e1koli jin\u00e1, proto\u017ee z\u016fstane neviditeln\u00e1 a\u017e do okam\u017eiku, kdy se stane tak silnou, \u017ee ji \u017e\u00e1dn\u00fd trik nem\u016f\u017ee podkopat.&#8220;<\/span><\/p>\n<p><span>\u201eBudeme absolutn\u011b kontrolovat m\u00e9dia, aby se na ve\u0159ejnost nedostala jedin\u00e1 zpr\u00e1va bez na\u0161\u00ed kontroly. T\u00edmto zp\u016fsobem jist\u011b zv\u00edt\u011bz\u00edme nad na\u0161imi soupe\u0159i, proto\u017ee bez m\u00e9di\u00ed jsou bezmocn\u00ed.&#8220;<\/span><\/p>\n<p><span>\u201eBezmozkov\u00e9 mysli rozpt\u00fdl\u00edme plan\u00fdmi p\u0159edstavami, fantastick\u00fdmi teoriemi, zka\u017een\u00fdmi pot\u011b\u0161en\u00edmi, hrami a \u0161pinav\u00fdmi v\u00e1\u0161n\u011bmi, tak\u017ee nebudou moci pou\u017e\u00edvat sv\u016fj intelekt. Nikdy nebudou m\u00edt podez\u0159en\u00ed, \u017ee je ovl\u00e1dali my.&#8220;<\/span><\/p>\n<p><span>\u201eVytvo\u0159\u00edme obrovsk\u00e9 monopoly, tak\u017ee a\u017e p\u0159ijde politick\u00fd kolaps, v\u0161ichni zahynou. Mus\u00edme jim za ka\u017edou cenu vz\u00edt jejich \u00fazem\u00ed, mus\u00edme sn\u00ed\u017eit mzdy a zv\u00fd\u0161it ceny ve\u0161ker\u00e9ho z\u00e1kladn\u00edho zbo\u017e\u00ed.\u201c<\/span><\/p>\n<p><span>\u201eVyvol\u00e1me ekonomickou krizi, kter\u00e1 zastav\u00ed obchodov\u00e1n\u00ed na v\u0161ech burz\u00e1ch a zastav\u00ed pr\u016fmysl. Po cel\u00e9m sv\u011bt\u011b sou\u010dasn\u011b vyvrhneme do ulic masy d\u011bln\u00edk\u016f, kte\u0159\u00ed budou drancovat majetek a t\u011b\u0161it se z krveprolit\u00ed.&#8220;<\/span><\/p>\n<p><span>\u201eV na\u0161\u00ed vl\u00e1d\u011b by krom\u011b n\u00e1s m\u011bla b\u00fdt jen masa zotro\u010den\u00fdch lid\u00ed, p\u00e1r miliard\u00e1\u0159\u016f, kte\u0159\u00ed jsou n\u00e1m zcela loaj\u00e1ln\u00ed, stejn\u011b jako policist\u00e9 a voj\u00e1ci. Abychom toho dos\u00e1hli, mus\u00edme vytvo\u0159it chaos a nep\u0159\u00e1telstv\u00ed a mus\u00edme pou\u017e\u00edt v\u0161echny mo\u017en\u00e9 podvody, zrady a l\u017ei. Na\u0161\u00ed nejv\u011bt\u0161\u00ed zbran\u00ed jsou m\u00e9dia.&#8220;<\/span><\/p>\n<p><span>\u201eUstanov\u00edme kr\u00e1le nad celou zem\u00ed, kter\u00fd odstran\u00ed v\u0161echny p\u0159\u00ed\u010diny spor\u016f, jako jsou hranice, n\u00e1rodnosti, n\u00e1bo\u017eenstv\u00ed, st\u00e1tn\u00ed dluh atd., a nastol\u00ed m\u00edr a m\u00edr, kter\u00e9ho nelze dos\u00e1hnout \u017e\u00e1dn\u00fdmi jin\u00fdmi prost\u0159edky. Abychom dos\u00e1hli sv\u00fdch c\u00edl\u016f, mus\u00edme vyvolat neklid ve v\u0161ech zem\u00edch, vy\u010derp\u00e1vat cel\u00e9 lidstvo a\u017e do \u00fapln\u00e9ho vy\u010derp\u00e1n\u00ed nen\u00e1vist\u00ed, bojem, z\u00e1vist\u00ed, mu\u010den\u00edm, hladem a nemocemi, aby lid\u00e9 byli nuceni hledat \u00fato\u010di\u0161t\u011b v na\u0161\u00ed absolutn\u00ed nadvl\u00e1d\u011b.\u201c<\/span><\/p>\n<p><span>&#8222;Na\u0161\u00ed hlavn\u00ed zbran\u00ed bylo, je a bude zni\u010den\u00ed v\u0161ech privilegi\u00ed, na jejich\u017e trosk\u00e1ch vybudujeme na\u0161i absolutn\u00ed autokracii.&#8220;<\/span><\/p>\n<p><span>Upozor\u0148ujeme, \u017ee v\u011bt\u0161inu proizraelsk\u00fdch koment\u00e1\u0159\u016f na soci\u00e1ln\u00edch s\u00edt\u00edch generuje nejv\u011bt\u0161\u00ed sv\u011btov\u00e1 s\u00ed\u0165 bot\u016f, nikoli skute\u010dn\u00ed lid\u00e9.<\/span><\/p>\n<div class=\"twitter-tweet twitter-tweet-rendered\"><iframe id=\"twitter-widget-0\" class=\"\" title=\"X Post\" src=\"https:\/\/platform.twitter.com\/embed\/Tweet.html?dnt=false&amp;embedId=twitter-widget-0&amp;features=eyJ0ZndfdGltZWxpbmVfbGlzdCI6eyJidWNrZXQiOltdLCJ2ZXJzaW9uIjpudWxsfSwidGZ3X2ZvbGxvd2VyX2NvdW50X3N1bnNldCI6eyJidWNrZXQiOnRydWUsInZlcnNpb24iOm51bGx9LCJ0ZndfdHdlZXRfZWRpdF9iYWNrZW5kIjp7ImJ1Y2tldCI6Im9uIiwidmVyc2lvbiI6bnVsbH0sInRmd19yZWZzcmNfc2Vzc2lvbiI6eyJidWNrZXQiOiJvbiIsInZlcnNpb24iOm51bGx9LCJ0ZndfZm9zbnJfc29mdF9pbnRlcnZlbnRpb25zX2VuYWJsZWQiOnsiYnVja2V0Ijoib24iLCJ2ZXJzaW9uIjpudWxsfSwidGZ3X21peGVkX21lZGlhXzE1ODk3Ijp7ImJ1Y2tldCI6InRyZWF0bWVudCIsInZlcnNpb24iOm51bGx9LCJ0ZndfZXhwZXJpbWVudHNfY29va2llX2V4cGlyYXRpb24iOnsiYnVja2V0IjoxMjA5NjAwLCJ2ZXJzaW9uIjpudWxsfSwidGZ3X3Nob3dfYmlyZHdhdGNoX3Bpdm90c19lbmFibGVkIjp7ImJ1Y2tldCI6Im9uIiwidmVyc2lvbiI6bnVsbH0sInRmd19kdXBsaWNhdGVfc2NyaWJlc190b19zZXR0aW5ncyI6eyJidWNrZXQiOiJvbiIsInZlcnNpb24iOm51bGx9LCJ0ZndfdXNlX3Byb2ZpbGVfaW1hZ2Vfc2hhcGVfZW5hYmxlZCI6eyJidWNrZXQiOiJvbiIsInZlcnNpb24iOm51bGx9LCJ0ZndfdmlkZW9faGxzX2R5bmFtaWNfbWFuaWZlc3RzXzE1MDgyIjp7ImJ1Y2tldCI6InRydWVfYml0cmF0ZSIsInZlcnNpb24iOm51bGx9LCJ0ZndfbGVnYWN5X3RpbWVsaW5lX3N1bnNldCI6eyJidWNrZXQiOnRydWUsInZlcnNpb24iOm51bGx9LCJ0ZndfdHdlZXRfZWRpdF9mcm9udGVuZCI6eyJidWNrZXQiOiJvbiIsInZlcnNpb24iOm51bGx9fQ%3D%3D&amp;frame=false&amp;hideCard=false&amp;hideThread=false&amp;id=1825187568834753021&amp;lang=de&amp;origin=https%3A%2F%2Funcutnews.ch%2Funsere-macht-wird-unsichtbar-sein-enthuellung-eines-angeblichen-plans-zur-weltherrschaft%2F&amp;sessionId=da745cbd47e2a1765bc8e97c0aecd53dce34db31&amp;theme=light&amp;widgetsVersion=2615f7e52b7e0%3A1702314776716&amp;width=550px\" frameborder=\"0\" scrolling=\"no\" allowfullscreen=\"allowfullscreen\" data-tweet-id=\"1825187568834753021\" data-mce-fragment=\"1\"><\/iframe><\/div>\n<p><em><span>Tuto pozn\u00e1mku komunity jsem obdr\u017eel po 4,2 milionech zhl\u00e9dnut\u00ed. Hlavn\u00ed d\u016fkaz pro toto tvrzen\u00ed poch\u00e1z\u00ed od Allena Dullese, pozd\u011bj\u0161\u00edho \u0159editele CIA. Pl\u00e1n je tak zl\u00fd, \u017ee distancovat se je jedinou mo\u017enost\u00ed. Probl\u00e9m je, \u017ee se to d\u011bje p\u0159ed na\u0161ima o\u010dima a v\u0161ichni vid\u00edme, kdo to d\u011bl\u00e1.<\/span><\/em><\/p>\n<div class=\"twitter-tweet twitter-tweet-rendered\"><iframe id=\"twitter-widget-1\" class=\"\" title=\"X Post\" src=\"https:\/\/platform.twitter.com\/embed\/Tweet.html?dnt=false&amp;embedId=twitter-widget-1&amp;features=eyJ0ZndfdGltZWxpbmVfbGlzdCI6eyJidWNrZXQiOltdLCJ2ZXJzaW9uIjpudWxsfSwidGZ3X2ZvbGxvd2VyX2NvdW50X3N1bnNldCI6eyJidWNrZXQiOnRydWUsInZlcnNpb24iOm51bGx9LCJ0ZndfdHdlZXRfZWRpdF9iYWNrZW5kIjp7ImJ1Y2tldCI6Im9uIiwidmVyc2lvbiI6bnVsbH0sInRmd19yZWZzcmNfc2Vzc2lvbiI6eyJidWNrZXQiOiJvbiIsInZlcnNpb24iOm51bGx9LCJ0ZndfZm9zbnJfc29mdF9pbnRlcnZlbnRpb25zX2VuYWJsZWQiOnsiYnVja2V0Ijoib24iLCJ2ZXJzaW9uIjpudWxsfSwidGZ3X21peGVkX21lZGlhXzE1ODk3Ijp7ImJ1Y2tldCI6InRyZWF0bWVudCIsInZlcnNpb24iOm51bGx9LCJ0ZndfZXhwZXJpbWVudHNfY29va2llX2V4cGlyYXRpb24iOnsiYnVja2V0IjoxMjA5NjAwLCJ2ZXJzaW9uIjpudWxsfSwidGZ3X3Nob3dfYmlyZHdhdGNoX3Bpdm90c19lbmFibGVkIjp7ImJ1Y2tldCI6Im9uIiwidmVyc2lvbiI6bnVsbH0sInRmd19kdXBsaWNhdGVfc2NyaWJlc190b19zZXR0aW5ncyI6eyJidWNrZXQiOiJvbiIsInZlcnNpb24iOm51bGx9LCJ0ZndfdXNlX3Byb2ZpbGVfaW1hZ2Vfc2hhcGVfZW5hYmxlZCI6eyJidWNrZXQiOiJvbiIsInZlcnNpb24iOm51bGx9LCJ0ZndfdmlkZW9faGxzX2R5bmFtaWNfbWFuaWZlc3RzXzE1MDgyIjp7ImJ1Y2tldCI6InRydWVfYml0cmF0ZSIsInZlcnNpb24iOm51bGx9LCJ0ZndfbGVnYWN5X3RpbWVsaW5lX3N1bnNldCI6eyJidWNrZXQiOnRydWUsInZlcnNpb24iOm51bGx9LCJ0ZndfdHdlZXRfZWRpdF9mcm9udGVuZCI6eyJidWNrZXQiOiJvbiIsInZlcnNpb24iOm51bGx9fQ%3D%3D&amp;frame=false&amp;hideCard=false&amp;hideThread=false&amp;id=1825787672331432106&amp;lang=de&amp;origin=https%3A%2F%2Funcutnews.ch%2Funsere-macht-wird-unsichtbar-sein-enthuellung-eines-angeblichen-plans-zur-weltherrschaft%2F&amp;sessionId=da745cbd47e2a1765bc8e97c0aecd53dce34db31&amp;theme=light&amp;widgetsVersion=2615f7e52b7e0%3A1702314776716&amp;width=550px\" frameborder=\"0\" scrolling=\"no\" allowfullscreen=\"allowfullscreen\" data-tweet-id=\"1825787672331432106\" data-mce-fragment=\"1\"><\/iframe><\/div>\n<\/div>\n<\/div>\n<div class=\"elementor-element elementor-element-46a8472 elementor-grid-3 elementor-grid-tablet-2 elementor-grid-mobile-1 elementor-posts--thumbnail-top elementor-widget elementor-widget-posts\" data-id=\"46a8472\" data-element_type=\"widget\" data-settings=\"{&quot;classic_row_gap&quot;:{&quot;unit&quot;:&quot;px&quot;,&quot;size&quot;:25,&quot;sizes&quot;:[]},&quot;classic_columns&quot;:&quot;3&quot;,&quot;classic_columns_tablet&quot;:&quot;2&quot;,&quot;classic_columns_mobile&quot;:&quot;1&quot;,&quot;classic_row_gap_tablet&quot;:{&quot;unit&quot;:&quot;px&quot;,&quot;size&quot;:&quot;&quot;,&quot;sizes&quot;:[]},&quot;classic_row_gap_mobile&quot;:{&quot;unit&quot;:&quot;px&quot;,&quot;size&quot;:&quot;&quot;,&quot;sizes&quot;:[]}}\" data-widget_type=\"posts.classic\">\n<div class=\"elementor-widget-container\">\n<div class=\"elementor-posts-container elementor-posts elementor-posts--skin-classic elementor-grid elementor-has-item-ratio\">\n<em>Autor. Kim Dotcom<\/p>\n<p><\/em><\/div>\n<\/div>\n<\/div>\n","protected":false},"excerpt":{"rendered":"<p>Tento p\u0159\u00edsp\u011bvek by mohl b\u00fdt t\u00edm nejd\u016fle\u017eit\u011bj\u0161\u00edm, co kdy \u010dtete, proto\u017ee nab\u00edz\u00ed jednoduch\u00e9 vysv\u011btlen\u00ed, pro\u010d&#8230;<\/p>\n","protected":false},"author":2,"featured_media":34779,"comment_status":"closed","ping_status":"closed","sticky":false,"template":"","format":"standard","meta":[],"categories":[7],"tags":[279,1503,5739,276,48],"_links":{"self":[{"href":"https:\/\/www.infokuryr.cz\/n\/wp-json\/wp\/v2\/posts\/60358"}],"collection":[{"href":"https:\/\/www.infokuryr.cz\/n\/wp-json\/wp\/v2\/posts"}],"about":[{"href":"https:\/\/www.infokuryr.cz\/n\/wp-json\/wp\/v2\/types\/post"}],"author":[{"embeddable":true,"href":"https:\/\/www.infokuryr.cz\/n\/wp-json\/wp\/v2\/users\/2"}],"replies":[{"embeddable":true,"href":"https:\/\/www.infokuryr.cz\/n\/wp-json\/wp\/v2\/comments?post=60358"}],"version-history":[{"count":0,"href":"https:\/\/www.infokuryr.cz\/n\/wp-json\/wp\/v2\/posts\/60358\/revisions"}],"wp:featuredmedia":[{"embeddable":true,"href":"https:\/\/www.infokuryr.cz\/n\/wp-json\/wp\/v2\/media\/34779"}],"wp:attachment":[{"href":"https:\/\/www.infokuryr.cz\/n\/wp-json\/wp\/v2\/media?parent=60358"}],"wp:term":[{"taxonomy":"category","embeddable":true,"href":"https:\/\/www.infokuryr.cz\/n\/wp-json\/wp\/v2\/categories?post=60358"},{"taxonomy":"post_tag","embeddable":true,"href":"https:\/\/www.infokuryr.cz\/n\/wp-json\/wp\/v2\/tags?post=60358"}],"curies":[{"name":"wp","href":"https:\/\/api.w.org\/{rel}","templated":true}]}}