{"id":60328,"date":"2024-08-20T00:30:08","date_gmt":"2024-08-19T22:30:08","guid":{"rendered":"https:\/\/www.infokuryr.cz\/n\/?p=60328"},"modified":"2024-08-19T20:38:00","modified_gmt":"2024-08-19T18:38:00","slug":"ondrej-prokop-rakusan-prekypuje-sebevedomim-stanjura-taji-kolik-penez-ma-cr-v-rezervach","status":"publish","type":"post","link":"https:\/\/www.infokuryr.cz\/n\/2024\/08\/20\/ondrej-prokop-rakusan-prekypuje-sebevedomim-stanjura-taji-kolik-penez-ma-cr-v-rezervach\/","title":{"rendered":"Ond\u0159ej Prokop: Raku\u0161an p\u0159ekypuje sebev\u011bdom\u00edm. Stanjura taj\u00ed, kolik pen\u011bz m\u00e1 \u010cR v rezerv\u00e1ch"},"content":{"rendered":"<div id=\"fb-root\"><\/div>\n<p>Ministra Raku\u0161ana, kter\u00fd s\u00e1m sebe ozna\u010dil za zku\u0161en\u00e9ho krizov\u00e9ho mana\u017eera, zasko\u010dila bou\u0159ka. No jo, na ten jeho \u0161ifrovan\u00fd telefon z Dozimetru nejsp\u00ed\u0161 nejde nainstalovat meteoradar..<\/p>\n<p>\ud83d\udc49 Asoci\u00e1ln\u00ed ODS trv\u00e1 na v\u00fdpov\u011bd\u00edch bez ud\u00e1n\u00ed d\u016fvodu. Jin\u00fdmi slovy, aby se \u0161\u00e9fov\u00e9 mohli zbavit sv\u00fdch zam\u011bstnanc\u016f t\u0159eba pro politickou nebo sexu\u00e1ln\u00ed orientaci. To je sen ob\u010dansk\u00fdch demokrat\u016f, kter\u00fd si rozhodn\u011b necht\u011bj\u00ed nechat vz\u00edt. Podle m\u011b by se rad\u0161i m\u011bli v\u011bnovat pln\u011bn\u00ed sv\u00fdch slib\u016f ob\u010dan\u016fm.<\/p>\n<p>\ud83d\udc49 M\u00e1me druhou p\u016flku srpna a tragick\u00e1 digitalizace Pir\u00e1ta Barto\u0161e po\u0159\u00e1d brzd\u00ed nejen cel\u00fd stavebn\u00ed pr\u016fmysl \u010cesk\u00e9 republiky, ale ohro\u017euje i \u0161koly a \u0161kolky, kter\u00e9 do z\u00e1\u0159\u00ed nejsp\u00ed\u0161 nestihnou b\u00fdt zkolaudov\u00e1ny. \u00da\u0159edn\u00edci zva\u017euj\u00ed st\u00e1vku \u010di v\u00fdpov\u011bdi. \u017de by ale Barto\u0161 uznal fat\u00e1ln\u00ed selh\u00e1n\u00ed a rezignoval? Kdepak.<\/p>\n<p>\ud83d\udc49 Hasi\u010di, policist\u00e9, u\u010ditel\u00e9 a dal\u0161\u00ed zam\u011bstnanci st\u00e1tu z\u0159ejm\u011b ostrouhaj\u00ed. Podle ministra Stanjury na zv\u00fd\u0161en\u00ed jejich platu nejsou pen\u00edze. Rezervy jsou pr\u00fd skoro vy\u010derp\u00e1ny, ale kolik v nich zb\u00fdv\u00e1, to u\u017e nikdo nev\u00ed. Stanjura to taj\u00ed. Na n\u00e1kupy pro arm\u00e1du ale pen\u00edze jsou &#8211; ministerstvo obrany m\u00e1 zak\u00e1zky za p\u016fl bilionu K\u010d.<\/p>\n<p>\ud83d\udc49 Fiala se chlub\u00ed, \u017ee meziro\u010dn\u00ed inflace je kolem 2 %. To m\u00e1 sice pravdu, ale u\u017e ne\u0159\u00edk\u00e1, \u017ee za posledn\u00ed 3 roky je inflace v \u010cesku st\u00e1le p\u0159es 30 %.<\/p>\n<p>\ud83d\udc49 Vezmeme si Sen\u00e1t zp\u00e1tky! Minul\u00fd t\u00fdden jsme v Praze odstartovali kampa\u0148 do Sen\u00e1tu v koalici hnut\u00ed ANO a Motorist\u00e9 sob\u011b. Je t\u0159eba vr\u00e1tit zdrav\u00fd rozum do politiky. Dr\u017ete n\u00e1m palce a budeme r\u00e1di, kdy\u017e se s n\u00e1mi potk\u00e1te na n\u011bkter\u00e9m z mnoha setk\u00e1n\u00ed, kter\u00e1 v n\u00e1sleduj\u00edc\u00edch t\u00fddnech budou.<\/p>\n<p>\ud83d\udc49 \u0158idi\u010di se na &#8222;Barran\u010f\u00e1ku&#8220; do\u010dkaj\u00ed dal\u0161\u00edch komplikac\u00ed. Nejv\u00edc m\u011b mrz\u00ed, \u017ee H\u0159ib a Svoboda nijak nekoordinuj\u00ed rekonstrukci s ministrem Kupkou, kter\u00fd zase uzav\u0159el Pra\u017esk\u00fd okruh, co\u017e vyvolalo dal\u0161\u00ed kolaps dopravy ve m\u011bst\u011b. K \u010demu teda je ta koalice na vl\u00e1dn\u00edm p\u016fdorysu, kdy\u017e se nedok\u00e1\u017eou domluvit?<\/p>\n<p>\ud83d\udc49 Novinky psaly: &#8222;Uzav\u00edrek je moc a jsou nelogick\u00e9, st\u011b\u017euj\u00ed si pra\u017e\u0161t\u00ed \u0159idi\u010di.&#8220; Nem\u00e1m k tomu u\u017e co \u0159\u00edct. N\u00e1m\u011bstek pro dopravu H\u0159ib to prost\u011b nezvl\u00e1d\u00e1. Nem\u00e1 na to a m\u011bl u\u017e d\u00e1vno odstoupit.<\/p>\n<p>\ud83d\udc49 Praha m\u011bla \u0161anci z\u00edskat ZADARMO jedine\u010dn\u00fd st\u00e1tn\u00ed pozemek pod Pet\u0159\u00ednem. M\u00edsto toho p\u016fjde op\u011bt do soukrom\u00fdch rukou. To je ta Fialova privatizace. V\u011bd\u011bli jste, \u017ee st\u00e1t vyprod\u00e1v\u00e1 30 tis\u00edc nemovitost\u00ed?<\/p>\n<p>\ud83d\udc49 Obrovsk\u00e1 vedra minul\u00fd t\u00fdden zas\u00e1hla m\u011bsto. Pir\u00e1ti zastavili kropen\u00ed ulic, proto\u017ee je pr\u00fd drah\u00e9 a pl\u00fdtv\u00e1 se pitnou vodou. Je to ale realita? Nen\u00ed. Praha m\u00e1 dostatek pr\u016fmyslov\u00e9 vody ke kropen\u00ed a to je nav\u00edc v\u00fdrazn\u011b levn\u011bj\u0161\u00ed, ne\u017e bylo d\u0159\u00edve.<\/p>\n<p>To v\u0161e a mnohem v\u00edc se dozv\u00edte v 97. d\u00edlu m\u00e9ho politick\u00e9ho podcastu. D\u011bkuji v\u00e1m p\u0159edem za zhl\u00e9dnut\u00ed a pros\u00edm o dal\u0161\u00ed sd\u00edlen\u00ed, a\u0165 se pravdu dozv\u00ed co nejv\u00edc lid\u00ed! T\u011b\u0161\u00edm se na dotazy i koment\u00e1\u0159e!<\/p>\n<p><iframe loading=\"lazy\" title=\"Raku\u0161an p\u0159ekypuje sebev\u011bdom\u00edm. Stanjura taj\u00ed, kolik pen\u011bz m\u00e1 \u010cR v rezerv\u00e1ch. | \u010cau Praho! #97\" width=\"640\" height=\"360\" src=\"https:\/\/www.youtube.com\/embed\/yGVu_CeNc5o?feature=oembed\" frameborder=\"0\" allow=\"accelerometer; autoplay; clipboard-write; encrypted-media; gyroscope; picture-in-picture; web-share\" referrerpolicy=\"strict-origin-when-cross-origin\" allowfullscreen><\/iframe><\/p>\n<p><span style=\"font-size: 14pt;\"><strong><br \/>\nIng. Ond\u0159ej Prokop, p\u0159edseda hnut\u00ed ANO v Praze<\/strong><\/span><\/p>\n<p>&nbsp;<\/p>\n","protected":false},"excerpt":{"rendered":"<p>Ministra Raku\u0161ana, kter\u00fd s\u00e1m sebe ozna\u010dil za zku\u0161en\u00e9ho krizov\u00e9ho mana\u017eera, zasko\u010dila bou\u0159ka. No jo, na&#8230;<\/p>\n","protected":false},"author":2,"featured_media":39290,"comment_status":"closed","ping_status":"closed","sticky":false,"template":"","format":"standard","meta":[],"categories":[6],"tags":[1503,90,1032,2798,889],"_links":{"self":[{"href":"https:\/\/www.infokuryr.cz\/n\/wp-json\/wp\/v2\/posts\/60328"}],"collection":[{"href":"https:\/\/www.infokuryr.cz\/n\/wp-json\/wp\/v2\/posts"}],"about":[{"href":"https:\/\/www.infokuryr.cz\/n\/wp-json\/wp\/v2\/types\/post"}],"author":[{"embeddable":true,"href":"https:\/\/www.infokuryr.cz\/n\/wp-json\/wp\/v2\/users\/2"}],"replies":[{"embeddable":true,"href":"https:\/\/www.infokuryr.cz\/n\/wp-json\/wp\/v2\/comments?post=60328"}],"version-history":[{"count":0,"href":"https:\/\/www.infokuryr.cz\/n\/wp-json\/wp\/v2\/posts\/60328\/revisions"}],"wp:featuredmedia":[{"embeddable":true,"href":"https:\/\/www.infokuryr.cz\/n\/wp-json\/wp\/v2\/media\/39290"}],"wp:attachment":[{"href":"https:\/\/www.infokuryr.cz\/n\/wp-json\/wp\/v2\/media?parent=60328"}],"wp:term":[{"taxonomy":"category","embeddable":true,"href":"https:\/\/www.infokuryr.cz\/n\/wp-json\/wp\/v2\/categories?post=60328"},{"taxonomy":"post_tag","embeddable":true,"href":"https:\/\/www.infokuryr.cz\/n\/wp-json\/wp\/v2\/tags?post=60328"}],"curies":[{"name":"wp","href":"https:\/\/api.w.org\/{rel}","templated":true}]}}