{"id":60310,"date":"2024-08-20T00:51:13","date_gmt":"2024-08-19T22:51:13","guid":{"rendered":"https:\/\/www.infokuryr.cz\/n\/?p=60310"},"modified":"2024-08-19T20:03:36","modified_gmt":"2024-08-19T18:03:36","slug":"a-je-tu-dalsi-moralni-facka-tzv-zapadnim-hodnotam-putin-podepsal-dekret-o-podpore-cizincu-kteri-sdileji-tradicni-hodnoty","status":"publish","type":"post","link":"https:\/\/www.infokuryr.cz\/n\/2024\/08\/20\/a-je-tu-dalsi-moralni-facka-tzv-zapadnim-hodnotam-putin-podepsal-dekret-o-podpore-cizincu-kteri-sdileji-tradicni-hodnoty\/","title":{"rendered":"A je tu dal\u0161\u00ed mor\u00e1ln\u00ed facka tzv. &#8222;z\u00e1padn\u00edm hodnot\u00e1m&#8220;! Putin podepsal dekret o podpo\u0159e cizinc\u016f, kte\u0159\u00ed sd\u00edlej\u00ed tradi\u010dn\u00ed hodnoty"},"content":{"rendered":"<div id=\"fb-root\"><\/div>\n<p><strong>Rusk\u00e9 \u00fa\u0159ady poskytnou humanit\u00e1rn\u00ed podporu ciz\u00edm ob\u010dan\u016fm, kte\u0159\u00ed nep\u0159ijmou \u201edestruktivn\u00ed neoliber\u00e1ln\u00ed postoje\u201c, kter\u00e9 existuj\u00ed v jejich zem\u00edch. Nyn\u00ed budou moci cizinci \u017e\u00e1dat o povolen\u00ed k p\u0159echodn\u00e9mu pobytu v Rusku bez p\u0159edlo\u017een\u00ed dokladu potvrzuj\u00edc\u00edho znalost rusk\u00e9ho jazyka. Odpov\u00eddaj\u00edc\u00ed dekret o pomoci lidem, kte\u0159\u00ed sd\u00edlej\u00ed tradi\u010dn\u00ed rusk\u00e9 duchovn\u00ed a mor\u00e1ln\u00ed hodnoty, podepsal Vladimir Putin. Jak vypl\u00fdv\u00e1 ze Z\u00e1klad\u016f st\u00e1tn\u00ed politiky schv\u00e1len\u00fdch v roce 2022, mezi tradi\u010dn\u00ed hodnoty pat\u0159\u00ed zejm\u00e9na siln\u00e1 rodina, vlastenectv\u00ed, historick\u00e1 pam\u011b\u0165 a kontinuita generac\u00ed a tak\u00e9 jednota n\u00e1rod\u016f Rusk\u00e9 federace.<\/strong><\/p>\n<p>V pond\u011bl\u00ed 19. srpna rusk\u00fd prezident Vladimir Putin podepsal dekret \u201eo poskytov\u00e1n\u00ed humanit\u00e1rn\u00ed podpory jednotlivc\u016fm, kte\u0159\u00ed sd\u00edlej\u00ed tradi\u010dn\u00ed rusk\u00e9 duchovn\u00ed a mor\u00e1ln\u00ed hodnoty\u201c. Dokument byl p\u0159ijat \u201eza \u00fa\u010delem ochrany z\u00e1kladn\u00edch lidsk\u00fdch pr\u00e1v a svobod, na podporu jednotlivc\u016f, kte\u0159\u00ed se svobodn\u011b rozhodli ve prosp\u011bch duchovn\u00edch, kulturn\u00edch a pr\u00e1vn\u00edch vazeb s Ruskou federac\u00ed\u201c.<\/p>\n<p><em>Podle vyhl\u00e1\u0161ky budou moci cizinci \u017e\u00e1dat o povolen\u00ed k p\u0159echodn\u00e9mu pobytu v Rusk\u00e9 federaci bez zohledn\u011bn\u00ed schv\u00e1len\u00e9 kv\u00f3ty, jako\u017e i bez p\u0159edlo\u017een\u00ed dokladu potvrzuj\u00edc\u00edho znalost rusk\u00e9ho jazyka a nezbytn\u00e9 znalosti o historii rusk\u00e9ho jazyka. Rusko a z\u00e1klady rusk\u00e9 legislativy. D\u016fvodem takov\u00e9 v\u00fdzvy m\u016f\u017ee b\u00fdt odm\u00edtnut\u00ed politiky zem\u011b, ve kter\u00e9 se narodili (nebo \u017eij\u00ed), \u201evnucov\u00e1n\u00ed destruktivn\u00edch neoliber\u00e1ln\u00edch ideologick\u00fdch sm\u011brnic\u201c, kter\u00e9 jsou v rozporu s \u201etradi\u010dn\u00edmi rusk\u00fdmi duchovn\u00edmi a mor\u00e1ln\u00edmi hodnotami\u201c.<\/em><\/p>\n<p>Rusk\u00e9 ministerstvo zahrani\u010dn\u00edch v\u011bc\u00ed dostalo pokyn vyd\u00e1vat \u017eadatel\u016fm jednor\u00e1zov\u00e1 v\u00edza s platnost\u00ed t\u0159i m\u011bs\u00edce. Krom\u011b toho mus\u00ed ministerstvo zahrani\u010dn\u00ed politiky vytvo\u0159it seznam ciz\u00edch st\u00e1t\u016f, kter\u00e9 prov\u00e1d\u011bj\u00ed destruktivn\u00ed neoliber\u00e1ln\u00ed politiku.<\/p>\n<p>Je t\u0159eba poznamenat, \u017ee v listopadu 2022\u00a0<a href=\"https:\/\/russian.rt.com\/russia\/news\/1071907-putin-gospolitika-cennosti\" target=\"_blank\" rel=\"noopener noreferrer\">prezidentsk\u00fd dekret<\/a>\u00a0schv\u00e1lil Z\u00e1klady st\u00e1tn\u00ed politiky pro zachov\u00e1n\u00ed a pos\u00edlen\u00ed tradi\u010dn\u00edch rusk\u00fdch duchovn\u00edch a mravn\u00edch hodnot. Dokument uv\u00e1d\u00ed, \u017ee tradi\u010dn\u00ed hodnoty jsou \u201emor\u00e1ln\u00edmi sm\u011brnicemi, kter\u00e9 utv\u00e1\u0159ej\u00ed sv\u011bton\u00e1zor ob\u010dan\u016f Rusk\u00e9 federace, p\u0159ed\u00e1vaj\u00ed se z generace na generaci a tvo\u0159\u00ed z\u00e1klad celorusk\u00e9 ob\u010dansk\u00e9 identity a jednotn\u00e9ho kulturn\u00edho prostoru zem\u011b\u201c.<\/p>\n<div class=\"article__cover \">\n<p><img decoding=\"async\" loading=\"lazy\" class=\"article__cover-image aligncenter\" src=\"https:\/\/mf.b37mrtl.ru\/russian\/images\/2024.08\/original\/66c35327ae5ac966a55798be.jpg\" width=\"779\" height=\"472\" \/><\/p>\n<p style=\"text-align: center;\"><em>Gettyimages.ru\u00a0\u00a9 NEBO Obr\u00e1zky<\/em><\/p>\n<\/div>\n<p>K tradi\u010dn\u00edm hodnot\u00e1m pat\u0159\u00ed \u017eivot, d\u016fstojnost, lidsk\u00e1 pr\u00e1va a svobody, vlastenectv\u00ed, ob\u010danstv\u00ed, slu\u017eba vlasti a odpov\u011bdnost za jej\u00ed osud, d\u00e1le vysok\u00e9 mor\u00e1ln\u00ed ide\u00e1ly, siln\u00e1 rodina, tv\u016fr\u010d\u00ed pr\u00e1ce, up\u0159ednostn\u011bn\u00ed duchovn\u00edho p\u0159ed materi\u00e1lem. , humanismus, milosrdenstv\u00ed, spravedlnost, kolektivismus, vz\u00e1jemn\u00e1 pomoc a vz\u00e1jemn\u00fd respekt, historick\u00e1 pam\u011b\u0165 a kontinuita generac\u00ed, jako\u017e i jednota n\u00e1rod\u016f Ruska.<\/p>\n<p><em>\u201eRusk\u00e1 federace pova\u017euje tradi\u010dn\u00ed hodnoty za z\u00e1klad rusk\u00e9 spole\u010dnosti, co\u017e n\u00e1m umo\u017e\u0148uje chr\u00e1nit a posilovat suverenitu Ruska, zaji\u0161\u0165ovat jednotu na\u0161\u00ed mnohon\u00e1rodnostn\u00ed a multin\u00e1bo\u017eensk\u00e9 zem\u011b, chr\u00e1nit lid Ruska a rozv\u00edjet lidsk\u00fd potenci\u00e1l,\u201c uv\u00e1d\u00ed\u00a0 dokument.<\/em><\/p>\n<p>O\u010dek\u00e1v\u00e1 se, \u017ee prov\u00e1d\u011bn\u00ed st\u00e1tn\u00ed politiky v ot\u00e1zce zachov\u00e1n\u00ed a pos\u00edlen\u00ed tradi\u010dn\u00edch hodnot p\u0159isp\u011bje k r\u016fstu rusk\u00e9ho lidu a tak\u00e9 k ochran\u011b rusk\u00e9 spole\u010dnosti p\u0159ed \u0161\u00ed\u0159en\u00edm destruktivn\u00ed ideologie.<\/p>\n<h2>\u201eOdv\u00e1\u017en\u00fd a nekonven\u010dn\u00ed p\u0159\u00edstup k migra\u010dn\u00ed politice\u201c<\/h2>\n<p>Rusk\u00fd parlament poznamenal, \u017ee Rusko z\u016fst\u00e1v\u00e1 jednou z m\u00e1la zem\u00ed, kter\u00e9 lze spojovat s tradi\u010dn\u00edmi hodnotami.<\/p>\n<p>\u201eNa\u0161e zem\u011b a na\u0161e kultura z\u016fst\u00e1vaj\u00ed jedin\u00fdm maj\u00e1kem zdrav\u00e9ho rozumu a zachov\u00e1n\u00ed evropsk\u00e9ho tradicionalismu v mo\u0159i tolerantn\u00edho, inkluzivn\u00edho \u0161\u00edlenstv\u00ed. Jsem r\u00e1d, \u017ee modern\u00ed Rusko je po cel\u00e9m sv\u011bt\u011b spojeno s t\u011bmi hodnotami, kter\u00e9 byly posledn\u00edch p\u00e1r tis\u00edc let naz\u00fdv\u00e1ny k\u0159es\u0165ansk\u00fdmi. A je mi up\u0159\u00edmn\u011b l\u00edto z\u00e1padn\u00edho sv\u011bta, kter\u00fd se rozhodl pro kolektivn\u00ed sebevra\u017edu prost\u0159ednictv\u00edm v\u00e1lky proti zdrav\u00e9mu rozumu a jeho kulturn\u00edmu d\u011bdictv\u00ed,\u201c \u0159ekl poslanec St\u00e1tn\u00ed dumy Vitalij Milonov.<\/p>\n<p>Jak dodal Yaroslav Nilov, p\u0159edseda v\u00fdboru St\u00e1tn\u00ed dumy pro pr\u00e1ci, soci\u00e1ln\u00ed politiku a z\u00e1le\u017eitosti veter\u00e1n\u016f, dekret prezidenta Rusk\u00e9 federace je zam\u011b\u0159en na zachov\u00e1n\u00ed duchovn\u00edho m\u00edru a tradi\u010dn\u00edch z\u00e1klad\u016f v na\u0161\u00ed multikonfesn\u00ed a multietnick\u00e9 zemi.<\/p>\n<p><em>&#8222;Toto je jasn\u00fd sign\u00e1l sv\u011btov\u00e9mu spole\u010denstv\u00ed a toto jsou p\u0159edev\u0161\u00edm pokyny pro rozvoj rusk\u00e9 st\u00e1tnosti,&#8220; vysv\u011btlil Nilov v rozhovoru s novin\u00e1\u0159i.<\/em><\/p>\n<p>\u0158\u00edd\u00edc\u00ed partner spole\u010dnosti Rusjajev a partne\u0159i, pr\u00e1vn\u00edk Ilja Rusjajev, zase zd\u016fraznil, \u017ee d\u00edky dekretu Vladim\u00edra Putina se cizinci, kte\u0159\u00ed se cht\u011bj\u00ed p\u0159est\u011bhovat do Ruska kv\u016fli nesouhlasu s politikou sv\u00fdch zem\u00ed v oblasti formov\u00e1n\u00ed duchovn\u00edch a mravn\u00edch hodnoty budou moci z\u00edskat povolen\u00ed k do\u010dasn\u00e9mu pobytu podle zjednodu\u0161en\u00e9ho sch\u00e9matu. Poznamenal, \u017ee rusk\u00e9 \u00fa\u0159ady stav\u00ed tento krok jako humanit\u00e1rn\u00ed akci zam\u011b\u0159enou na ochranu lidsk\u00fdch pr\u00e1v a svobod.<\/p>\n<p>\u201eObecn\u011b tato vyhl\u00e1\u0161ka p\u0159edstavuje odv\u00e1\u017en\u00fd a nekonven\u010dn\u00ed p\u0159\u00edstup k migra\u010dn\u00ed politice a \u00fazce ji propojuje s ideologick\u00fdmi principy. Odr\u00e1\u017e\u00ed touhu Ruska postavit se jako alternativn\u00ed t\u011b\u017ei\u0161t\u011b pro ty, kte\u0159\u00ed nesd\u00edlej\u00ed z\u00e1padn\u00ed liber\u00e1ln\u00ed hodnoty. Praktick\u00e9 prov\u00e1d\u011bn\u00ed t\u00e9to iniciativy v\u0161ak m\u016f\u017ee \u010delit \u0159ad\u011b probl\u00e9m\u016f jak v r\u00e1mci zem\u011b, tak na mezin\u00e1rodn\u00ed sc\u00e9n\u011b. Bude zaj\u00edmav\u00e9 sledovat, jak bude tento dekret implementov\u00e1n a jak\u00fd bude m\u00edt dopad na migra\u010dn\u00ed toky a mezin\u00e1rodn\u00ed image Ruska,\u201c \u0159ekl mluv\u010d\u00ed.<\/p>\n<p><img decoding=\"async\" loading=\"lazy\" class=\"alignnone size-full wp-image-1185\" src=\"http:\/\/www.infokuryr.cz\/n\/wp-content\/uploads\/2021\/04\/kuryr-podpis.png\" alt=\"\" width=\"84\" height=\"24\" \/><\/p>\n<p>&nbsp;<\/p>\n","protected":false},"excerpt":{"rendered":"<p>Rusk\u00e9 \u00fa\u0159ady poskytnou humanit\u00e1rn\u00ed podporu ciz\u00edm ob\u010dan\u016fm, kte\u0159\u00ed nep\u0159ijmou \u201edestruktivn\u00ed neoliber\u00e1ln\u00ed postoje\u201c, kter\u00e9 existuj\u00ed v&#8230;<\/p>\n","protected":false},"author":2,"featured_media":60311,"comment_status":"closed","ping_status":"closed","sticky":false,"template":"","format":"standard","meta":[],"categories":[7],"tags":[1297,2838,102,22,609],"_links":{"self":[{"href":"https:\/\/www.infokuryr.cz\/n\/wp-json\/wp\/v2\/posts\/60310"}],"collection":[{"href":"https:\/\/www.infokuryr.cz\/n\/wp-json\/wp\/v2\/posts"}],"about":[{"href":"https:\/\/www.infokuryr.cz\/n\/wp-json\/wp\/v2\/types\/post"}],"author":[{"embeddable":true,"href":"https:\/\/www.infokuryr.cz\/n\/wp-json\/wp\/v2\/users\/2"}],"replies":[{"embeddable":true,"href":"https:\/\/www.infokuryr.cz\/n\/wp-json\/wp\/v2\/comments?post=60310"}],"version-history":[{"count":1,"href":"https:\/\/www.infokuryr.cz\/n\/wp-json\/wp\/v2\/posts\/60310\/revisions"}],"predecessor-version":[{"id":60312,"href":"https:\/\/www.infokuryr.cz\/n\/wp-json\/wp\/v2\/posts\/60310\/revisions\/60312"}],"wp:featuredmedia":[{"embeddable":true,"href":"https:\/\/www.infokuryr.cz\/n\/wp-json\/wp\/v2\/media\/60311"}],"wp:attachment":[{"href":"https:\/\/www.infokuryr.cz\/n\/wp-json\/wp\/v2\/media?parent=60310"}],"wp:term":[{"taxonomy":"category","embeddable":true,"href":"https:\/\/www.infokuryr.cz\/n\/wp-json\/wp\/v2\/categories?post=60310"},{"taxonomy":"post_tag","embeddable":true,"href":"https:\/\/www.infokuryr.cz\/n\/wp-json\/wp\/v2\/tags?post=60310"}],"curies":[{"name":"wp","href":"https:\/\/api.w.org\/{rel}","templated":true}]}}