{"id":60303,"date":"2024-08-20T00:42:26","date_gmt":"2024-08-19T22:42:26","guid":{"rendered":"https:\/\/www.infokuryr.cz\/n\/?p=60303"},"modified":"2024-08-19T16:23:12","modified_gmt":"2024-08-19T14:23:12","slug":"vladimir-pelc-kraken-fasismu","status":"publish","type":"post","link":"https:\/\/www.infokuryr.cz\/n\/2024\/08\/20\/vladimir-pelc-kraken-fasismu\/","title":{"rendered":"Vladim\u00edr Pelc: Kraken fa\u0161ismu"},"content":{"rendered":"<div id=\"fb-root\"><\/div>\n<p><strong>V na\u0161em st\u00e1t\u011b se formuje \u010desk\u00e1 varianta mccarthismu. Pron\u00e1sledov\u00e1n\u00ed ob\u010dan\u016f za n\u00e1zory, kter\u00e9 jsou v\u016f\u010di aktu\u00e1ln\u00edmu politick\u00e9mu establishmentu disentn\u00ed. Po\u010d\u00e1tkem je ozna\u010dov\u00e1n\u00ed takov\u00fdch spoluob\u010dan\u016f za svin\u011b, za nep\u0159\u00e1tele st\u00e1tu a c\u00edlem je izolovat je, d\u00e1t do karant\u00e9ny.<\/strong><\/p>\n<p style=\"font-weight: 400;\">Od \u010dervna 2024 je prvn\u00edm koordin\u00e1torem strategick\u00e9 komunikace \u00da\u0159adu vl\u00e1dy \u010cR Otakar Folt\u00fdn. Sv\u00fdmi n\u00e1zory \u0161\u00ed\u0159\u00ed z\u00e1\u0161\u0165 k demokracii, ke svobod\u011b slova, k pluralit\u011b n\u00e1zor\u016f, z\u00e1\u0161\u0165 vedouc\u00ed k nen\u00e1visti k ob\u010dan\u016fm, kte\u0159\u00ed demokracii, svobodu slova a pluralitu n\u00e1zor\u016f vyzn\u00e1vaj\u00ed. Obsahem jeho vyhl\u00e1\u0161en\u00ed jsou tvrzen\u00ed, \u017ee ob\u010dan, kter\u00fd m\u00e1 ve srovn\u00e1n\u00ed s nyn\u011bj\u0161\u00edm politick\u00fdm establishmentem disentn\u00ed n\u00e1zor, je\u00a0<em>zomb\u00edk, svin\u011b, zmrd,\u00a0<\/em>a je nutn\u00e9 takov\u00e9 lidi\u00a0<em>izolovat p\u0159\u00edkopem a karant\u00e9nou<\/em>. Nositele pluralitn\u00edch, v\u016f\u010di establishmentu disentn\u00edch, n\u00e1zor\u016f ozna\u010duje za\u00a0<em>nep\u0159\u00e1tele st\u00e1tu<\/em>; dezinformac\u00ed je n\u00e1zor, kter\u00fd Folt\u00fdn \u010di nyn\u011bj\u0161\u00ed vl\u00e1dnouc\u00ed politick\u00fd re\u017eim nesd\u00edl\u00ed.<\/p>\n<p style=\"font-weight: 400;\">Agresivn\u00ed \u0161\u00ed\u0159en\u00ed fa\u0161izoidn\u00ed nen\u00e1visti nem\u00e1 s demokraci\u00ed, pluralitou n\u00e1zor\u016f, svobodou slova nic spole\u010dn\u00e9ho. N\u00e1zory produkovan\u00e9 Folt\u00fdnem jsou n\u00e1zory fa\u0161istick\u00e9; lidstvo s nimi m\u00e1 zku\u0161enost: V\u017edy to za\u010d\u00ednalo ozna\u010den\u00edm t\u011bch, kte\u0159\u00ed s re\u017eimem nesouhlasili, za\u00a0<em>svin\u011b, nep\u0159\u00e1tele st\u00e1tu,\u00a0<\/em>byli\u00a0<em>izolov\u00e1ni<\/em>, d\u00e1v\u00e1ni do\u00a0<em>karant\u00e9ny\u00a0<\/em>a nakonec likvidov\u00e1ni.<\/p>\n<p style=\"font-weight: 400;\">Rozumn\u00fd ob\u010dan ch\u00e1pe, \u017ee takov\u00e9 vulg\u00e1rn\u00ed nad\u00e1vky nejsou v\u011bcn\u00fdm argumentem. Rozumn\u00fd ob\u010dan v\u00ed, \u017ee takov\u00e9 nad\u00e1vky jsou po\u010d\u00e1tkem fa\u0161istick\u00e9ho \u0159\u00e1d\u011bn\u00ed.<\/p>\n<p style=\"font-weight: 400;\">Cel\u00e1 kausa Folt\u00fdn v\u0161ak nen\u00ed individu\u00e1ln\u00edm p\u0159\u00edpadem n\u011bjak\u00e9ho vulg\u00e1rn\u00edho nekvalifikovan\u00e9ho st\u00e1tn\u00edho \u00fa\u0159edn\u00edka \u010di jeho individu\u00e1ln\u00edm \u201eselh\u00e1n\u00edm\u201c \u2212 Folt\u00fdn reprezentuje vl\u00e1du \u010cesk\u00e9 republiky (je vl\u00e1dn\u00edm koordin\u00e1torem) a reprezentuje Hrad (je \u010dlenem Vojensk\u00e9 kancel\u00e1\u0159e prezidenta republiky); v dan\u00e9 souvislosti tak lze m\u00edt za prok\u00e1zan\u00e9, \u017ee n\u00e1zory O. Folt\u00fdna jsou n\u00e1zory vl\u00e1dy i Hradu \u2013 nikdo z vl\u00e1dy \u010cesk\u00e9 republiky ani z Hradu se proti jeho n\u00e1zor\u016fm neohradil.<\/p>\n<p style=\"font-weight: 400;\">Folt\u00fdn je produkt sou\u010dasn\u00e9ho establishmentu, je vl\u00e1dn\u00ed troubou fa\u0161istick\u00fdch n\u00e1zor\u016f. Vl\u00e1da v podob\u011b Folt\u00fdna vypustila krakena fa\u0161ismu.<\/p>\n<p><a href=\"https:\/\/vasevec.info\/blogy\/kraken-fasismu\">Vladim\u00edr Pelc<\/a><\/p>\n<p><img decoding=\"async\" loading=\"lazy\" class=\"alignnone size-full wp-image-40955\" src=\"http:\/\/www.infokuryr.cz\/n\/wp-content\/uploads\/2023\/11\/vladimir-pelc.jpg\" alt=\"\" width=\"114\" height=\"171\" \/><\/p>\n<p>&nbsp;<\/p>\n","protected":false},"excerpt":{"rendered":"<p>V na\u0161em st\u00e1t\u011b se formuje \u010desk\u00e1 varianta mccarthismu. Pron\u00e1sledov\u00e1n\u00ed ob\u010dan\u016f za n\u00e1zory, kter\u00e9 jsou v\u016f\u010di&#8230;<\/p>\n","protected":false},"author":2,"featured_media":60304,"comment_status":"closed","ping_status":"closed","sticky":false,"template":"","format":"standard","meta":[],"categories":[6],"tags":[1650,1503,7385,48,99],"_links":{"self":[{"href":"https:\/\/www.infokuryr.cz\/n\/wp-json\/wp\/v2\/posts\/60303"}],"collection":[{"href":"https:\/\/www.infokuryr.cz\/n\/wp-json\/wp\/v2\/posts"}],"about":[{"href":"https:\/\/www.infokuryr.cz\/n\/wp-json\/wp\/v2\/types\/post"}],"author":[{"embeddable":true,"href":"https:\/\/www.infokuryr.cz\/n\/wp-json\/wp\/v2\/users\/2"}],"replies":[{"embeddable":true,"href":"https:\/\/www.infokuryr.cz\/n\/wp-json\/wp\/v2\/comments?post=60303"}],"version-history":[{"count":0,"href":"https:\/\/www.infokuryr.cz\/n\/wp-json\/wp\/v2\/posts\/60303\/revisions"}],"wp:featuredmedia":[{"embeddable":true,"href":"https:\/\/www.infokuryr.cz\/n\/wp-json\/wp\/v2\/media\/60304"}],"wp:attachment":[{"href":"https:\/\/www.infokuryr.cz\/n\/wp-json\/wp\/v2\/media?parent=60303"}],"wp:term":[{"taxonomy":"category","embeddable":true,"href":"https:\/\/www.infokuryr.cz\/n\/wp-json\/wp\/v2\/categories?post=60303"},{"taxonomy":"post_tag","embeddable":true,"href":"https:\/\/www.infokuryr.cz\/n\/wp-json\/wp\/v2\/tags?post=60303"}],"curies":[{"name":"wp","href":"https:\/\/api.w.org\/{rel}","templated":true}]}}