{"id":6030,"date":"2021-11-09T02:34:56","date_gmt":"2021-11-09T01:34:56","guid":{"rendered":"http:\/\/www.infokuryr.cz\/n\/?p=6030"},"modified":"2021-11-09T02:34:56","modified_gmt":"2021-11-09T01:34:56","slug":"jansa-antifa-je-globalni-teroristicka-organizace","status":"publish","type":"post","link":"https:\/\/www.infokuryr.cz\/n\/2021\/11\/09\/jansa-antifa-je-globalni-teroristicka-organizace\/","title":{"rendered":"Jan\u0161a: Antifa je glob\u00e1ln\u00ed teroristick\u00e1 organizace"},"content":{"rendered":"<div id=\"fb-root\"><\/div>\n<p>Premi\u00e9r Slovinska Janez Jan\u0161a ozna\u010dil krajn\u011b levicov\u00e9 a extr\u00e9mistick\u00e9 hnut\u00ed Antifa\u00a8jako \u201emezin\u00e1rodn\u00ed teroristickou organizaci\u201c. Reagoval tak na nepokoje, kter\u00e9 Antifa vyprovokovala ve Francii. Dodejme, \u017ee Slovinsko v t\u00e9to dob\u011b p\u0159edsed\u00e1 Evropsk\u00e9 unii.<\/p>\n<p>Jan\u0161a na Twitteru uvedl: \u201eAntifa je glob\u00e1ln\u00ed teroristick\u00e1 organizace. Je podporov\u00e1na kapit\u00e1lem finan\u010dn\u00edch spekulant\u016f, kte\u0159\u00ed vyd\u011bl\u00e1vaj\u00ed na chaosu vyvol\u00e1van\u00e9m operacemi Antifa\u201c.<\/p>\n<p>Ji\u017e d\u0159\u00edve Janez Jan\u0161a po\u017e\u00e1dal na Twitteru George Sorose, aby se \u201edr\u017eel d\u00e1l od Evropsk\u00e9 unie a Evropy\u201c. Napsal, \u017ee \u201e\u0161pinav\u00e9 pen\u00edze\u201c Sorose poskytovan\u00e9 nevl\u00e1dn\u00edm organizac\u00edm jsou \u201enejv\u011bt\u0161\u00edm gener\u00e1torem konflikt\u016f na kontinentu\u201c.<\/p>\n<p>Dopl\u0148me, \u017ee n\u011bmeck\u00e1 Antifa vyz\u00fdv\u00e1 k\u00a0cest\u011b do Var\u0161avy 11. listopadu, kdy se tam m\u00e1 konat pochod patriot\u016f v\u00a0den v\u00fdro\u010d\u00ed vyhl\u00e1\u0161en\u00ed nez\u00e1vislosti v\u00a0roce 1918. Takov\u00e9 boj\u016fvky do Polska dorazily z\u00a0N\u011bmecka ve stejn\u00fd v\u00fdro\u010dn\u00ed den ji\u017e v\u00a0roce 2011 a \u010dlenov\u00e9 Antifa v ulic\u00edch Var\u0161avy surov\u011b napadali polsk\u00e9 ob\u010dany.<\/p>\n<p><em>Ilustra\u010dn\u00ed foto: S Antifou je v\u00a0\u010cesku \u010dasto spojov\u00e1n i p\u0159edseda Pir\u00e1t\u016f I. Barto\u0161<\/em><\/p>\n<p><a href=\"http:\/\/vasevec.parlamentnilisty.cz\/jansa-antifa-je-globalni-teroristicka-organizace\">Jan Urbach<\/a><\/p>\n<p>&nbsp;<\/p>\n","protected":false},"excerpt":{"rendered":"<p>Premi\u00e9r Slovinska Janez Jan\u0161a ozna\u010dil krajn\u011b levicov\u00e9 a extr\u00e9mistick\u00e9 hnut\u00ed Antifa\u00a8jako \u201emezin\u00e1rodn\u00ed teroristickou organizaci\u201c. Reagoval&#8230;<\/p>\n","protected":false},"author":2,"featured_media":863,"comment_status":"closed","ping_status":"closed","sticky":false,"template":"","format":"standard","meta":[],"categories":[7],"tags":[70,835],"_links":{"self":[{"href":"https:\/\/www.infokuryr.cz\/n\/wp-json\/wp\/v2\/posts\/6030"}],"collection":[{"href":"https:\/\/www.infokuryr.cz\/n\/wp-json\/wp\/v2\/posts"}],"about":[{"href":"https:\/\/www.infokuryr.cz\/n\/wp-json\/wp\/v2\/types\/post"}],"author":[{"embeddable":true,"href":"https:\/\/www.infokuryr.cz\/n\/wp-json\/wp\/v2\/users\/2"}],"replies":[{"embeddable":true,"href":"https:\/\/www.infokuryr.cz\/n\/wp-json\/wp\/v2\/comments?post=6030"}],"version-history":[{"count":0,"href":"https:\/\/www.infokuryr.cz\/n\/wp-json\/wp\/v2\/posts\/6030\/revisions"}],"wp:featuredmedia":[{"embeddable":true,"href":"https:\/\/www.infokuryr.cz\/n\/wp-json\/wp\/v2\/media\/863"}],"wp:attachment":[{"href":"https:\/\/www.infokuryr.cz\/n\/wp-json\/wp\/v2\/media?parent=6030"}],"wp:term":[{"taxonomy":"category","embeddable":true,"href":"https:\/\/www.infokuryr.cz\/n\/wp-json\/wp\/v2\/categories?post=6030"},{"taxonomy":"post_tag","embeddable":true,"href":"https:\/\/www.infokuryr.cz\/n\/wp-json\/wp\/v2\/tags?post=6030"}],"curies":[{"name":"wp","href":"https:\/\/api.w.org\/{rel}","templated":true}]}}