{"id":60296,"date":"2024-08-20T00:33:16","date_gmt":"2024-08-19T22:33:16","guid":{"rendered":"https:\/\/www.infokuryr.cz\/n\/?p=60296"},"modified":"2024-08-19T15:58:31","modified_gmt":"2024-08-19T13:58:31","slug":"erik-best-vyvoz-energii-na-ukrajinu","status":"publish","type":"post","link":"https:\/\/www.infokuryr.cz\/n\/2024\/08\/20\/erik-best-vyvoz-energii-na-ukrajinu\/","title":{"rendered":"Erik Best: V\u00fdvoz energi\u00ed na Ukrajinu"},"content":{"rendered":"<div id=\"fb-root\"><\/div>\n<p>Stejn\u011b jako n\u00e1kup st\u00edha\u010dek F-35 s\u00a0dodac\u00ed lh\u016ftou za deset let odv\u00e1d\u00ed pozornost od ot\u00e1zky, jak se br\u00e1nit proti hroz\u00edc\u00ed rusk\u00e9 invazi, tak i\u00a0velk\u00fd z\u00e1jem Fialovy vl\u00e1dy o\u00a0podpis smlouvy na nov\u00e9 jadern\u00e9 bloky odv\u00e1d\u00ed pozornost od nal\u00e9hav\u011bj\u0161\u00ed ot\u00e1zky, jak\u00fd dopad bude m\u00edt na \u010cechy v\u00e1lka na Ukrajin\u011b tuto zimu.<\/p>\n<p>Evropsk\u00e1 komisa\u0159ka pro energetiku Kadri Simsonov\u00e1 pro dne\u0161n\u00ed\u00a0<a href=\"https:\/\/www.ft.com\/content\/75649cf7-b40d-45da-94d0-6a571308f74b\" target=\"_blank\" rel=\"noopener\">Financial Times<\/a>\u00a0uvedla, \u017ee \u201emus\u00edme Ukrajince zachr\u00e1nit p\u0159ed katastrof\u00e1ln\u00edm nedostatkem energie v\u00a0zim\u011b\u201c. Jednou z\u00a0jej\u00edch \u0161esti v\u00fdzev je postupn\u00e9 roz\u0161\u00ed\u0159en\u00ed maxim\u00e1ln\u00edho objemu elekt\u0159iny, kterou lze na Ukrajinu vyv\u00e9zt z\u00a0jin\u00fdch \u010d\u00e1st\u00ed Evropy. Dal\u0161\u00ed je zasl\u00e1n\u00ed co nejv\u011bt\u0161\u00edho po\u010dtu mal\u00fdch decentralizovan\u00fdch gener\u00e1tor\u016f. Ty vy\u017eaduj\u00ed palivo, kter\u00e9ho tak\u00e9 bude pot\u0159eba dodat v\u00edce. Ukrajina nesm\u00ed z\u016fstat sama, proto\u017ee se p\u0159ipravuje na svou dosud nejt\u011b\u017e\u0161\u00ed zimu, uzav\u0159ela Simsonov\u00e1.<\/p>\n<p>Ne\u017e ministr pr\u016fmyslu Jozef S\u00edkela odjede do Bruselu, m\u011bl by p\u0159edlo\u017eit podrobnou progn\u00f3zu, zda dosud nejt\u011b\u017e\u0161\u00ed ukrajinsk\u00e1 zima bude pro \u010desk\u00e9 dom\u00e1cnosti a\u00a0firmy znamenat n\u00e1r\u016fst cen energi\u00ed, jejich nedostatek \u010di p\u0159\u00edd\u011bly.<\/p>\n<p><a href=\"https:\/\/www.fsfinalword.cz\/?page=archive&amp;day=2024-08-19&amp;utm_source=utm_source%3Dnewsletter&amp;utm_medium=utm_medum%3De-mail&amp;utm_campaign=utm_campaign%3Dfinal_word_19.8.2024\">Erik Best<\/a><\/p>\n<p><img decoding=\"async\" loading=\"lazy\" class=\"alignnone  wp-image-1179\" src=\"http:\/\/www.infokuryr.cz\/n\/wp-content\/uploads\/2021\/04\/erik-best.jpg\" alt=\"\" width=\"143\" height=\"161\" \/><\/p>\n<p>&nbsp;<\/p>\n","protected":false},"excerpt":{"rendered":"<p>Stejn\u011b jako n\u00e1kup st\u00edha\u010dek F-35 s\u00a0dodac\u00ed lh\u016ftou za deset let odv\u00e1d\u00ed pozornost od ot\u00e1zky, jak&#8230;<\/p>\n","protected":false},"author":2,"featured_media":59176,"comment_status":"closed","ping_status":"closed","sticky":false,"template":"","format":"standard","meta":[],"categories":[6],"tags":[285,1503,371,26],"_links":{"self":[{"href":"https:\/\/www.infokuryr.cz\/n\/wp-json\/wp\/v2\/posts\/60296"}],"collection":[{"href":"https:\/\/www.infokuryr.cz\/n\/wp-json\/wp\/v2\/posts"}],"about":[{"href":"https:\/\/www.infokuryr.cz\/n\/wp-json\/wp\/v2\/types\/post"}],"author":[{"embeddable":true,"href":"https:\/\/www.infokuryr.cz\/n\/wp-json\/wp\/v2\/users\/2"}],"replies":[{"embeddable":true,"href":"https:\/\/www.infokuryr.cz\/n\/wp-json\/wp\/v2\/comments?post=60296"}],"version-history":[{"count":0,"href":"https:\/\/www.infokuryr.cz\/n\/wp-json\/wp\/v2\/posts\/60296\/revisions"}],"wp:featuredmedia":[{"embeddable":true,"href":"https:\/\/www.infokuryr.cz\/n\/wp-json\/wp\/v2\/media\/59176"}],"wp:attachment":[{"href":"https:\/\/www.infokuryr.cz\/n\/wp-json\/wp\/v2\/media?parent=60296"}],"wp:term":[{"taxonomy":"category","embeddable":true,"href":"https:\/\/www.infokuryr.cz\/n\/wp-json\/wp\/v2\/categories?post=60296"},{"taxonomy":"post_tag","embeddable":true,"href":"https:\/\/www.infokuryr.cz\/n\/wp-json\/wp\/v2\/tags?post=60296"}],"curies":[{"name":"wp","href":"https:\/\/api.w.org\/{rel}","templated":true}]}}