{"id":60284,"date":"2024-08-20T00:47:37","date_gmt":"2024-08-19T22:47:37","guid":{"rendered":"https:\/\/www.infokuryr.cz\/n\/?p=60284"},"modified":"2024-08-19T15:26:51","modified_gmt":"2024-08-19T13:26:51","slug":"intenzivni-vlna-izraelskych-uderu-si-vyzadala-obeti-v-jiznim-libanonu","status":"publish","type":"post","link":"https:\/\/www.infokuryr.cz\/n\/2024\/08\/20\/intenzivni-vlna-izraelskych-uderu-si-vyzadala-obeti-v-jiznim-libanonu\/","title":{"rendered":"Intenzivn\u00ed vlna izraelsk\u00fdch \u00fader\u016f si vy\u017e\u00e1dala ob\u011bti v ji\u017en\u00edm Libanonu"},"content":{"rendered":"<div id=\"fb-root\"><\/div>\n<p><strong><span>Dal\u0161\u00ed vlna izraelsk\u00fdch \u00fader\u016f zas\u00e1hla ji\u017en\u00ed Libanon, srdce Hizball\u00e1hu, 18. srpna a zp\u016fsobila \u0159adu ob\u011bt\u00ed.<\/span><\/strong><\/p>\n<p><span>Izraelsk\u00e9 obrann\u00e9 s\u00edly (IDF) v prohl\u00e1\u0161en\u00ed uvedly, \u017ee zas\u00e1hly bu\u0148ku Hizball\u00e1hu a sklad zbran\u00ed t\u00e9to skupiny ve m\u011bst\u011b Chebaa. Dal\u0161\u00ed skladi\u0161t\u011b zbran\u00ed a budova pou\u017e\u00edvan\u00e1 skupinou byly zasa\u017eeny ve m\u011bstech Ayta ash-Shab a Matmoura. Ve m\u011bst\u011b at-Tiri byl podle arm\u00e1dy zasa\u017een tak\u00e9 raketomet.<\/span><\/p>\n<p><span>Libanonsk\u00e1 m\u00e9dia uvedla, \u017ee p\u0159i \u00fatoku na Chebaa byl zabit mu\u017e, ani\u017e by objasnila, zda jde o civilistu nebo bojovn\u00edka Hizball\u00e1hu.<\/span><\/p>\n<p><span>Krom\u011b toho byli t\u0159i ghan\u0161t\u00ed p\u0159\u00edslu\u0161n\u00edci m\u00edrov\u00fdch sil \u00fadajn\u011b zran\u011bni, kdy\u017e bylo pobl\u00ed\u017e m\u011bsta Dhayra zasa\u017eeno vozidlo prozat\u00edmn\u00edch sil OSN v Libanonu.<\/span><\/p>\n<p><iframe loading=\"lazy\" src=\"https:\/\/s5.cdnstatic.space\/wp-content\/uploads\/2024\/08\/twitsave.com_gCXZnqfOiBfRbDvM.mp4\" width=\"600\" height=\"338\" data-mce-fragment=\"1\"><\/iframe><\/p>\n<p><span>Hizball\u00e1h ze sv\u00e9 strany zah\u00e1jil p\u011bt \u00fatok\u016f proti IDF v reakci na ned\u00e1vn\u00e9 \u00fatoky na ji\u017en\u00ed Libanon a na podporu palestinsk\u00e9ho lidu v p\u00e1smu Gazy.<\/span><\/p>\n<p><span>Skupina v samostatn\u00fdch prohl\u00e1\u0161en\u00edch uvedla, \u017ee jej\u00ed bojovn\u00edci vyp\u00e1lili p\u0159\u00edval raket na velitelstv\u00ed batalionu IDF v \u00fadol\u00ed pobl\u00ed\u017e osady Beit Hillel, zas\u00e1hli sledovac\u00ed za\u0159\u00edzen\u00ed v lokalit\u011b Ruwaysat al-Alam a ost\u0159elovali hrani\u010dn\u00ed oblasti al-Marj, al-Maliki\u00e1\u0161 a Zarit.<\/span><\/p>\n<p><span>IDF tak\u00e9 uvedla, \u017ee na osadu Kirjat \u0160mona z Libanonu bylo vypu\u0161t\u011bno asi 20 raket, p\u0159i\u010dem\u017e mnoh\u00e9 z nich zachytily syst\u00e9my protivzdu\u0161n\u00e9 obrany Iron Dome. \u00datok zp\u016fsobil ur\u010dit\u00e9 materi\u00e1ln\u00ed ztr\u00e1ty. Hebrejsk\u00e1 m\u00e9dia v\u0161ak nehl\u00e1sila \u017e\u00e1dn\u00e9 ob\u011bti. Hizball\u00e1h se k odpov\u011bdnosti zat\u00edm nep\u0159ihl\u00e1sil.<\/span><\/p>\n<p><iframe loading=\"lazy\" src=\"https:\/\/s5.cdnstatic.space\/wp-content\/uploads\/2024\/08\/twitsave.com_XV1W5vMB5xq7moQq.mp4\" width=\"600\" height=\"338\" data-mce-fragment=\"1\"><\/iframe><\/p>\n<p><iframe loading=\"lazy\" src=\"https:\/\/s5.cdnstatic.space\/wp-content\/uploads\/2024\/08\/twitsave.com_HeQ4OJCchCx19Kfp.mp4\" width=\"600\" height=\"338\" data-mce-fragment=\"1\"><\/iframe><\/p>\n<p><iframe loading=\"lazy\" src=\"https:\/\/s5.cdnstatic.space\/wp-content\/uploads\/2024\/08\/twitsave.com_YuwqPxZwxjyQaWFn.mp4\" width=\"600\" height=\"338\" data-mce-fragment=\"1\"><\/iframe><\/p>\n<p><span>Hizball\u00e1h a jeho spojenci v Libanonu zahajuj\u00ed \u00fatoky proti IDF na podporu Gazy od za\u010d\u00e1tku izraelsk\u00e9 v\u00e1lky v p\u00e1smu loni v \u0159\u00edjnu.<\/span><\/p>\n<p><span>Konfrontace si dosud vy\u017e\u00e1dala 26 mrtv\u00fdch civilist\u016f v Izraeli a na okupovan\u00fdch Golanech a tak\u00e9 smrt nejm\u00e9n\u011b 18 voj\u00e1k\u016f a bezpe\u010dnostn\u00edch d\u016fstojn\u00edk\u016f. Na libanonsk\u00e9 stran\u011b bylo zabito v\u00edce ne\u017e 600 lid\u00ed, v\u010detn\u011b 393 bojovn\u00edk\u016f Hizball\u00e1hu a v\u00edce ne\u017e 100 civilist\u016f.<\/span><\/p>\n<p><img decoding=\"async\" loading=\"lazy\" class=\"alignnone size-full wp-image-1185\" src=\"http:\/\/www.infokuryr.cz\/n\/wp-content\/uploads\/2021\/04\/kuryr-podpis.png\" alt=\"\" width=\"84\" height=\"24\" \/><\/p>\n<p>&nbsp;<\/p>\n","protected":false},"excerpt":{"rendered":"<p>Dal\u0161\u00ed vlna izraelsk\u00fdch \u00fader\u016f zas\u00e1hla ji\u017en\u00ed Libanon, srdce Hizball\u00e1hu, 18. srpna a zp\u016fsobila \u0159adu ob\u011bt\u00ed&#8230;.<\/p>\n","protected":false},"author":2,"featured_media":48363,"comment_status":"closed","ping_status":"closed","sticky":false,"template":"","format":"standard","meta":[],"categories":[7],"tags":[107,405,1863,5135],"_links":{"self":[{"href":"https:\/\/www.infokuryr.cz\/n\/wp-json\/wp\/v2\/posts\/60284"}],"collection":[{"href":"https:\/\/www.infokuryr.cz\/n\/wp-json\/wp\/v2\/posts"}],"about":[{"href":"https:\/\/www.infokuryr.cz\/n\/wp-json\/wp\/v2\/types\/post"}],"author":[{"embeddable":true,"href":"https:\/\/www.infokuryr.cz\/n\/wp-json\/wp\/v2\/users\/2"}],"replies":[{"embeddable":true,"href":"https:\/\/www.infokuryr.cz\/n\/wp-json\/wp\/v2\/comments?post=60284"}],"version-history":[{"count":0,"href":"https:\/\/www.infokuryr.cz\/n\/wp-json\/wp\/v2\/posts\/60284\/revisions"}],"wp:featuredmedia":[{"embeddable":true,"href":"https:\/\/www.infokuryr.cz\/n\/wp-json\/wp\/v2\/media\/48363"}],"wp:attachment":[{"href":"https:\/\/www.infokuryr.cz\/n\/wp-json\/wp\/v2\/media?parent=60284"}],"wp:term":[{"taxonomy":"category","embeddable":true,"href":"https:\/\/www.infokuryr.cz\/n\/wp-json\/wp\/v2\/categories?post=60284"},{"taxonomy":"post_tag","embeddable":true,"href":"https:\/\/www.infokuryr.cz\/n\/wp-json\/wp\/v2\/tags?post=60284"}],"curies":[{"name":"wp","href":"https:\/\/api.w.org\/{rel}","templated":true}]}}