{"id":60282,"date":"2024-08-20T00:47:23","date_gmt":"2024-08-19T22:47:23","guid":{"rendered":"https:\/\/www.infokuryr.cz\/n\/?p=60282"},"modified":"2024-08-19T16:31:57","modified_gmt":"2024-08-19T14:31:57","slug":"zelenskyj-putinovo-nejvetsi-aktivum","status":"publish","type":"post","link":"https:\/\/www.infokuryr.cz\/n\/2024\/08\/20\/zelenskyj-putinovo-nejvetsi-aktivum\/","title":{"rendered":"Zelenskyj \u2013 Putinovo nejv\u011bt\u0161\u00ed aktivum"},"content":{"rendered":"<div id=\"fb-root\"><\/div>\n<p>Zelenskyj je skute\u010dn\u011b nejv\u011bt\u0161\u00ed Putinovo bohatstv\u00ed. \u010ct\u011bte d\u00e1l a uvid\u00edte pro\u010d.<\/p>\n<p><a href=\"https:\/\/theduran.com\/kursk-becomes-ukrs-trap-heavy-losses-rus-retakes-ground-ukr-toretsk-disaster-niu-york-falling-vuhledar\/\">Vynikaj\u00edc\u00ed Alex Mercouris ve sv\u00e9m nejnov\u011bj\u0161\u00edm videu\u00a0<\/a>\u00a0mluv\u00ed o Kursku \u2013 co\u017e do zna\u010dn\u00e9 m\u00edry potvrzuje to, co jsem \u0159\u00edkal ve sv\u00fdch p\u0159edchoz\u00edch \u010dl\u00e1nc\u00edch o tomto debaklu.<\/p>\n<h3><span style=\"font-size: 18pt;\"><strong>Past?<\/strong><\/span><\/h3>\n<p>V\u0161iml jsem si, \u017ee p\u0159ed dv\u011bma m\u011bs\u00edci Putin po\u017e\u00e1dal ministerstvo obrany, aby st\u00e1hlo brance z obrann\u00fdch povinnost\u00ed v pohrani\u010dn\u00edch oblastech a nahradilo je speci\u00e1ln\u00edmi jednotkami a pravideln\u00fdmi bojov\u00fdmi jednotkami.<\/p>\n<p>Mercouris m\u00e1 d\u016fv\u011bryhodn\u00fd \u2013 a zat\u00edm velmi spolehliv\u00fd \u2013 zdroj, kter\u00fd ho z\u0159ejm\u011b p\u0159ed \u010dasem varoval, \u017ee Ukrajinci p\u0159ipravuj\u00ed \u00fatok na Kursk!<\/p>\n<p>Zd\u00e1lo se, \u017ee to Rusov\u00e9 zvou \u2013 odminovali pohrani\u010dn\u00ed oblasti a st\u00e1hli v\u011bt\u0161inu sv\u00fdch t\u011b\u017ek\u00fdch jednotek do t\u00fdlu, na v\u00fdchod od jadern\u00e9 elektr\u00e1rny Kursk.<\/p>\n<p>Opravdu Rusko p\u0159ipravilo past?<\/p>\n<div id=\"attachment_209164\" class=\"wp-caption aligncenter\" style=\"width: 608px;\">\n<p><a href=\"https:\/\/s5.cdnstatic.space\/wp-content\/uploads\/2024\/08\/12.jpg\" target=\"_blank\" rel=\"noopener\"><img decoding=\"async\" loading=\"lazy\" class=\"wp-image-209164\" title=\"Zelenskij - nejv\u011bt\u0161\u00ed Putin\u016fv majetek\" src=\"https:\/\/s5.cdnstatic.space\/wp-content\/uploads\/2024\/08\/12-490x293.jpg\" sizes=\"(max-width: 600px) 100vw, 600px\" srcset=\"https:\/\/s5.cdnstatic.space\/wp-content\/uploads\/2024\/08\/12-490x293.jpg 490w, https:\/\/s5.cdnstatic.space\/wp-content\/uploads\/2024\/08\/12.jpg 561w\" alt=\"Zelenskij - nejv\u011bt\u0161\u00ed Putin\u016fv majetek\" width=\"608\" height=\"364\" aria-describedby=\"caption-attachment-209164\" \/><\/a><\/p>\n<p id=\"caption-attachment-209164\" class=\"wp-caption-text\">Ilustrativn\u00ed obr\u00e1zek<\/p>\n<\/div>\n<p>Pokud by tomu tak bylo, muselo by to vypadat, \u017ee se neo\u010dek\u00e1v\u00e1, \u017ee Ukrajinci za\u00fato\u010d\u00ed p\u0159es hranici \u2013 i kdy\u017e to Ukrajinci ji\u017e \u010das od \u010dasu u\u010dinili \u2013 \u00fatoky mal\u00fdch skupin.<\/p>\n<p>Tuto teorii podporuje, jak jsem tak\u00e9 ji\u017e d\u0159\u00edve poznamenal, skute\u010dnost, \u017ee se zd\u00e1, \u017ee \u00fato\u010dn\u00e9 s\u00edly byly sestaveny nahodile s malou skute\u010dnou p\u0159\u00edpravou, p\u0159i\u010dem\u017e \u010derpaly z kombinace posledn\u00edch ukrajinsk\u00fdch elitn\u00edch jednotek, \u017eold\u00e1k\u016f a branc\u016f, spolu s ve\u0161ker\u00fdm brn\u011bn\u00edm a zbran\u011b, kter\u00e9 m\u011bli po ruce \u2013 jako by opravdu opravdu\u00a0\u00a0<em>hodn\u011b<\/em>\u00a0\u00a0sp\u011bchali, aby vyu\u017eili moment\u00e1ln\u00edho v\u00fdpadku vojensk\u00e9ho \u00fasudku na rusk\u00e9 stran\u011b \u2013 tak\u00e9 mo\u017en\u00e1 kv\u016fli nutnosti\u00a0<em>\u00a0n\u011bco<\/em>\u00a0ud\u011blat \u00a0, ne\u017e Rusov\u00e9 dobyli\u00a0<em>\u00a0cel\u00fd<\/em>\u00a0\u00a0Donbas \u2013 nyn\u00ed d\u011bje je\u0161t\u011b rychleji.<\/p>\n<div id=\"attachment_209162\" class=\"wp-caption aligncenter\" style=\"width: 639px;\">\n<p><a href=\"https:\/\/s5.cdnstatic.space\/wp-content\/uploads\/2024\/08\/1.jpg\" target=\"_blank\" rel=\"noopener\"><img decoding=\"async\" loading=\"lazy\" class=\"wp-image-209162\" title=\"Zelenskij - nejv\u011bt\u0161\u00ed Putin\u016fv majetek\" src=\"https:\/\/s5.cdnstatic.space\/wp-content\/uploads\/2024\/08\/1-490x275.jpg\" sizes=\"(max-width: 600px) 100vw, 600px\" srcset=\"https:\/\/s5.cdnstatic.space\/wp-content\/uploads\/2024\/08\/1-490x275.jpg 490w, https:\/\/s5.cdnstatic.space\/wp-content\/uploads\/2024\/08\/1.jpg 739w\" alt=\"Zelenskij - nejv\u011bt\u0161\u00ed Putin\u016fv majetek\" width=\"639\" height=\"359\" aria-describedby=\"caption-attachment-209162\" \/><\/a><\/p>\n<p id=\"caption-attachment-209162\" class=\"wp-caption-text\">Ameri\u010dt\u00ed \u017eold\u00e1ci v Kursk\u00e9 oblasti<\/p>\n<\/div>\n<p>Aby dali dohromady kompetentn\u00ed s\u00edly schopn\u00e9 dos\u00e1hnout jak\u00e9hokoli \u00fasp\u011bchu, museli Ukronazis \u010derpat ze zdroj\u016f, kter\u00e9 mohly b\u00fdt na Donbasu vyu\u017eity l\u00e9pe.<\/p>\n<p>Zelensky si o\u010dividn\u011b myslel, \u017ee to stoj\u00ed za to.<\/p>\n<p>Vp\u00e1d do Kurska je ten druh chyby, kterou Zelenskyj d\u011bl\u00e1 od sam\u00e9ho za\u010d\u00e1tku t\u00e9to v\u00e1lky a m\u00e1 za n\u00e1sledek mo\u017en\u00e1 a\u017e milion ob\u011bt\u00ed.<\/p>\n<p>Kdy\u017e Zelenskij \u0159\u00edd\u00ed v\u011bci, maj\u00ed Rusov\u00e9 jistotu \u00fasp\u011bchu. Ano, Zelenskij\u00a0\u00a0<em>je\u00a0<\/em>\u00a0Putinov\u00fdm nejv\u011bt\u0161\u00edm bohatstv\u00edm.<\/p>\n<p>Jak zd\u016fraz\u0148uje Mercouris, Rusov\u00e9 se nyn\u00ed soust\u0159ed\u00ed na ni\u010den\u00ed ukrajinsk\u00e9 v\u00fdzbroje \u2013 tedy tank\u016f a obrn\u011bn\u00fdch vozidel a d\u011blost\u0159electva. Ukrajinsk\u00e1 vojska jsou posledn\u00ed. Rusov\u00e9 na to maj\u00ed.<\/p>\n<p>Ale Zelenskij d\u00e1l pos\u00edl\u00e1 v\u0161echny rezervy, kter\u00e9 dok\u00e1\u017ee d\u00e1t dohromady! Mu\u017e se prost\u011b neu\u010d\u00ed.<\/p>\n<h3><span style=\"font-size: 18pt;\"><strong>Kde te\u010f?<\/strong><\/span><\/h3>\n<p>Kam se odtud Ukrajinci vzali?<\/p>\n<p>Odkud NATO jde?<\/p>\n<p>Kam odsud USA jdou?<\/p>\n<p>Nacist\u00e9 \u2013 nejen v Kyjev\u011b a Lvov\u011b, ale i v Berl\u00edn\u011b, Lond\u00fdn\u011b a Washingtonu \u2013 jsou zoufal\u00ed.<\/p>\n<p>Putin proto mus\u00ed na\u0161lapovat opatrn\u011b.<\/p>\n<p>Proto\u017ee zoufal\u00ed mu\u017ei d\u011blaj\u00ed zoufal\u00e9 v\u011bci \u2013 iracion\u00e1ln\u00ed v\u011bci \u2013 kter\u00e9 mohou zp\u016fsobit mnoho \u0161kod.<\/p>\n<p>Nap\u0159\u00edklad na Ukrajin\u011b se nacist\u00e9 obracej\u00ed k terorismu a stup\u0148uj\u00ed \u00fatoky na civiln\u00ed c\u00edle, jako jsou d\u011bti a sta\u0159\u00ed lid\u00e9, a citlivou infrastrukturu, jako jsou jadern\u00e9 elektr\u00e1rny\u2026<\/p>\n<p>Je to zn\u00e1mka slabosti \u2013 stejn\u011b jako izraelsk\u00fd terorismus na Bl\u00edzk\u00e9m v\u00fdchod\u011b. Nebo americk\u00fd \u201em\u011bkk\u00fd\u201c terorismus v Latinsk\u00e9 Americe vyu\u017e\u00edvaj\u00edc\u00ed sofistikovanou kombinaci m\u00e9di\u00ed, \u00faplatk\u00e1\u0159stv\u00ed, propagandy a politick\u00e9ho n\u00e1tlaku.<\/p>\n<p>Putin p\u0159irozen\u011b uvedl v platnost protiteroristick\u00e9 protokoly pod\u00e9l cel\u00e9 z\u00e1padn\u00ed rusk\u00e9 hranice na v\u00fdchodn\u00ed stran\u011b Dn\u011bpru.<\/p>\n<p>\u00datok\u016fm na m\u011bsto Don\u011bck a Z\u00e1poro\u017eskou JE v\u0161ak lze zabr\u00e1nit pouze tehdy, kdy\u017e Rusko bude schopno roz\u0161\u00ed\u0159it svou z\u00f3nu kontroly na jihu Ukrajiny.<\/p>\n<p>Aby se tak stalo, Chasov Yar, Ugledar a n\u011bkolik dal\u0161\u00edch m\u00edst mus\u00ed padnout.<\/p>\n<p>Ukrajinsk\u00fd a z\u00e1padn\u00ed terorismus p\u0159edstavuje pro pr\u016fm\u011brn\u00e9ho Rusa existen\u010dn\u00ed hrozbu, podn\u011bcuje nacionalistick\u00e9 n\u00e1lady a zvy\u0161uje podporu arm\u00e1d\u011b. Od 30 000 dobrovoln\u00edk\u016f m\u011bs\u00ed\u010dn\u011b m\u016f\u017eeme o\u010dek\u00e1vat n\u00e1r\u016fst o 5 a\u017e 10 000. Putinova modernizovan\u00e1 milionov\u00e1 arm\u00e1da je na cest\u011b k tomu, aby se stala realitou.<\/p>\n<p><em>Tempo \u00fato\u010dn\u00fdch operac\u00ed rusk\u00fdch ozbrojen\u00fdch sil, dobrovoln\u00edk\u016f a veter\u00e1n\u016f nejen\u017ee z\u016fstalo stabiln\u00ed, ale ve skute\u010dnosti se zv\u00fd\u0161ilo o pades\u00e1t procent. Na\u0161e jednotky postupuj\u00ed po cel\u00e9 front\u011b.<\/em><\/p>\n<p><em>A kone\u010dn\u011b, dal\u0161\u00edm jasn\u00fdm c\u00edlem nep\u0159\u00edtele je vytvo\u0159it neshody a rozd\u011blen\u00ed v na\u0161\u00ed spole\u010dnosti, vyvolat strach a podkopat jednotu a soudr\u017enost rusk\u00e9ho lidu. Jejich c\u00edlem je naru\u0161it dom\u00e1c\u00ed politickou sc\u00e9nu. Reakce rusk\u00fdch ob\u010dan\u016f v\u0161ak byla rozhodn\u00e1: existuje \u0161irok\u00e1 podpora pro ty, kte\u0159\u00ed to pot\u0159ebuj\u00ed, siln\u00e1 podpora arm\u00e1dy, a co je d\u016fle\u017eit\u00e9, stoup\u00e1 po\u010det jednotlivc\u016f, kte\u0159\u00ed tou\u017e\u00ed vstoupit do \u0159ad t\u011bch, kdo hrdinn\u011b br\u00e1n\u00ed Rusko. V posledn\u00ed dob\u011b se v\u00fdrazn\u011b zv\u00fd\u0161il po\u010det lid\u00ed, kte\u0159\u00ed podepsali smlouvy s ministerstvem obrany.\u00a0\u00a0<\/em><a href=\"http:\/\/en.kremlin.ru\/events\/president\/news\/74856\">Vladim\u00edr Putin. Setk\u00e1n\u00ed 12. srpna<\/a><\/p>\n<p>Medved\u011bvova v\u00fdzva k za\u010dlen\u011bn\u00ed\u00a0\u00a0<em>cel\u00e9<\/em>\u00a0\u00a0Ukrajiny do Rusk\u00e9 federace st\u00e1le v\u00edce rezonuje v rusk\u00e9 ve\u0159ejnosti. Nyn\u00ed je daleko od roku 2022, kdy se rusk\u00fd kontingent o s\u00edle 90 000 mu\u017e\u016f postavil proti nejlep\u0161\u00ed arm\u00e1d\u011b NATO o s\u00edle 400 000 (a vyhr\u00e1l) ve snaze podpo\u0159it nov\u011b nez\u00e1visl\u00e9 republiky Lugansk a Donbass. Putin tehdy nem\u011bl takovou podporu, jakou m\u00e1 dnes. V Rusku st\u00e1le existovala v\u00fdznamn\u00e1 \u201eatlantick\u00e1\u201c p\u00e1t\u00e1 kolona. Pokusil se tedy vyjedn\u00e1vat, aby dos\u00e1hl sv\u00fdch c\u00edl\u016f.<\/p>\n<p><span style=\"font-size: 18pt;\"><strong>N\u00e1rodn\u00ed sebevra\u017eda<\/strong><\/span><\/p>\n<p><em>Civilizace neum\u00edraj\u00ed, proto\u017ee jsou vyvra\u017ed\u011bny. Zem\u0159ou, proto\u017ee sp\u00e1chaj\u00ed sebevra\u017edu,\u00a0<\/em>\u00a0Oswalde Spenglere<\/p>\n<p>Nyn\u00ed banderovsk\u00e1 Ukrajina sp\u00e1ch\u00e1 sebevra\u017edu.<\/p>\n<p>Invaze do Kurska velmi \u00fa\u010dinn\u011b demilitarizuje nacistickou Ukrajinu, ni\u010d\u00ed zna\u010dn\u00e9 mno\u017estv\u00ed jej\u00edch posledn\u00edch z\u00e1sob vojensk\u00e9 techniky a tak\u00e9 pracovn\u00ed s\u00edly.<\/p>\n<p>Ministerstvo obrany \u0159\u00edk\u00e1, \u017ee Ukrajinci ztratili p\u0159es 1600 mu\u017e\u016f \u2013 to znamen\u00e1, \u017ee mohou po\u010d\u00edtat. V p\u0159\u00edpad\u011b ob\u011bt\u00ed bombov\u00fdch \u00fatok\u016f \u2013 je to t\u011b\u017ek\u00e9 spo\u010d\u00edtat, tak\u017ee \u010d\u00edslo je hodn\u011b p\u0159es 2000. Z celkov\u00e9ho po\u010dtu 6500. Spo\u010d\u00edtejte si to.<\/p>\n<div id=\"attachment_209163\" class=\"wp-caption aligncenter\" style=\"width: 657px;\">\n<p><a href=\"https:\/\/s5.cdnstatic.space\/wp-content\/uploads\/2024\/08\/3.jpg\" target=\"_blank\" rel=\"noopener\"><img decoding=\"async\" loading=\"lazy\" class=\"wp-image-209163\" title=\"Zelenskij - nejv\u011bt\u0161\u00ed Putin\u016fv majetek\" src=\"https:\/\/s5.cdnstatic.space\/wp-content\/uploads\/2024\/08\/3-225x300.jpg\" sizes=\"(max-width: 600px) 100vw, 600px\" srcset=\"https:\/\/s5.cdnstatic.space\/wp-content\/uploads\/2024\/08\/3-225x300.jpg 225w, https:\/\/s5.cdnstatic.space\/wp-content\/uploads\/2024\/08\/3-768x1024.jpg 768w, https:\/\/s5.cdnstatic.space\/wp-content\/uploads\/2024\/08\/3.jpg 960w\" alt=\"Zelenskij - nejv\u011bt\u0161\u00ed Putin\u016fv majetek\" width=\"657\" height=\"876\" aria-describedby=\"caption-attachment-209163\" \/><\/a><\/p>\n<p id=\"caption-attachment-209163\" class=\"wp-caption-text\">Kliknut\u00edm zobraz\u00edte obr\u00e1zek v pln\u00e9 velikosti<\/p>\n<\/div>\n<p>Toto \u010d\u00edslo nakonec dos\u00e1hne 3000 nebo 4000 sud\u00fdch. Rusk\u00e9 s\u00edly pak budou postaveny, aby zaujaly pozice v oblasti Sumy a ohro\u017eovaly Kyjev. Ukrajinci mus\u00ed bu\u010f st\u00e1hnout sv\u00e9 s\u00edly odjinud, aby ochr\u00e1nili sv\u00e9 hlavn\u00ed m\u011bsto \u2013 nebo se p\u0159esunout do Lvova, kde jsou st\u00e1le zraniteln\u00ed \u2013 p\u0159ed \u00fatokem z B\u011bloruska.<\/p>\n<p>Konec Ukrajiny signalizuje tak\u00e9 konec NATO, americk\u00e9 ovl\u00e1dnut\u00ed Evropy a kolaps americk\u00fdch Borg\u016f!<\/p>\n<p>Z\u00e1pad tak\u00e9 p\u00e1ch\u00e1 sebevra\u017edu.<\/p>\n<p><em>Autor:\u00a0 <a href=\"https:\/\/substack.com\/@julianmacfarlane\"><strong>Julian Macfarlane<\/strong><\/a>\u00a0, tokijsk\u00fd investigativn\u00ed novin\u00e1\u0159, spisovatel, autor, geopolitick\u00fd a vojensk\u00fd analytik<\/em><\/p>\n<p>&nbsp;<\/p>\n","protected":false},"excerpt":{"rendered":"<p>Zelenskyj je skute\u010dn\u011b nejv\u011bt\u0161\u00ed Putinovo bohatstv\u00ed. \u010ct\u011bte d\u00e1l a uvid\u00edte pro\u010d. Vynikaj\u00edc\u00ed Alex Mercouris ve&#8230;<\/p>\n","protected":false},"author":2,"featured_media":37503,"comment_status":"closed","ping_status":"closed","sticky":false,"template":"","format":"standard","meta":[],"categories":[7],"tags":[1042,102,26,1000],"_links":{"self":[{"href":"https:\/\/www.infokuryr.cz\/n\/wp-json\/wp\/v2\/posts\/60282"}],"collection":[{"href":"https:\/\/www.infokuryr.cz\/n\/wp-json\/wp\/v2\/posts"}],"about":[{"href":"https:\/\/www.infokuryr.cz\/n\/wp-json\/wp\/v2\/types\/post"}],"author":[{"embeddable":true,"href":"https:\/\/www.infokuryr.cz\/n\/wp-json\/wp\/v2\/users\/2"}],"replies":[{"embeddable":true,"href":"https:\/\/www.infokuryr.cz\/n\/wp-json\/wp\/v2\/comments?post=60282"}],"version-history":[{"count":1,"href":"https:\/\/www.infokuryr.cz\/n\/wp-json\/wp\/v2\/posts\/60282\/revisions"}],"predecessor-version":[{"id":60283,"href":"https:\/\/www.infokuryr.cz\/n\/wp-json\/wp\/v2\/posts\/60282\/revisions\/60283"}],"wp:featuredmedia":[{"embeddable":true,"href":"https:\/\/www.infokuryr.cz\/n\/wp-json\/wp\/v2\/media\/37503"}],"wp:attachment":[{"href":"https:\/\/www.infokuryr.cz\/n\/wp-json\/wp\/v2\/media?parent=60282"}],"wp:term":[{"taxonomy":"category","embeddable":true,"href":"https:\/\/www.infokuryr.cz\/n\/wp-json\/wp\/v2\/categories?post=60282"},{"taxonomy":"post_tag","embeddable":true,"href":"https:\/\/www.infokuryr.cz\/n\/wp-json\/wp\/v2\/tags?post=60282"}],"curies":[{"name":"wp","href":"https:\/\/api.w.org\/{rel}","templated":true}]}}