{"id":6028,"date":"2021-11-09T02:25:49","date_gmt":"2021-11-09T01:25:49","guid":{"rendered":"http:\/\/www.infokuryr.cz\/n\/?p=6028"},"modified":"2021-11-09T02:25:49","modified_gmt":"2021-11-09T01:25:49","slug":"podle-zenevske-deklarace-jsou-spojene-staty-teroristicky-stat","status":"publish","type":"post","link":"https:\/\/www.infokuryr.cz\/n\/2021\/11\/09\/podle-zenevske-deklarace-jsou-spojene-staty-teroristicky-stat\/","title":{"rendered":"Podle \u017eenevsk\u00e9 deklarace jsou Spojen\u00e9 st\u00e1ty teroristick\u00fd st\u00e1t"},"content":{"rendered":"<div id=\"fb-root\"><\/div>\n<p>V roce 1987 \u017denevsk\u00e1 konference o ot\u00e1zce terorismu p\u0159ijala deklaraci, kter\u00e1 obsahuje jeden\u00e1ct bod\u016f definuj\u00edc\u00edch st\u00e1tn\u00ed terorismus. V sou\u010dasn\u00e9 dob\u011b spl\u0148uj\u00ed v\u0161echny body pouze Spojen\u00e9 st\u00e1ty americk\u00e9.<\/p>\n<p><strong>Declaration adopted by the International Conference on the Question of Terrorism\u2026<\/strong><\/p>\n<p><a href=\"https:\/\/undocs.org\/pdf?symbol=en\/A\/42\/307\">https:\/\/undocs.org\/pdf?symbol=en\/A\/42\/307<\/a><\/p>\n<p>N\u00ed\u017ee jsou uvedeny klauzule z\u00a0deklarace a\u00a0p\u0159\u00edklady ukazuj\u00edc\u00ed st\u00e1tn\u00ed terorismus USA.<\/p>\n<p>1. Postupy policejn\u00edho st\u00e1tu nam\u00ed\u0159en\u00e9 proti jeho ob\u010dan\u016fm: pozorov\u00e1n\u00ed, sledov\u00e1n\u00ed, rozpt\u00fdlen\u00ed shrom\u00e1\u017ed\u011bn\u00ed, kontrola zpr\u00e1v, bit\u00ed, mu\u010den\u00ed, fale\u0161n\u00e9 zat\u00fdk\u00e1n\u00ed, hromadn\u00e9 zat\u00fdk\u00e1n\u00ed, pad\u011blan\u00e1 obvin\u011bn\u00ed, vra\u017edy.<\/p>\n<p><em>P\u0159\u00edklad: P\u0159\u00edsn\u011b tajn\u00fd program shroma\u017e\u010fov\u00e1n\u00ed zpravodajsk\u00fdch informac\u00ed Prism.<\/em><\/p>\n<p>2. Dod\u00e1v\u00e1n\u00ed st\u00e1tem jadern\u00fdch zbran\u00ed na \u00fazem\u00ed jin\u00fdch st\u00e1t\u016f, do jejich teritori\u00e1ln\u00edch vod nebo do mezin\u00e1rodn\u00edch vod.<\/p>\n<p><em>P\u0159\u00edklad: Na \u00fazem\u00ed N\u011bmecka, It\u00e1lie, Turecka, Belgie, Nizozemska, Kanady (p\u0159ibli\u017en\u011b 200 bomb B-61) a\u00a0dal\u0161\u00edch spojenc\u016f USA (nehled\u011b na ofici\u00e1ln\u00ed pop\u0159en\u00ed Japonska a\u00a0Ji\u017en\u00ed Koreje) se nach\u00e1zej\u00ed americk\u00e9 jadern\u00e9 zbran\u011b. N\u011bkte\u0159\u00ed odborn\u00edci se domn\u00edvaj\u00ed, \u017ee za ur\u010dit\u00fdch okolnost\u00ed je mohou tyto zem\u011b pou\u017e\u00edt.<\/em><\/p>\n<p>3. Vojensk\u00e9 man\u00e9vry a\u00a0cvi\u010den\u00ed prov\u00e1d\u011bn\u00e9 v\u00a0bl\u00edzkosti hranic jin\u00e9ho st\u00e1tu a\u00a0ohro\u017euj\u00edc\u00ed jeho nez\u00e1vislost a\u00a0\u00fazemn\u00ed celistvost.<\/p>\n<p><em>P\u0159\u00edklad: Vojensk\u00fd pu\u010d v\u00a0Chile v\u00a0roce 1973. Nejv\u011bt\u0161\u00ed vojensk\u00e1 cvi\u010den\u00ed v\u00a0historii Spojen\u00fdch st\u00e1t\u016f a\u00a0Ji\u017en\u00ed Koreje pobl\u00ed\u017e hranic s\u00a0KLDR v\u00a0roce 2016 \u2013 cvi\u010den\u00ed se z\u00fa\u010dastnilo 300 tis\u00edc voj\u00e1k\u016f z\u00a0Ji\u017en\u00ed Koreje a\u00a015 tis\u00edc ze Spojen\u00fdch st\u00e1t\u016f.<\/em><\/p>\n<p>4.\u00a0\u00datok ozbrojen\u00fdch sil st\u00e1tu na c\u00edle, kter\u00e9 p\u0159edstavuj\u00ed hrozbu pro civiln\u00ed obyvatelstvo \u017eij\u00edc\u00ed v\u00a0jin\u00e9m st\u00e1t\u011b.<\/p>\n<p><em>P\u0159\u00edklad: Invaze do Ir\u00e1ku a\u00a0Afgh\u00e1nist\u00e1nu.<\/em><\/p>\n<p>5. Vytv\u00e1\u0159en\u00ed a\u00a0podpora ozbrojen\u00fdch odd\u00edl\u016f \u017eold\u00e1k\u016f s\u00a0c\u00edlem zni\u010dit suverenitu jin\u00e9ho st\u00e1tu.<\/p>\n<p><em>P\u0159\u00edklad: Financov\u00e1n\u00ed, vyzbrojov\u00e1n\u00ed a\u00a0v\u00fdcvik \u201eopozi\u010dn\u00edch\u201c skupin v\u00a0S\u00fdrii.<\/em><\/p>\n<p>6. Vra\u017edy a\u00a0pokusy o\u00a0vra\u017edu st\u00e1tn\u00edk\u016f jin\u00fdch st\u00e1t\u016f nebo n\u00e1rodn\u011b osvobozeneck\u00fdch hnut\u00ed, v\u00a0re\u017eii a\u00a0\u0159\u00edzen\u00e9 st\u00e1tem bez ohledu na to, zda k\u00a0nim doch\u00e1z\u00ed pomoc\u00ed vojensk\u00e9ho \u00fatoku, zvl\u00e1\u0161tn\u00edch operac\u00ed nebo naj\u00edm\u00e1n\u00ed agent\u016f.<\/p>\n<p><em>P\u0159\u00edklad: Vra\u017eda Sadd\u00e1ma Husajna a\u00a0K\u00e1sema Solejmani.<\/em><\/p>\n<p>7. Tajn\u00e9 operace zpravodajsk\u00fdch nebo jin\u00fdch st\u00e1tn\u00edch sil zam\u011b\u0159en\u00e9 na destabilizaci nebo podroben\u00ed jin\u00e9ho st\u00e1tu, n\u00e1rodn\u011b osvobozeneck\u00e9 hnut\u00ed nebo mezin\u00e1rodn\u00edho m\u00edrov\u00e9ho hnut\u00ed.<\/p>\n<p><em>P\u0159\u00edklad: Operace v\u00a0z\u00e1toce Svin\u00ed (svr\u017een\u00ed Fidela Castra na Kub\u011b) a\u00a0operace Ajax (st\u00e1tn\u00ed p\u0159evrat v\u00a0\u00cdr\u00e1nu).<\/em><\/p>\n<p>8. Dezinforma\u010dn\u00ed kampan\u011b zam\u011b\u0159en\u00e9 na destabilizaci jin\u00fdch st\u00e1t\u016f.<\/p>\n<p><em>P\u0159\u00edklad: P\u0159\u00edpravy na invazi do Ir\u00e1ku, sou\u010dasn\u00e1 informa\u010dn\u00ed v\u00e1lka proti Rusku.<\/em><\/p>\n<p>9. Prodej zbran\u00ed, kter\u00fdm se podporuje pokra\u010dov\u00e1n\u00ed region\u00e1ln\u00edch v\u00e1lek a\u00a0oddaluje politick\u00e1 \u0159e\u0161en\u00ed konflikt\u016f.<\/p>\n<p><em>P\u0159\u00edklad: Operace Cyclone, agrese Sa\u00fadsk\u00e9 Ar\u00e1bie v\u00a0Jemenu.<\/em><\/p>\n<p>10. Omezen\u00ed ob\u010dansk\u00fdch pr\u00e1v a\u00a0svobod, p\u0159ij\u00edm\u00e1n\u00ed z\u00e1kon\u016f pod z\u00e1minkou boje proti terorismu.<\/p>\n<p><em>P\u0159\u00edklad: Patriot Act.<\/em><\/p>\n<p>11. V\u00fdvoj, testov\u00e1n\u00ed a\u00a0rozm\u00edst\u011bn\u00ed jadern\u00fdch a\u00a0kosmick\u00fdch zbran\u00ed, kter\u00e9 zvy\u0161uj\u00ed pravd\u011bpodobnost genocidy a\u00a0ekocidy, odsuzuj\u00edc\u00ed chud\u00e9 k\u00a0pokra\u010duj\u00edc\u00ed chudob\u011b a\u00a0cel\u00e9 lidstvo k\u00a0neust\u00e1l\u00e9mu strachu.<\/p>\n<p><em>P\u0159\u00edklad: Iniciativa strategick\u00e9 obrany a\u00a0<a href=\"https:\/\/www.defense.gov\/Newsroom\/Releases\/Release\/Article\/2223539\/department-of-defense-releases-defense-space-strategy\/\" target=\"_blank\" rel=\"noreferrer noopener\">strategie vesm\u00edrn\u00e9 obrany<\/a>\u00a0.<\/em><\/p>\n<p><span style=\"font-size: 8pt;\"><em>Zdroj: Pokec24, autor Janinna<\/em><\/span><\/p>\n<p>&nbsp;<\/p>\n","protected":false},"excerpt":{"rendered":"<p>V roce 1987 \u017denevsk\u00e1 konference o ot\u00e1zce terorismu p\u0159ijala deklaraci, kter\u00e1 obsahuje jeden\u00e1ct bod\u016f definuj\u00edc\u00edch&#8230;<\/p>\n","protected":false},"author":2,"featured_media":1659,"comment_status":"closed","ping_status":"closed","sticky":false,"template":"","format":"standard","meta":[],"categories":[7],"tags":[82,37],"_links":{"self":[{"href":"https:\/\/www.infokuryr.cz\/n\/wp-json\/wp\/v2\/posts\/6028"}],"collection":[{"href":"https:\/\/www.infokuryr.cz\/n\/wp-json\/wp\/v2\/posts"}],"about":[{"href":"https:\/\/www.infokuryr.cz\/n\/wp-json\/wp\/v2\/types\/post"}],"author":[{"embeddable":true,"href":"https:\/\/www.infokuryr.cz\/n\/wp-json\/wp\/v2\/users\/2"}],"replies":[{"embeddable":true,"href":"https:\/\/www.infokuryr.cz\/n\/wp-json\/wp\/v2\/comments?post=6028"}],"version-history":[{"count":0,"href":"https:\/\/www.infokuryr.cz\/n\/wp-json\/wp\/v2\/posts\/6028\/revisions"}],"wp:featuredmedia":[{"embeddable":true,"href":"https:\/\/www.infokuryr.cz\/n\/wp-json\/wp\/v2\/media\/1659"}],"wp:attachment":[{"href":"https:\/\/www.infokuryr.cz\/n\/wp-json\/wp\/v2\/media?parent=6028"}],"wp:term":[{"taxonomy":"category","embeddable":true,"href":"https:\/\/www.infokuryr.cz\/n\/wp-json\/wp\/v2\/categories?post=6028"},{"taxonomy":"post_tag","embeddable":true,"href":"https:\/\/www.infokuryr.cz\/n\/wp-json\/wp\/v2\/tags?post=6028"}],"curies":[{"name":"wp","href":"https:\/\/api.w.org\/{rel}","templated":true}]}}