{"id":6025,"date":"2021-11-09T02:11:30","date_gmt":"2021-11-09T01:11:30","guid":{"rendered":"http:\/\/www.infokuryr.cz\/n\/?p=6025"},"modified":"2021-11-09T02:13:55","modified_gmt":"2021-11-09T01:13:55","slug":"invaze-polsko-povolava-12000-vojaku","status":"publish","type":"post","link":"https:\/\/www.infokuryr.cz\/n\/2021\/11\/09\/invaze-polsko-povolava-12000-vojaku\/","title":{"rendered":"Invaze! Polsko povol\u00e1v\u00e1 12000 voj\u00e1k\u016f"},"content":{"rendered":"<div id=\"fb-root\"><\/div>\n<p>Polsko svol\u00e1v\u00e1 krizov\u00fd \u0161t\u00e1b. Na odra\u017een\u00ed invaze se po\u010d\u00edt\u00e1 s 12000 voj\u00e1ky. imigranti se \u0161ikuj\u00ed na b\u011blorusko-polsk\u00e9 hranici.<\/p>\n<p>Od nov\u00e9 vl\u00e1dy chceme sly\u0161et jasn\u00e9 a rozhodn\u00e9 kroky!\u00a0Polsk\u00e1 vl\u00e1da u\u017e varovala sv\u00e9 ob\u010dany, \u017ee v n\u00e1sleduj\u00edc\u00edch dnech m\u016f\u017ee doj\u00edt k pr\u016fniku mas ileg\u00e1ln\u00edch naru\u0161itel\u016f hranic (namnoze n\u00e1siln\u00fdch, a venku o hladu sp\u00e1t asi nebudou&#8230;), a nab\u00e1d\u00e1 k ostra\u017eitosti. Pokud dojde k prolomen\u00ed polsk\u00e9 obrany, stejn\u00e9 varov\u00e1n\u00ed je nam\u00edst\u011b \u010desk\u00fdm ob\u010dan\u016fm..!<\/p>\n<p><em>&#8222;Apelujemy do\u00a0wszystkich, kt\u00f3rzy s\u0105\u00a0na\u00a0tych terenach o\u00a0zachowanie szczeg\u00f3lnej ostro\u017cno\u015bci poniewa\u017c w\u00a0dniu dzisiejszym i\u00a0w\u00a0kolejnych dniach mo\u017ce dochodzi\u0107 do\u00a0pr\u00f3b nielegalnego przekraczania\u00a0granicy!&#8220;<\/em><\/p>\n<p>&#8222;Nade\u0161la hodina pravdy&#8220;, p\u00ed\u0161e wprost.pl. &#8222;Prezident m\u011bn\u00ed pl\u00e1ny, zkr\u00e1t\u00ed n\u00e1v\u0161t\u011bvu na Slovensku&#8220;, p\u00ed\u0161\u00ed dorzeczi.pl. My v \u010cesku m\u016f\u017eeme b\u00fdt na\u0161t\u011bst\u00ed klidn\u00ed &#8211; m\u00e1me novou vl\u00e1du, a jak z\u00e1mo, nov\u00e9 ko\u0161t\u011b dob\u0159e mete&#8230;<\/p>\n<p>&#8222;Jedin\u011b Polsko mus\u00ed vyhr\u00e1t tu bitvu, nem\u016f\u017eeme spol\u00e9hat na Frontex \u010di NATO&#8220;, p\u0161\u00ed wpolityce.pl. A to m\u016f\u017ee znamenat i mobilizaci a v \u010cR uveden\u00ed arm\u00e1dy do zv\u00fd\u0161en\u00e9 pohotovosti&#8230;<\/p>\n<h2><span style=\"font-size: 14pt;\">Polsko v ohro\u017een\u00ed. Jestli te\u010f EU neprojev\u00ed solidaritu, kon\u010d\u00ed<\/span><\/h2>\n<p>Polsko je v ohro\u017een\u00ed. Tis\u00edce imigrant\u016f se \u0161ikuj\u00ed na jeho hranic\u00edch. Na EU hranic\u00edch. S B\u011bloruskem. Dnes jsme m\u011bli na hranic\u00edch s B\u011bloruskem regul\u00e9rn\u00ed v\u00e1lku, p\u00ed\u0161e wpolityce.pl&#8230;<\/p>\n<p>A o\u010di Pol\u00e1k\u016f se opr\u00e1vn\u011bn\u011b ohl\u00ed\u017eej\u00ed po EU. Jestli ani te\u010f neprok\u00e1\u017ee solidaritu, u\u017e to v jejich srdc\u00edch nerozchod\u00ed a skon\u010d\u00ed. Nastal \u010das v\u00fdzvy pro skute\u010dn\u00e9 l\u00eddry. Hodina pravdy, jak napsala polsk\u00e1 m\u00e9dia. Te\u010f se uk\u00e1\u017ee &#8211; nejen Pol\u00e1k\u016fm &#8211; na co je EU. \u0160karohl\u00eddi tvrd\u00ed, \u017ee na&#8230; Nebo se je\u0161t\u011b n\u011bjac\u00ed l\u00edd\u0159i najdou a vyprs\u00ed..?<\/p>\n<p>V Loty\u0161sku i Litv\u011b se opozice s vl\u00e1dou slila v boji proti n\u00e1rodn\u00edmu nep\u0159\u00edteli v jedno. Je t\u0159eba vyhr\u00e1t v\u00e1lku proti spole\u010dn\u00e9mu nep\u0159\u00edteli, aby bylo mo\u017eno si zas rozd\u011blovat posty&#8230;<\/p>\n<p>A konat bude muset posl\u00e9ze z\u0159ejm\u011b i \u010cesko&#8230; Jen co si to ho\u0161i a holky slavnostn\u011b podep\u00ed\u0161ou&#8230; Kdybych to byl b\u00fdval\/a v\u011bd\u011bl\/a, tak by jsem sem nechodil\/a &#8211; se pak u\u017e nepo\u010d\u00edt\u00e1.<\/p>\n<p><a href=\"https:\/\/www.bild.de\/politik\/ausland\/politik-ausland\/lukaschenko-schickt-fluechtlinge-massen-ansturm-auf-polen-grenze-78182768.bild.html\">ZDROJ<\/a><\/p>\n<p>&nbsp;<\/p>\n<p>&nbsp;<\/p>\n","protected":false},"excerpt":{"rendered":"<p>Polsko svol\u00e1v\u00e1 krizov\u00fd \u0161t\u00e1b. Na odra\u017een\u00ed invaze se po\u010d\u00edt\u00e1 s 12000 voj\u00e1ky. imigranti se \u0161ikuj\u00ed&#8230;<\/p>\n","protected":false},"author":2,"featured_media":2475,"comment_status":"closed","ping_status":"closed","sticky":false,"template":"","format":"standard","meta":[],"categories":[7],"tags":[80,119,31],"_links":{"self":[{"href":"https:\/\/www.infokuryr.cz\/n\/wp-json\/wp\/v2\/posts\/6025"}],"collection":[{"href":"https:\/\/www.infokuryr.cz\/n\/wp-json\/wp\/v2\/posts"}],"about":[{"href":"https:\/\/www.infokuryr.cz\/n\/wp-json\/wp\/v2\/types\/post"}],"author":[{"embeddable":true,"href":"https:\/\/www.infokuryr.cz\/n\/wp-json\/wp\/v2\/users\/2"}],"replies":[{"embeddable":true,"href":"https:\/\/www.infokuryr.cz\/n\/wp-json\/wp\/v2\/comments?post=6025"}],"version-history":[{"count":0,"href":"https:\/\/www.infokuryr.cz\/n\/wp-json\/wp\/v2\/posts\/6025\/revisions"}],"wp:featuredmedia":[{"embeddable":true,"href":"https:\/\/www.infokuryr.cz\/n\/wp-json\/wp\/v2\/media\/2475"}],"wp:attachment":[{"href":"https:\/\/www.infokuryr.cz\/n\/wp-json\/wp\/v2\/media?parent=6025"}],"wp:term":[{"taxonomy":"category","embeddable":true,"href":"https:\/\/www.infokuryr.cz\/n\/wp-json\/wp\/v2\/categories?post=6025"},{"taxonomy":"post_tag","embeddable":true,"href":"https:\/\/www.infokuryr.cz\/n\/wp-json\/wp\/v2\/tags?post=6025"}],"curies":[{"name":"wp","href":"https:\/\/api.w.org\/{rel}","templated":true}]}}