{"id":6024,"date":"2021-11-09T02:07:39","date_gmt":"2021-11-09T01:07:39","guid":{"rendered":"http:\/\/www.infokuryr.cz\/n\/?p=6024"},"modified":"2021-11-09T02:07:39","modified_gmt":"2021-11-09T01:07:39","slug":"muslimsky-imigrant-pobodal-ve-francii-policisty","status":"publish","type":"post","link":"https:\/\/www.infokuryr.cz\/n\/2021\/11\/09\/muslimsky-imigrant-pobodal-ve-francii-policisty\/","title":{"rendered":"Muslimsk\u00fd imigrant pobodal ve Francii policisty"},"content":{"rendered":"<div id=\"fb-root\"><\/div>\n<p>V pond\u011bl\u00ed r\u00e1no p\u0159ed policejn\u00edm komisari\u00e1tem v Cannes p\u0159istoupil 37-let\u00fd al\u017e\u00edrsk\u00fd imigrant k policejn\u00edmu vozidlu, \u017ee se chce na n\u011bco zeptat. N\u00e1hle otev\u0159el zadn\u00ed dve\u0159e a policistu sed\u00edc\u00edho na zadn\u00edm sedadle za \u0159evu &#8222;ve jm\u00e9nu Proroka&#8220; pobodal. p\u0159ed okam\u017eitou smrt\u00ed ho zachr\u00e1nila nepr\u016fst\u0159eln\u00e1 vesta. D\u00e1le imigrant ob\u011bhl slu\u017eebn\u00ed vozidlo a vrhl se na velitele vozu. Toho ale pln\u011b nezas\u00e1hl, a u\u017e jej \u0159idi\u010d vozu skolil t\u0159emi ranami ze slu\u017eebn\u00ed zbran\u011b. muslimsk\u00fd imigrant je t\u011b\u017ece post\u0159elen.<\/p>\n<p>Na m\u00edsto se okam\u017eit\u011b vydal ministr vnitra Darmanin. V\u0161e nasv\u011bd\u010duje isl\u00e1mistick\u00e9mu terorizmu. Marine Lepenov\u00e1 na twitteru vyp\u00edchla, \u017ee akt byl podniknut &#8222;ve jm\u00e9nu proroka&#8220;, vyslovila podporu policist\u016fm a prohl\u00e1sila, \u017ee ud\u011bl\u00e1 v\u0161e pro to, aby barbarsk\u00e1 ideologie &#8211; isl\u00e1mizmus byla vyko\u0159en\u011bna.<\/p>\n<p><a href=\"https:\/\/www.lefigaro.fr\/faits-divers\/cannes-un-policier-blesse-a-l-arme-blanche-l-agresseur-neutralise-20211108\">ZDROJ<\/a><\/p>\n<p>&nbsp;<\/p>\n","protected":false},"excerpt":{"rendered":"<p>V pond\u011bl\u00ed r\u00e1no p\u0159ed policejn\u00edm komisari\u00e1tem v Cannes p\u0159istoupil 37-let\u00fd al\u017e\u00edrsk\u00fd imigrant k policejn\u00edmu vozidlu,&#8230;<\/p>\n","protected":false},"author":2,"featured_media":1684,"comment_status":"closed","ping_status":"closed","sticky":false,"template":"","format":"standard","meta":[],"categories":[7],"tags":[130,1323,86,723],"_links":{"self":[{"href":"https:\/\/www.infokuryr.cz\/n\/wp-json\/wp\/v2\/posts\/6024"}],"collection":[{"href":"https:\/\/www.infokuryr.cz\/n\/wp-json\/wp\/v2\/posts"}],"about":[{"href":"https:\/\/www.infokuryr.cz\/n\/wp-json\/wp\/v2\/types\/post"}],"author":[{"embeddable":true,"href":"https:\/\/www.infokuryr.cz\/n\/wp-json\/wp\/v2\/users\/2"}],"replies":[{"embeddable":true,"href":"https:\/\/www.infokuryr.cz\/n\/wp-json\/wp\/v2\/comments?post=6024"}],"version-history":[{"count":0,"href":"https:\/\/www.infokuryr.cz\/n\/wp-json\/wp\/v2\/posts\/6024\/revisions"}],"wp:featuredmedia":[{"embeddable":true,"href":"https:\/\/www.infokuryr.cz\/n\/wp-json\/wp\/v2\/media\/1684"}],"wp:attachment":[{"href":"https:\/\/www.infokuryr.cz\/n\/wp-json\/wp\/v2\/media?parent=6024"}],"wp:term":[{"taxonomy":"category","embeddable":true,"href":"https:\/\/www.infokuryr.cz\/n\/wp-json\/wp\/v2\/categories?post=6024"},{"taxonomy":"post_tag","embeddable":true,"href":"https:\/\/www.infokuryr.cz\/n\/wp-json\/wp\/v2\/tags?post=6024"}],"curies":[{"name":"wp","href":"https:\/\/api.w.org\/{rel}","templated":true}]}}