{"id":60230,"date":"2024-08-19T00:40:10","date_gmt":"2024-08-18T22:40:10","guid":{"rendered":"https:\/\/www.infokuryr.cz\/n\/?p=60230"},"modified":"2024-08-18T16:19:24","modified_gmt":"2024-08-18T14:19:24","slug":"zbynek-fiala-dalsi-porce-statniho-dluhu-a-kdo-ji-bude-platit","status":"publish","type":"post","link":"https:\/\/www.infokuryr.cz\/n\/2024\/08\/19\/zbynek-fiala-dalsi-porce-statniho-dluhu-a-kdo-ji-bude-platit\/","title":{"rendered":"Zbyn\u011bk Fiala: Dal\u0161\u00ed porce st\u00e1tn\u00edho dluhu, a kdo ji bude platit"},"content":{"rendered":"<div id=\"fb-root\"><\/div>\n<p><strong>V\u011bt\u0161in\u011b obyvatel m\u016f\u017ee b\u00fdt jedno, zda hospod\u00e1\u0159stv\u00ed roste, nebo ne. Za sou\u010dasn\u00e9ho nastaven\u00ed jim nem\u016f\u017ee b\u00fdt l\u00edp.<\/strong><\/p>\n<p>Bl\u00ed\u017e\u00ed se konec srpna a letos to budou druh\u00e9 v\u00e1noce. Ministerstvo financ\u00ed kone\u010dn\u011b nab\u00eddne n\u00e1vrh st\u00e1tn\u00edho rozpo\u010dtu na p\u0159\u00ed\u0161t\u00ed rok a s\u00a0t\u00edm spojen\u00e9 chv\u00edle radosti. Ov\u0161em jen pro n\u011bkoho, \u010dast\u011bji p\u0159ev\u00e1\u017e\u00ed pl\u00e1\u010d a sk\u0159\u00edp\u011bn\u00ed zub\u016f.<\/p>\n<p>Ministryn\u011b v\u00e1lky \u010cernochov\u00e1 si m\u016f\u017ee \u0159\u00edci o tolik, kolik si dok\u00e1\u017ee p\u0159edstavit. A neuv\u00e1zne ani na tom, proto\u017ee nakonec j\u00ed stejn\u011b n\u011bkdo porad\u00ed. Dal\u0161\u00ed n\u00e1val radosti vznikne nad pomoc\u00ed Ukrajin\u011b. Na tu u\u017e se podle n\u011bkter\u00fdch zdroj\u016f vydalo 130 miliard korun, pokud zapo\u010dteme i d\u00e1vky uprchl\u00edk\u016fm. To v\u0161echno jsou samoz\u0159ejm\u011b existen\u010dn\u011b d\u016fle\u017eit\u00e9 pen\u00edze, tak\u017ee na blbosti, jako je \u0161kolstv\u00ed nebo zdravotnictv\u00ed, moc nezbyde.<\/p>\n<p>Ministerstvo financ\u00ed bude m\u00edt tendenci mluvit o sv\u011btl\u00fdch str\u00e1nk\u00e1ch sv\u00e9ho d\u00edla, nap\u0159\u00edklad \u2013 jak aspo\u0148 vytrvale tvrd\u00ed \u2013 \u017ee sn\u00ed\u017e\u00ed schodek st\u00e1tn\u00edho rozpo\u010dtu na 235 miliard korun z leto\u0161n\u00edch pl\u00e1novan\u00fdch 252 miliard korun. Jen \u0161karohl\u00edd to vyhodnot\u00ed tak, \u017ee se znovu rozm\u00e1chnou sekerou zv\u00edc\u00ed \u010dtvrt bilionu. Fakticky jde o v\u00fdp\u016fj\u010dku z budouc\u00edho \u010dasu. Hodujeme dnes, ale zaplat\u00ed se jindy, a to u\u017e u toho bude n\u011bkdo jin\u00fd.<\/p>\n<p>Nap\u0159ed si tedy \u0159ekn\u011bme, jak to bude s\u00a0t\u00edm placen\u00edm, a pak bychom si m\u011bli up\u0159esnit, kdo v\u0161echno hoduje, a kdo jen su\u0161\u00ed hubu. T\u011bch druh\u00fdch je pochopiteln\u011b podstatn\u011b v\u00edc.<\/p>\n<p>Jak to tedy bude s\u00a0t\u00edm placen\u00edm? M\u00edra zadlu\u017een\u00ed sektoru vl\u00e1dn\u00edch instituc\u00ed \u010cR se pohybuje kolem 45 procent HDP. Schodky rozpo\u010dtu soustavn\u011b p\u0159esahuj\u00ed 3 procenta HDP. Pokud by stejn\u00fdm tempem rostl i HDP, uveden\u00fd pom\u011br by se nem\u011bnil. To se v\u0161ak ned\u011bje, ekonomika stagnuje a vyhl\u00eddky jsou docela pesimistick\u00e9. Z\u00a0toho je z\u0159ejm\u00e9, \u017ee m\u00edra zadlu\u017een\u00ed \u010cR v pom\u011bru k\u00a0HDP se bude zvy\u0161ovat, a je jedno, jak vzletn\u011b o tom ministr financ\u00ed Stanjura mluv\u00ed.<\/p>\n<p>Tento dluh nen\u00ed zadarmo. Promlouv\u00e1 do toho nejen v\u00fd\u0161e dluhu, ale taky minul\u00e1 a sou\u010dasn\u00e1 inflace. Aktu\u00e1ln\u00ed inflace u\u017e m\u00ed\u0159\u00ed do klidn\u011bj\u0161\u00edch vod i v\u00a0\u010cesku, \u010dervencov\u00e1 meziro\u010dn\u00ed hodnota 2,2 procenta ned\u011bs\u00ed, na rozd\u00edl od ro\u010dn\u00edho pr\u016fm\u011bru roku 2023, kter\u00fd byl na divok\u00fdch 10,7 procenta. Nebo on\u011bch rekordn\u00edch 18,0 procenta z\u00a0\u0159\u00edjna 2022, se kter\u00fdmi jsme se vy\u0161vihli na \u0161pici Evropy. Tento v\u011bhlas \u010ceska nezapadl a stal se jedn\u00edm z d\u016fvod\u016f, pro\u010d \u00faroky \u010desk\u00e9ho st\u00e1tn\u00edho dluhu udr\u017euj\u00ed od aktu\u00e1ln\u00ed inflace uctiv\u00fd odstup a st\u00e1le se pohybuj\u00ed nad 4 procenty.<\/p>\n<p><a href=\"https:\/\/www.patria.cz\/kurzy\/online\/govcz\/dluhopisy.html\">https:\/\/www.patria.cz\/kurzy\/online\/govcz\/dluhopisy.html<\/a><\/p>\n<p>V\u00fdpo\u010det celkov\u00fdch n\u00e1klad\u016f st\u00e1tn\u00edho zadlu\u017een\u00ed je proto jednoduch\u00fd. Pokud dlu\u017e\u00edme skoro polovinu HDP a dlouhodob\u00e9 st\u00e1tn\u00ed dluhopisy mus\u00ed nab\u00edzet p\u0159es 4 procenta, aby se daly prodat investor\u016fm, potom obsluha st\u00e1tn\u00edho dluhu nezadr\u017eiteln\u011b m\u00ed\u0159\u00ed n\u011bkam ke 2 procent\u016fm HDP. Jin\u00fdmi slovy: I kdyby se \u010desk\u00e1 ekonomika trochu vzpamatovala a vr\u00e1tila se aspo\u0148 ke skromn\u00e9mu dvouprocentn\u00edmu r\u016fstu, nepom\u016f\u017eeme si. Odevzd\u00e1me to. P\u016fjde to na \u00faroky st\u00e1tn\u00edho dluhu.<\/p>\n<p>St\u00e1t je na\u0161t\u011bst\u00ed n\u011bco jin\u00e9ho ne\u017e dom\u00e1cnost, kter\u00e1 mus\u00ed sv\u00e9 dluhy nejen obsluhovat, ale i spl\u00e1cet. Tohle \u017e\u00e1dn\u00fd st\u00e1t ned\u011bl\u00e1, prost\u011b to jen hrnou p\u0159ed sebou. Spol\u00e9haj\u00ed na spolupr\u00e1ci inflace a hospod\u00e1\u0159sk\u00e9ho r\u016fstu. Inflace star\u00e9 dluhy re\u00e1ln\u011b zmen\u0161uje, kdy\u017e je srovn\u00e1me s\u00a0rostouc\u00edmi infla\u010dn\u00edmi p\u0159\u00edjmy. O udr\u017eitelnost m\u00edrn\u00e9ho zadlu\u017een\u00ed se pak postar\u00e1 hospod\u00e1\u0159sk\u00fd r\u016fst, pokud je vy\u0161\u0161\u00ed ne\u017e p\u0159\u00edr\u016fstek dluhu.<\/p>\n<p>M\u016f\u017ee to v\u0161ak dopadnout i \u0161patn\u011b, jak ukazuje p\u0159\u00edklad \u010ceska. Z\u00e1le\u017e\u00ed toti\u017e na tom, zda jedete do kopce, nebo z\u00a0kopce. Do kopce je to tehdy, kdy\u017e inflace roste a u\u017e\u00edr\u00e1 z\u00a0pen\u011bz, kter\u00e9 le\u017e\u00ed ne\u010dinn\u011b. Z\u00a0kopce je to jin\u00e1 j\u00edzda, dluhy vznikly s\u00a0\u010d\u00edsly vysokoinfla\u010dn\u00ed rozma\u0159ilosti, zat\u00edmco p\u0159\u00edjmy se vracej\u00ed k\u00a0n\u00edzkoinfla\u010dn\u00edmu norm\u00e1lu. Toho nejhor\u0161\u00edho z\u00a0obou sv\u011bt\u016f pak lze dos\u00e1hnout v zemi, kde p\u0159\u00edjmy u\u017e nerostou, ale v\u00a0\u00faroc\u00edch je zachov\u00e1na ozv\u011bna p\u0159edchoz\u00ed inflace. Ra\u010dte si to u\u017e\u00edt.<\/p>\n<p>Prolom\u00edme to vy\u0161\u0161\u00edm r\u016fstem? Pro\u010d ne, ale muselo by se investovat. To znamen\u00e1 vkl\u00e1dat pen\u00edze, kter\u00e9 nem\u00e1me. Tedy si je p\u016fj\u010dit. Pak by se ale odstup dluhu od hospod\u00e1\u0159sk\u00e9ho r\u016fstu je\u0161t\u011b zv\u00fd\u0161il&#8230;<\/p>\n<p>Probl\u00e9m je, \u017ee obrovsk\u00e9 pen\u00edze, kter\u00e9 \u010desk\u00fd st\u00e1t posledn\u00ed dobou vyd\u00e1v\u00e1, jsou neproduktivn\u00ed. Typick\u00e1 jsou dv\u011b procenta na obranu. Spolknou je p\u0159edev\u0161\u00edm americk\u00e9 \u00fato\u010dn\u00e9 jadern\u00e9 nosi\u010de F-35. Vvztah k\u00a0obran\u011b, alespo\u0148 hypotetick\u00fd, v\u00a0tom najdou jen absolventi nejvy\u0161\u0161\u00edch vojensk\u00fdch \u0161kol, nebo ti, kdo o tom nev\u011bd\u00ed v\u016fbec nic. Ostatn\u00edm mus\u00ed posta\u010dit jednoduch\u00e9 po\u010dty, \u017ee pokud si z\u00a0HDP ukousneme dv\u011b procenta na obsluhu st\u00e1tn\u00edho dluhu a dv\u011b procenta na obranu, pak si nepom\u016f\u017eeme, ani kdyby ekonomika rostla o \u010dty\u0159i procenta ro\u010dn\u011b.<\/p>\n<p>A co kdyby rostla o p\u011bt procent? Nad\u011bje um\u00edr\u00e1 posledn\u00ed\u2026 Tak si nepom\u016f\u017eeme taky, proto\u017ee mus\u00edte je\u0161t\u011b uv\u00e1\u017eit n\u00e1klady soci\u00e1ln\u00ed nerovnosti. Na tom nen\u00ed nic z\u00e1hadn\u00e9ho. P\u0159ed 30 lety jsme za\u010d\u00ednali v\u0161ichni zhruba na stejn\u00e9m, ale nyn\u00ed m\u00e1 nejbohat\u0161\u00ed jedno procento tolik majetku jako doln\u00edch 90 procent, spo\u010d\u00edtali v\u00a0Credit Suisse Research Institutu. Velk\u00e1 \u010d\u00e1st celkov\u00e9ho produktu tedy proud\u00ed jenom k\u00a0nim.<\/p>\n<p><a href=\"https:\/\/www.irozhlas.cz\/ekonomika\/dan-z-nemovitosti-bohatsvi-paq-research-majetkova-nerovnost-datova-zurnalistika_2110290500_nkr\">https:\/\/www.irozhlas.cz\/ekonomika\/dan-z-nemovitosti-bohatsvi-paq-research-majetkova-nerovnost-datova-zurnalistika_2110290500_nkr<\/a><\/p>\n<p>Jsou tu i dal\u0161\u00ed znepokojiv\u00e1 \u010d\u00edsla, kter\u00e1 nazna\u010duj\u00ed, \u017ee na\u0161e krmen\u00ed je nastaveno na z\u00e1chovnou d\u00e1vku, nad kterou nedostaneme ani \u0161lupky od brambor.<\/p>\n<p>Nezapom\u00ednejme, \u017ee \u010desk\u00e9 hospod\u00e1\u0159stv\u00ed je jen nepatrn\u011b \u010desk\u00e9, nebo\u0165 je tvo\u0159\u00ed vysok\u00fd pod\u00edl zahrani\u010dn\u00edho vlastnictv\u00ed. To m\u00e1 svou sv\u011btlou str\u00e1nku v p\u0159\u00edsp\u011bvku k modernizaci \u010desk\u00e9 ekonomiky. Jen\u017ee za tu jsme zaplatili opravdu draze. Na onu druhou misku vah toti\u017e mus\u00edte d\u00e1t \u010deskou politiku lacin\u00e9 pr\u00e1ce, podhodnocenou korunu, toleranci k\u00a0ni\u010den\u00ed \u017eivotn\u00edho prost\u0159ed\u00ed a nerovn\u00e9 zach\u00e1zen\u00edm s\u00a0dom\u00e1c\u00edmi podniky. T\u011bm se m\u016f\u017ee jen zd\u00e1t o podm\u00ednk\u00e1ch, kter\u00fdmi nadb\u00edh\u00e1me zahrani\u010dn\u00edm investor\u016fm.<\/p>\n<p>P\u0159\u00edm\u00e9 zahrani\u010dn\u00ed investice v\u00a0\u010cesku jsou vysoce ziskov\u00e9 a dokud tu byla v\u011bt\u0161ina zisku reinvestov\u00e1na, pod\u00edlela se na r\u016fstu na\u0161eho HDP. Jen\u017ee to u\u017e dobr\u00fdch 20 let neplat\u00ed, zhruba od roku 2005 je v\u00fdvoz zisku z\u00a0\u010ceska vy\u0161\u0161\u00ed ne\u017e objem nov\u00fdch investic do na\u0161\u00ed vlasti.<\/p>\n<p><a href=\"https:\/\/www.mfcr.cz\/assets\/attachments\/Dane_Material_2017-01-05_RHSD-Analyza-odlivu-zisku.pdf\">https:\/\/www.mfcr.cz\/assets\/attachments\/Dane_Material_2017-01-05_RHSD-Analyza-odlivu-zisku.pdf<\/a><\/p>\n<p>A stamiliardy, kter\u00e9 ze zem\u011b ka\u017edoro\u010dn\u011b miz\u00ed, nejsou jenom ze zisku.<\/p>\n<p>Ned\u00e1vno byla v\u00a0\u010dasopise Politick\u00e1 ekonomie, kter\u00fd je vyd\u00e1v\u00e1n Vysokou \u0161kolou ekonomickou v\u00a0Praze, publikov\u00e1na studie, kter\u00e1 shrnuje \u00fadaje z\u00a0\u010cS\u00da a \u010cNB a uv\u00e1d\u00ed, jak velk\u00e1 \u010d\u00e1st d\u016fchod\u016f zahrani\u010dn\u00edch investor\u016f je p\u0159ev\u00e1d\u011bna do zahrani\u010d\u00ed k mate\u0159sk\u00fdm firm\u00e1m, v\u010detn\u011b r\u016fzn\u00fdch zp\u016fsob\u016f optimalizace da\u0148ov\u00e9ho z\u00e1kladu:<\/p>\n<p><em>\u201eTo se t\u00fdk\u00e1 i \u010cR, kde d\u016fchody z PZI dos\u00e1hly v roce 2022 podle \u00fadaj\u016f \u010cNB 508 mld. K\u010d, a pokud bychom vzali v \u00favahu celkov\u00e9 prvotn\u00ed d\u016fchody, tak jde o \u010d\u00e1stku p\u0159esahuj\u00edc\u00ed 675 mld. K\u010d. Re\u00e1ln\u011b v\u0161ak m\u016f\u017ee do zahrani\u010d\u00ed, vlivem zmi\u0148ovan\u00fdch optimalizac\u00ed a nep\u0159iznan\u00fdch zisk\u016f, odplynout v\u011bt\u0161\u00ed objem finan\u010dn\u00edch prost\u0159edk\u016f, ne\u017e je ve\u0159ejn\u011b deklarov\u00e1no.\u201c<\/em><\/p>\n<p><a href=\"https:\/\/polek.vse.cz\/pdfs\/pol\/2023\/06\/01.pdf\">https:\/\/polek.vse.cz\/pdfs\/pol\/2023\/06\/01.pdf<\/a><\/p>\n<p>Pro v\u011bt\u0161inu \u010desk\u00fdch ob\u010dan\u016f je takov\u00e9 hospoda\u0159en\u00ed \u010dir\u00e1 katastrofa. Jak to napravit? Dos\u00e1hnout re\u00e1ln\u011bj\u0161\u00edch v\u00fddaj\u016f na obranu (skute\u010dnou obranu, nikoliv d\u011btinsk\u00e9 zapojen\u00ed do jadern\u00e9ho p\u0159epad\u00e1n\u00ed ciz\u00edch zem\u00ed) je to nejsnaz\u0161\u00ed, stejn\u011b jako aktivn\u00ed snaha o co nejrychlej\u0161\u00ed ukon\u010den\u00ed v\u00e1lky na Ukrajin\u011b. Mnohem t\u011b\u017e\u0161\u00ed bude zm\u011bnit z\u00e1kladn\u00ed nastaven\u00ed \u010desk\u00e9ho hospoda\u0159en\u00ed, ve kter\u00e9m se v\u011bt\u0161ina obyvatel prost\u011b nem\u016f\u017ee m\u00edt l\u00edp. V\u00a0sou\u010dasnosti jim m\u016f\u017ee b\u00fdt jedno, jestli hospod\u00e1\u0159stv\u00ed roste, nebo ne.<\/p>\n<p>Na tomhle n\u011bco zm\u011bnit znamen\u00e1 zlep\u0161it rozd\u011blen\u00ed n\u00e1rodn\u00edho produktu ve prosp\u011bch v\u011bt\u0161iny a zvy\u0161ovat pod\u00edl toho \u010desk\u00e9ho. P\u0159ed volbami se o tom ur\u010dit\u011b bude mluvit a vyplat\u00ed se d\u00e1vat pozor.<\/p>\n<p><a href=\"https:\/\/vasevec.info\/domaci-politika\/dalsi-porce-statniho-dluhu-kdo-ji-bude-platit\">Zbyn\u011bk Fiala<\/a><\/p>\n<p><img decoding=\"async\" loading=\"lazy\" class=\"alignnone size-medium wp-image-18520\" src=\"http:\/\/www.infokuryr.cz\/n\/wp-content\/uploads\/2022\/11\/zbynek-fiala-300x208.jpg\" alt=\"\" width=\"300\" height=\"208\" srcset=\"https:\/\/www.infokuryr.cz\/n\/wp-content\/uploads\/2022\/11\/zbynek-fiala-300x208.jpg 300w, https:\/\/www.infokuryr.cz\/n\/wp-content\/uploads\/2022\/11\/zbynek-fiala.jpg 318w\" sizes=\"(max-width: 300px) 100vw, 300px\" \/><\/p>\n<p>&nbsp;<\/p>\n","protected":false},"excerpt":{"rendered":"<p>V\u011bt\u0161in\u011b obyvatel m\u016f\u017ee b\u00fdt jedno, zda hospod\u00e1\u0159stv\u00ed roste, nebo ne. Za sou\u010dasn\u00e9ho nastaven\u00ed jim nem\u016f\u017ee&#8230;<\/p>\n","protected":false},"author":2,"featured_media":1024,"comment_status":"closed","ping_status":"closed","sticky":false,"template":"","format":"standard","meta":[],"categories":[6],"tags":[1042,3568,45,2718,387],"_links":{"self":[{"href":"https:\/\/www.infokuryr.cz\/n\/wp-json\/wp\/v2\/posts\/60230"}],"collection":[{"href":"https:\/\/www.infokuryr.cz\/n\/wp-json\/wp\/v2\/posts"}],"about":[{"href":"https:\/\/www.infokuryr.cz\/n\/wp-json\/wp\/v2\/types\/post"}],"author":[{"embeddable":true,"href":"https:\/\/www.infokuryr.cz\/n\/wp-json\/wp\/v2\/users\/2"}],"replies":[{"embeddable":true,"href":"https:\/\/www.infokuryr.cz\/n\/wp-json\/wp\/v2\/comments?post=60230"}],"version-history":[{"count":0,"href":"https:\/\/www.infokuryr.cz\/n\/wp-json\/wp\/v2\/posts\/60230\/revisions"}],"wp:featuredmedia":[{"embeddable":true,"href":"https:\/\/www.infokuryr.cz\/n\/wp-json\/wp\/v2\/media\/1024"}],"wp:attachment":[{"href":"https:\/\/www.infokuryr.cz\/n\/wp-json\/wp\/v2\/media?parent=60230"}],"wp:term":[{"taxonomy":"category","embeddable":true,"href":"https:\/\/www.infokuryr.cz\/n\/wp-json\/wp\/v2\/categories?post=60230"},{"taxonomy":"post_tag","embeddable":true,"href":"https:\/\/www.infokuryr.cz\/n\/wp-json\/wp\/v2\/tags?post=60230"}],"curies":[{"name":"wp","href":"https:\/\/api.w.org\/{rel}","templated":true}]}}