{"id":60227,"date":"2024-08-19T00:36:29","date_gmt":"2024-08-18T22:36:29","guid":{"rendered":"https:\/\/www.infokuryr.cz\/n\/?p=60227"},"modified":"2024-08-18T16:14:00","modified_gmt":"2024-08-18T14:14:00","slug":"petr-pokorny-darebak-admiral-mongomery-ve-sve-pyse-napraskal-pripravu-valky-ukrajiny-s-ruskem-pred-krymem","status":"publish","type":"post","link":"https:\/\/www.infokuryr.cz\/n\/2024\/08\/19\/petr-pokorny-darebak-admiral-mongomery-ve-sve-pyse-napraskal-pripravu-valky-ukrajiny-s-ruskem-pred-krymem\/","title":{"rendered":"Petr Pokorn\u00fd: Dareb\u00e1k admir\u00e1l Mongomery ve sv\u00e9 p\u00fd\u0161e napr\u00e1skal p\u0159\u00edpravu v\u00e1lky Ukrajiny s Ruskem p\u0159ed Krymem!"},"content":{"rendered":"<div id=\"fb-root\"><\/div>\n<div class=\"introtext\">\n<p><span style=\"color: #ff0000;\"><strong>MM:<\/strong><\/span>\u00a0Pracoval jsem n\u011bkolik let na americk\u00e9m velitelstv\u00ed v Evrop\u011b, kde jsem vytv\u00e1\u0159el podm\u00ednky pro v\u00fdcvik na\u0161ich v\u00fdchodoevropsk\u00fdch spojenc\u016f, jako je Ukrajina.<\/p>\n<\/div>\n<div class=\"fulltext\">\n<p><span style=\"color: #ff0000; font-size: 14pt;\"><strong>V\u00e1lka neza\u010dala v roce 2022, jak \u010de\u0161t\u00ed v\u016fdci tvrd\u00ed!<\/strong><\/span><\/p>\n<p><span style=\"font-size: 18pt;\"><strong>LE\u017d M\u00c1 KR\u00c1TK\u00c9 NOHY!\u00a0<\/strong><\/span><\/p>\n<p>A nakonec sami sebe \u010dasem v\u011bt\u0161inou pr\u00e1sknou! Dokonce Ukrajinc\u016fm hl\u00e1s\u00e1, a\u0165 vesele um\u00edraj\u00ed, a \u017ee se USA p\u0159ipravuj\u00ed i na v\u00e1lku s \u010c\u00ednou. To je \u0161\u00edlen\u00e9!<\/p>\n<p>Kdy\u017e se vr\u00e1t\u00edm do t\u00e9 doby, mysl\u00edm, \u017ee jsme se hodn\u011b soust\u0159edili na taktiku, budovali jsme v\u00fdcvikov\u00e9 prostory ve Lvovsk\u00e9 oblasti a dal\u0161\u00edch regionech na \u00farovni \u010det a rot.<strong>\u00a0Neust\u00e1le jsme spolupracovali s ukrajinsk\u00fdm n\u00e1mo\u0159nictvem a ukrajinsk\u00fdm letectvem<\/strong>, jak v\u00edte, N\u00e1rodn\u00ed garda v Kalifornii prov\u00e1d\u011bla mnoho pilotn\u00edch v\u00fdcvik\u016f.\u00a0<em>Je\u0161t\u011b jednou, proti Rusku se Mongomery a dal\u0161\u00ed se s Ukrajinci p\u0159ipravovali na v\u00e1lku s Ruskem. Jenom\u017ee Putin je p\u0159edb\u011bhl. A leg\u00e1ln\u011b zvolen\u00fd Janukovi\u010d musel ze sv\u00e9 zem\u011b uprchnout!<\/em>\u00a0Pravd\u011bpodobn\u011b jsme po roce 2014 neodvedli p\u0159\u00edli\u0161 dobrou pr\u00e1ci a nemysleli jsme na opera\u010dn\u00ed \u00farove\u0148 v\u00e1lky.<\/p>\n<p>Abych se dostal na svou \u00farove\u0148 \u2013 a to jsem byl n\u00e1\u010deln\u00edkem operac\u00ed v Pacifiku pro v\u0161echny na\u0161e spole\u010dn\u00e9 s\u00edly \u2013 bylo to 30 let v\u00fdcviku a pr\u00e1ce ve spole\u010dn\u00fdch prost\u0159ed\u00edch, v n\u00e1mo\u0159nictvu nebo ve spole\u010dn\u00fdch sil\u00e1ch v\u00edce ne\u017e 30 let s 20 lety provozn\u00ed zku\u0161enosti.<\/p>\n<p>Kolem lid\u00ed, jako jsem j\u00e1, gener\u00e1l Corcoran nebo gener\u00e1l Godges, byl vybudovan\u00fd syst\u00e9m, abychom mohli rozv\u00edjet na\u0161i sadu dovednost\u00ed. To prost\u011b pro ukrajinsk\u00e9 gener\u00e1ly, plukovn\u00edky a podplukovn\u00edky ve stejn\u00e9 m\u00ed\u0159e neexistovalo a pak jsme to po roce 2014 neposkytovali. Tak\u017ee si mysl\u00edm, \u017ee te\u010f maj\u00ed Ukrajinci p\u0159\u00edle\u017eitost nau\u010dit se tyto dovednosti, rozv\u00edjet je, za\u010dlenit je do fantastick\u00fdch taktik a opera\u010dn\u00edch v\u011bc\u00ed, kter\u00e9 si b\u011bhem t\u011bchto dvou a p\u016fl let konfliktu vyvinuli.<\/p>\n<p><span style=\"font-size: 18pt;\"><strong>A POZOR!<\/strong><\/span><\/p>\n<div class=\"info_box cela_sirka jpalert\">\n<div class=\"explanationContent\"><strong>27. \u00fanora 2014<\/strong> se na Krymu mimo existuj\u00edc\u00ed rusk\u00e9 vojensk\u00e9 z\u00e1kladny objevili neozna\u010den\u00ed voj\u00e1ci s modern\u00edmi zbran\u011bmi a vybaven\u00edm rusk\u00e9ho p\u016fvodu, odpov\u00eddaj\u00edc\u00edm v\u00fdstroji jednotek typu Specnaz, n\u011bkter\u00fdmi m\u00e9dii ozna\u010dovan\u00ed jako \u201ezelen\u00ed mu\u017e\u00ed\u010dci\u201c, kte\u0159\u00ed rychle obsadili kl\u00ed\u010dov\u00e9 krymsk\u00e9 objekty, jako jsou nap\u0159. leti\u0161t\u011b, p\u0159\u00edstavy, vl\u00e1dn\u00ed budovy a dal\u0161\u00ed objekty infrastruktury.<br \/>\n_______________<\/div>\n<div><\/div>\n<\/div>\n<p><span style=\"color: #ff0000;\"><strong>MM:<\/strong>\u00a0<\/span>Pod\u00edvejte, je norm\u00e1ln\u00ed, kdy\u017e je\u00a0<strong>na\u0161\u00ed hlavn\u00ed prioritou p\u0159ipravit se na konflikt s \u010c\u00ednou.<\/strong>\u00a0Ale nem\u016f\u017eeme o tom mluvit jako o na\u0161\u00ed jedin\u00e9 priorit\u011b. M\u011bli bychom b\u00fdt schopni p\u0159ipravit se na konflikt s \u010c\u00ednou a p\u0159esto poskytnout Ukrajin\u011b zdroje.<\/p>\n<p>Pamatujme, \u017ee na\u0161e pomoc Ukrajin\u011b nejsou lid\u00e9 a pen\u00edze, jsou to pouze pen\u00edze. Nepos\u00edl\u00e1me americk\u00e9 voj\u00e1ky, nesni\u017eujeme na\u0161i p\u0159ipravenost, nenasazujeme na\u0161e voj\u00e1ky. D\u00e1v\u00e1me pen\u00edze, a je jasn\u00e9, kolik pen\u011bz jsme dali, kdy\u017e se pod\u00edv\u00e1te na celkov\u00fd po\u010det bezpe\u010dnostn\u00edch syst\u00e9m\u016f dnes a datum od \u00fanora 2022 a porovn\u00e1te to s \u010d\u00e1stkou, kterou jsme utratili na ministerstvu obrany, jen rozpo\u010dtu ministerstva obrany od roku 2022, to je m\u00e9n\u011b ne\u017e dv\u011b a p\u016fl procenta.<\/p>\n<p>Zde je n\u00e1\u0161 p\u0159\u00edsp\u011bvek Ukrajin\u011b. Tak\u017ee za dv\u011b a p\u016fl procenta rozpo\u010dtu na\u0161eho ministerstva obrany jsme byli schopni pomoci spojenci zp\u016fsobit v\u00fdznamnou degradaci rusk\u00e9 arm\u00e1dy. Rusko ztratilo 7-9 tis\u00edc jednotek obrn\u011bn\u00fdch vozidel, v\u00edce ne\u017e 300 \u00fato\u010dn\u00fdch letadel a vrtuln\u00edk\u016f, 300 000 voj\u00e1k\u016f, jak v\u00edte, zran\u011bn\u00fdch nebo zabit\u00fdch na boji\u0161ti. To jsou fenomen\u00e1ln\u00ed \u010d\u00edsla ukrajinsk\u00e9 arm\u00e1dy, kter\u00e1 byla zp\u016fsobena ukrajinskou arm\u00e1dou s podporou pouh\u00fdch 2,5 % rozpo\u010dtu.\u00a0<strong>Jeden z na\u0161ich dvou hlavn\u00edch protivn\u00edk\u016f je skute\u010dn\u011b omezen\u00fd ve sv\u00e9 schopnosti v\u00e9st \u00fato\u010dn\u00e9 konven\u010dn\u00ed operace proti zbytku NATO kv\u016fli s\u00edle Ukrajiny.<\/strong><\/p>\n<p>Tak\u017ee podle m\u00e9ho n\u00e1zoru\u00a0<strong>je mo\u017en\u00e9 soust\u0159edit v\u011bt\u0161inu z 900 miliardov\u00e9ho obrann\u00e9ho rozpo\u010dtu na boj s \u010c\u00ednou<\/strong>, a p\u0159itom st\u00e1le \u0159e\u0161it mal\u00e9 opera\u010dn\u00ed probl\u00e9my na Bl\u00edzk\u00e9m v\u00fdchod\u011b a jinde, a p\u0159esto poskytnout 40-60 miliard bezpe\u010dnostn\u00ed pomoci ukrajinsk\u00e9 vl\u00e1d\u011b. ka\u017ed\u00fd rok, co\u017e je pro n\u00e1s zcela realizovateln\u00fd \u00fakol.<\/p>\n<p><strong>O my\u0161len\u00ed p\u0159edlu\u017een\u00fdch USA a jejich generality si \u00fasudek ud\u011blejte sami. \u017de se USA p\u0159ipravovaly na v\u00fdsadek na Krymu a Putin je p\u0159edb\u011bhl, stejn\u011b, jako na v\u00e1lku Ukrajiny s Ruskem u\u017e p\u0159ed \u010dasem nazna\u010dil Biden a nyn\u00ed u\u017e to \u0159\u00edkaj\u00ed natvrdo. Kdy to pochop\u00ed \u010de\u0161t\u00ed ob\u010dan\u00e9, \u017ee v\u011bci nejsou tak, jak p\u00ed\u0161\u00ed masm\u00e9dia?<\/strong><\/p>\n<p><span style=\"font-size: 14pt;\"><em>Z rozhovoru pro &#8222;V ukrajinsk\u00e9 slu\u017eb\u011b Hlasu Ameriky&#8220; v srpnu 2024<\/em><\/span><\/p>\n<p><a href=\"https:\/\/www.skrytapravda.cz\/ze-zahranici\/2057-darebak-admiral-mongomery-ve-sve-pyse-napraskal-pripravu-valky-ukrajiny-s-ruskem-pred-krymem\">Petr Pokorn\u00fd<\/a><\/p>\n<p>&nbsp;<\/p>\n<\/div>\n","protected":false},"excerpt":{"rendered":"<p>MM:\u00a0Pracoval jsem n\u011bkolik let na americk\u00e9m velitelstv\u00ed v Evrop\u011b, kde jsem vytv\u00e1\u0159el podm\u00ednky pro v\u00fdcvik&#8230;<\/p>\n","protected":false},"author":2,"featured_media":60228,"comment_status":"closed","ping_status":"closed","sticky":false,"template":"","format":"standard","meta":[],"categories":[6],"tags":[1503,3769,22,26,40],"_links":{"self":[{"href":"https:\/\/www.infokuryr.cz\/n\/wp-json\/wp\/v2\/posts\/60227"}],"collection":[{"href":"https:\/\/www.infokuryr.cz\/n\/wp-json\/wp\/v2\/posts"}],"about":[{"href":"https:\/\/www.infokuryr.cz\/n\/wp-json\/wp\/v2\/types\/post"}],"author":[{"embeddable":true,"href":"https:\/\/www.infokuryr.cz\/n\/wp-json\/wp\/v2\/users\/2"}],"replies":[{"embeddable":true,"href":"https:\/\/www.infokuryr.cz\/n\/wp-json\/wp\/v2\/comments?post=60227"}],"version-history":[{"count":1,"href":"https:\/\/www.infokuryr.cz\/n\/wp-json\/wp\/v2\/posts\/60227\/revisions"}],"predecessor-version":[{"id":60229,"href":"https:\/\/www.infokuryr.cz\/n\/wp-json\/wp\/v2\/posts\/60227\/revisions\/60229"}],"wp:featuredmedia":[{"embeddable":true,"href":"https:\/\/www.infokuryr.cz\/n\/wp-json\/wp\/v2\/media\/60228"}],"wp:attachment":[{"href":"https:\/\/www.infokuryr.cz\/n\/wp-json\/wp\/v2\/media?parent=60227"}],"wp:term":[{"taxonomy":"category","embeddable":true,"href":"https:\/\/www.infokuryr.cz\/n\/wp-json\/wp\/v2\/categories?post=60227"},{"taxonomy":"post_tag","embeddable":true,"href":"https:\/\/www.infokuryr.cz\/n\/wp-json\/wp\/v2\/tags?post=60227"}],"curies":[{"name":"wp","href":"https:\/\/api.w.org\/{rel}","templated":true}]}}