{"id":60224,"date":"2024-08-19T00:33:08","date_gmt":"2024-08-18T22:33:08","guid":{"rendered":"https:\/\/www.infokuryr.cz\/n\/?p=60224"},"modified":"2024-08-18T16:06:54","modified_gmt":"2024-08-18T14:06:54","slug":"prohlaseni-dsz-za-prava-zvirat-k-petici-za-exemplarni-trest-pro-strelce-kocek-z-obory-brezka","status":"publish","type":"post","link":"https:\/\/www.infokuryr.cz\/n\/2024\/08\/19\/prohlaseni-dsz-za-prava-zvirat-k-petici-za-exemplarni-trest-pro-strelce-kocek-z-obory-brezka\/","title":{"rendered":"Prohl\u00e1\u0161en\u00ed DSZ &#8211; ZA PR\u00c1VA ZV\u00cd\u0158AT k petici za exempl\u00e1rn\u00ed trest pro st\u0159elce ko\u010dek z obory B\u0159ezka"},"content":{"rendered":"<div id=\"fb-root\"><\/div>\n<p><strong>Demokratick\u00e1 strana zelen\u00fdch &#8211; ZA PR\u00c1VA ZV\u00cd\u0158AT se rozhodla podpo\u0159it petici ochr\u00e1nc\u016f zv\u00ed\u0159at z KasProCats, z.s. za exempl\u00e1rn\u00ed trest pro st\u0159elce ko\u010dek z obory B\u0159ezka.<\/strong><\/p>\n<p>DSZ &#8211; ZA PR\u00c1VA ZV\u00cd\u0158AT se pln\u011b ztoto\u017e\u0148uje s d\u016fvody k vytvo\u0159en\u00ed petice, s jej\u00edm textem i n\u00e1vrhem \u0159e\u0161en\u00ed.<\/p>\n<p><strong>Text petice:<\/strong><\/p>\n<p>\u201e<em>Bezprecedentn\u00ed p\u0159\u00edpad nez\u00e1konn\u00e9ho usmrcov\u00e1n\u00ed odchycen\u00fdch ko\u010dek (a dal\u0161\u00edch zv\u00ed\u0159at) se stal na za\u010d\u00e1ktu srpna 24 v obo\u0159e B\u0159ezka v okrese Praha-v\u00fdchod a p\u0159inesl jej web Aktu.cz. Na z\u00e1znamech z fotopast\u00ed se \u0161\u00e9f obory Libor Ben\u00ed\u010dek dopou\u0161t\u00ed poru\u0161en\u00ed hned n\u011bkolika z\u00e1kon\u016f. P\u0159\u00edpad v m\u00e9di\u00edch oblet\u011bl \u010cesko a doslova \u0161okoval odbornou i laickou ve\u0159ejnost. Podez\u0159el\u00fd na z\u00e1b\u011brech odchycen\u00e1 zv\u00ed\u0159ata p\u00edch\u00e1 klackem a pot\u00e9 je pu\u0161kou zast\u0159el\u00ed p\u0159\u00edmo v kleci. Z\u00e1b\u011bry jsou \u0161okuj\u00edc\u00ed a mimo r\u00e1mec toho, co jsme za svoji praxi vid\u011bli. Slab\u0161\u00edm povav\u00e1m nedoporu\u010dujeme videa pou\u0161t\u011bt.<\/p>\n<p>Jedn\u00e1 se tak o dal\u0161\u00ed z cel\u00e9 \u0159ady selh\u00e1n\u00ed myslivc\u016f v na\u0161ich kon\u010din\u00e1ch (v tomto p\u0159\u00edpad\u011b hospod\u00e1\u0159e), kte\u0159\u00ed nerespektuj\u00ed z\u00e1kony republiky a Ben\u00ed\u010dka se m\u00edsto odvol\u00e1n\u00ed z funkce z\u00e1st\u00e1v\u00e1 i p\u0159\u00edm\u00fd nad\u0159\u00edzen\u00fd. V dob\u011b, kdy se celospole\u010densky usiluje o lep\u0161\u00ed p\u0159\u00edstup ke zv\u00ed\u0159at\u016fm, je toto chov\u00e1n\u00ed naprosto neuv\u011b\u0159iteln\u00e9. Tak\u00e9 vyj\u00e1d\u0159en\u00ed z\u00fa\u010dastn\u011bn\u00fdch jsou doslova \u0161okuj\u00edc\u00ed.<\/p>\n<p>Cel\u00fdm p\u0159\u00edpadem se ji\u017e zab\u00fdv\u00e1 policie a SVS, v\u010detn\u011b odsuzuj\u00edc\u00edho vyj\u00e1d\u0159en\u00ed ministra zem\u011bd\u011blstv\u00ed nebo Ji\u0159\u00edho Posp\u00ed\u0161ila, kter\u00fd dlouhodob\u011b usiluje o omezov\u00e1n\u00ed pravomoc\u00ed myslivc\u016f ve vztahu ke zv\u00ed\u0159at\u016fm z\u00e1jmov\u00e9ho chovu, drastick\u00e9ho norov\u00e1n\u00ed li\u0161ek nebo snahu o zaveden\u00ed lovu lukem.<\/em><\/p>\n<p><em>T\u00edmto vyz\u00fdv\u00e1me ob\u010dany \u010cR, aby uk\u00e1zali, \u017ee jim takov\u00e9 chov\u00e1n\u00ed nen\u00ed lhostejn\u00e9 a aby podpisem dali najevo z\u00e1jem o <u>exempl\u00e1rn\u00ed a nepodm\u00edn\u011bn\u00e9 potrest\u00e1n\u00ed vin\u00edka, v\u010detn\u011b spolupracovn\u00edk\u016f nebo t\u011bch, kte\u0159\u00ed takov\u00e9 chov\u00e1n\u00ed omlouvaj\u00ed.<\/u><\/em><\/p>\n<p><em>Tato petice slou\u017e\u00ed k vyj\u00e1d\u0159en\u00ed ve\u0159ejn\u00e9ho m\u00edn\u011bn\u00ed, kter\u00e9 v minulosti pomohlo narovnat situaci v Hradeck\u00e9m \u00fatulku nebo diskutovat problematiku toulav\u00fdch ko\u010dek se z\u00e1konod\u00e1rci. Proto v\u00edme, \u017ee na hlase lidu z\u00e1le\u017e\u00ed a p\u0159in\u00e1\u0161\u00ed spole\u010denskou zm\u011bnu. Bu\u010fte tou zm\u011bnou tak\u00e9 vy!\u201c<\/em><\/p>\n<p>DSZ &#8211; ZA PR\u00c1VA ZV\u00cd\u0158AT je pobou\u0159ena bezprecedentn\u00edm a krut\u00fdm jedn\u00e1n\u00edm vedouc\u00edho st\u00e1tn\u00ed obory B\u0159ezka a jeho spolupracovn\u00edka. Obora B\u0159ezka p\u0159itom spad\u00e1 pod V\u00fdzkumn\u00fd \u00fastav lesn\u00edho hospod\u00e1\u0159stv\u00ed a myslivosti, tzn. pod Ministerstvo zem\u011bd\u011blstv\u00ed.<\/p>\n<p>DSZ &#8211; ZA PR\u00c1VA ZV\u00cd\u0158AT \u017e\u00e1d\u00e1 org\u00e1ny ve\u0159ejn\u00e9 moci o spravedliv\u00e9 a p\u0159\u00edsn\u00e9 potrest\u00e1n\u00ed vin\u00edk\u016f, o\u010dek\u00e1v\u00e1, \u017ee jejich sadistick\u00e9 jedn\u00e1n\u00ed bude posouzeno jako trestn\u00fd \u010din t\u00fdr\u00e1n\u00ed zv\u00ed\u0159at s maxim\u00e1ln\u011b mo\u017en\u00fdm \u2013 nepodm\u00edn\u011bn\u00fdm &#8211; trestem.<\/p>\n<p>DSZ &#8211; ZA PR\u00c1VA ZV\u00cd\u0158AT dlouhodob\u011b po\u017eaduje, aby pachatel\u00e9, kte\u0159\u00ed t\u00fdraj\u00ed \u010di tr\u00fdzniv\u00fdm zp\u016fsobem zab\u00edj\u00ed zv\u00ed\u0159ata, byli spravedliv\u011b odsuzov\u00e1ni k trest\u016fm stanoven\u00fdm trestn\u00edm z\u00e1kon\u00edkem a nikoliv jen k pohr\u016f\u017ek\u00e1m trestem. T\u00fdr\u00e1n\u00ed zv\u00ed\u0159at je, s ohledem na naprostou bezmocnost ob\u011bt\u00ed, mimo\u0159\u00e1dn\u011b zavr\u017een\u00edhodn\u00e9.<\/p>\n<p>DSZ &#8211; ZA PR\u00c1VA ZV\u00cd\u0158AT konstatuje, \u017ee zat\u00edm pachatel\u00e9 t\u011bchto trestn\u00fdch \u010din\u016f odch\u00e1zej\u00ed od soud\u016f se sm\u011b\u0161n\u00fdmi tresty, tj. pokutou, podm\u00edn\u011bn\u00fdmi tresty, nebo dokonce nejsou st\u00edh\u00e1ni v\u016fbec.<\/p>\n<p>DSZ &#8211; ZA PR\u00c1VA ZV\u00cd\u0158AT vyz\u00fdv\u00e1 kompetentn\u00ed org\u00e1ny k p\u0159\u00edsn\u011bj\u0161\u00edmu posuzov\u00e1n\u00ed povolen\u00ed vlastnit zbra\u0148 k mysliveck\u00fdm \u00fa\u010del\u016fm. Z\u00e1rove\u0148 \u017e\u00e1d\u00e1 osoby maj\u00edc\u00ed z\u00e1konod\u00e1rnou pravomoc, aby neprodlen\u011b navrhly zm\u011bnu mysliveck\u00e9ho z\u00e1kona, kter\u00e1 by zp\u0159\u00edsnila no\u0161en\u00ed a pou\u017e\u00edv\u00e1n\u00ed st\u0159eln\u00fdch paln\u00fdch zbran\u00ed. Mnoho \u00fadajn\u00fdch omyl\u016f a nehod pramen\u00ed pr\u00e1v\u011b z toho, \u017ee myslivci manipuluj\u00ed se st\u0159eln\u00fdmi zbran\u011bmi, co\u017e m\u00e1 velmi \u010dasto fat\u00e1ln\u00ed n\u00e1sledky. Podle DSZ &#8211; ZA PR\u00c1VA ZV\u00cd\u0158AT by se tak p\u0159ede\u0161lo mnoh\u00fdm \u0161kod\u00e1m na \u017eivotech nejen zv\u00ed\u0159at, ale i lid\u00ed.<\/p>\n<p>DSZ &#8211; ZA PR\u00c1VA ZV\u00cd\u0158AT si klade za c\u00edl prosadit d\u016fsledn\u011bj\u0161\u00ed ochranu zv\u00ed\u0159at, lid\u00ed, p\u0159\u00edrody, vody, ovzdu\u0161\u00ed, podneb\u00ed, \u017eivotn\u00edho prost\u0159ed\u00ed, ale t\u00e9\u017e v\u011bt\u0161\u00ed pr\u00e1va pro zv\u00ed\u0159ata, resp. jejich v\u011bt\u0161\u00ed pr\u00e1vn\u00ed ochranu.<\/p>\n<p>DSZ &#8211; ZA PR\u00c1VA ZV\u00cd\u0158AT vystupuje proti v\u0161em druh\u016fm t\u00fdr\u00e1n\u00ed zv\u00ed\u0159at \u010di krut\u00e9mu zach\u00e1zen\u00ed s nimi. Odsuzuje ka\u017edou \u010dinnost, kter\u00e1 zp\u016fsobuje utrpen\u00ed zv\u00ed\u0159at.<\/p>\n<p>DSZ &#8211; ZA PR\u00c1VA ZV\u00cd\u0158AT se zasazuje o d\u016fsledn\u011bj\u0161\u00ed ochranu zv\u00ed\u0159at, p\u0159\u00edsn\u011bj\u0161\u00ed tresty za t\u00fdr\u00e1n\u00ed a zlep\u0161en\u00ed podm\u00ednek chovu.<\/p>\n<p>DSZ &#8211; ZA PR\u00c1VA ZV\u00cd\u0158AT je dvac\u00e1tou registrovanou politickou stranou za pr\u00e1va zv\u00ed\u0159at ve sv\u011bt\u011b, resp. \u010cesk\u00e1 republika je dvac\u00e1tou zem\u00ed, ve kter\u00e9 existuje strana zam\u011b\u0159en\u00e1 prim\u00e1rn\u011b na obranu pr\u00e1v zv\u00ed\u0159at.<\/p>\n<p>\u0158V DSZ &#8211; ZA PR\u00c1VA ZV\u00cd\u0158AT<\/p>\n<p>V Doma\u017elic\u00edch 18. 8. 2024<\/p>\n<p><img decoding=\"async\" loading=\"lazy\" class=\"alignnone size-medium wp-image-14353\" src=\"http:\/\/www.infokuryr.cz\/n\/wp-content\/uploads\/2022\/08\/demokraticka-strana-zelenych-300x172.jpg\" alt=\"\" width=\"300\" height=\"172\" srcset=\"https:\/\/www.infokuryr.cz\/n\/wp-content\/uploads\/2022\/08\/demokraticka-strana-zelenych-300x172.jpg 300w, https:\/\/www.infokuryr.cz\/n\/wp-content\/uploads\/2022\/08\/demokraticka-strana-zelenych-768x441.jpg 768w, https:\/\/www.infokuryr.cz\/n\/wp-content\/uploads\/2022\/08\/demokraticka-strana-zelenych.jpg 838w\" sizes=\"(max-width: 300px) 100vw, 300px\" \/><\/p>\n<p>&nbsp;<\/p>\n<p>&nbsp;<\/p>\n","protected":false},"excerpt":{"rendered":"<p>Demokratick\u00e1 strana zelen\u00fdch &#8211; ZA PR\u00c1VA ZV\u00cd\u0158AT se rozhodla podpo\u0159it petici ochr\u00e1nc\u016f zv\u00ed\u0159at z KasProCats,&#8230;<\/p>\n","protected":false},"author":2,"featured_media":60225,"comment_status":"closed","ping_status":"closed","sticky":false,"template":"","format":"standard","meta":[],"categories":[6],"tags":[1140,204,331],"_links":{"self":[{"href":"https:\/\/www.infokuryr.cz\/n\/wp-json\/wp\/v2\/posts\/60224"}],"collection":[{"href":"https:\/\/www.infokuryr.cz\/n\/wp-json\/wp\/v2\/posts"}],"about":[{"href":"https:\/\/www.infokuryr.cz\/n\/wp-json\/wp\/v2\/types\/post"}],"author":[{"embeddable":true,"href":"https:\/\/www.infokuryr.cz\/n\/wp-json\/wp\/v2\/users\/2"}],"replies":[{"embeddable":true,"href":"https:\/\/www.infokuryr.cz\/n\/wp-json\/wp\/v2\/comments?post=60224"}],"version-history":[{"count":1,"href":"https:\/\/www.infokuryr.cz\/n\/wp-json\/wp\/v2\/posts\/60224\/revisions"}],"predecessor-version":[{"id":60226,"href":"https:\/\/www.infokuryr.cz\/n\/wp-json\/wp\/v2\/posts\/60224\/revisions\/60226"}],"wp:featuredmedia":[{"embeddable":true,"href":"https:\/\/www.infokuryr.cz\/n\/wp-json\/wp\/v2\/media\/60225"}],"wp:attachment":[{"href":"https:\/\/www.infokuryr.cz\/n\/wp-json\/wp\/v2\/media?parent=60224"}],"wp:term":[{"taxonomy":"category","embeddable":true,"href":"https:\/\/www.infokuryr.cz\/n\/wp-json\/wp\/v2\/categories?post=60224"},{"taxonomy":"post_tag","embeddable":true,"href":"https:\/\/www.infokuryr.cz\/n\/wp-json\/wp\/v2\/tags?post=60224"}],"curies":[{"name":"wp","href":"https:\/\/api.w.org\/{rel}","templated":true}]}}