{"id":60195,"date":"2024-08-19T00:33:00","date_gmt":"2024-08-18T22:33:00","guid":{"rendered":"https:\/\/www.infokuryr.cz\/n\/?p=60195"},"modified":"2024-08-18T14:25:49","modified_gmt":"2024-08-18T12:25:49","slug":"x-zavira-kancelare-v-brazilii-pote-co-socialisticky-soudce-vyzval-k-nezakonne-cenzure","status":"publish","type":"post","link":"https:\/\/www.infokuryr.cz\/n\/2024\/08\/19\/x-zavira-kancelare-v-brazilii-pote-co-socialisticky-soudce-vyzval-k-nezakonne-cenzure\/","title":{"rendered":"X zav\u00edr\u00e1 kancel\u00e1\u0159e v Braz\u00edlii pot\u00e9, co socialistick\u00fd soudce vyzval k nez\u00e1konn\u00e9 cenzu\u0159e"},"content":{"rendered":"<div id=\"fb-root\"><\/div>\n<p><strong><span>Proto\u017ee \u201eDarth Vader z Braz\u00edlie\u201c ohro\u017euje X zam\u011bstnanc\u016f v jihoamerick\u00e9 zemi, spole\u010dnost tam uzav\u0159ela sv\u00e9 kancel\u00e1\u0159e. Elon Musk se br\u00e1n\u00ed proti neod\u016fvodn\u011bn\u00e9mu omezov\u00e1n\u00ed svobody projevu a nez\u00e1konn\u00e9 cenzu\u0159e. Samotn\u00e1 slu\u017eba v\u0161ak z\u016fst\u00e1v\u00e1 v Braz\u00edlii dostupn\u00e1.<\/span><\/strong><\/p>\n<p><span>Soci\u00e1ln\u00ed s\u00ed\u0165 X (d\u0159\u00edve Twitter) ozn\u00e1mila, \u017ee s okam\u017eitou platnost\u00ed zav\u0159e sv\u00e9 pobo\u010dky v Braz\u00edlii. D\u016fvodem je eskaluj\u00edc\u00ed konflikt se socialistick\u00fdm brazilsk\u00fdm soudcem Alexandrem de Moraesem ohledn\u011b po\u017eadavk\u016f cenzury. Podle prohl\u00e1\u0161en\u00ed spole\u010dnosti X Global Affairs byla spole\u010dnost nucena u\u010dinit tento krok, aby \u201echr\u00e1nila bezpe\u010dnost na\u0161ich zam\u011bstnanc\u016f\u201c. V souladu s t\u00edm de Moraes pohrozil zat\u010den\u00edm X zam\u011bstnanc\u016f, pokud platforma nespln\u00ed jeho p\u0159\u00edkazy k zablokov\u00e1n\u00ed ur\u010dit\u00fdch \u00fa\u010dt\u016f.<\/span><\/p>\n<p><span>Majitel X Elon Musk, kter\u00fd de Moraese nazval \u201eDarthem Vaderem z Braz\u00edlie\u201c, zopakoval, \u017ee jako platforma pro svobodu projevu se X nezapoj\u00ed do nez\u00e1konn\u00e9 cenzury. &#8222;Rozhodnut\u00ed uzav\u0159\u00edt kancel\u00e1\u0159 X v Braz\u00edlii bylo obt\u00ed\u017en\u00e9,&#8220; \u0159ekl Musk. Spor mezi X a de Moraesem v\u0159e u\u017e m\u011bs\u00edce. Soudce platformu vin\u00ed z toho, \u017ee p\u0159isp\u00edv\u00e1 k \u0161\u00ed\u0159en\u00ed dezinformac\u00ed a nen\u00e1vistn\u00fdch projev\u016f. X naopak po\u017eadavky soudce pova\u017euje za \u00fatok na svobodu projevu.<\/span><\/p>\n<figure class=\"wp-block-embed is-type-rich is-provider-twitter wp-block-embed-twitter\">\n<div class=\"wp-block-embed__wrapper\">\n<div class=\"twitter-tweet twitter-tweet-rendered\"><iframe id=\"twitter-widget-1\" class=\"\" title=\"X p\u0159\u00edsp\u011bvek\" src=\"https:\/\/platform.twitter.com\/embed\/Tweet.html?dnt=true&amp;embedId=twitter-widget-1&amp;features=eyJ0ZndfdGltZWxpbmVfbGlzdCI6eyJidWNrZXQiOltdLCJ2ZXJzaW9uIjpudWxsfSwidGZ3X2ZvbGxvd2VyX2NvdW50X3N1bnNldCI6eyJidWNrZXQiOnRydWUsInZlcnNpb24iOm51bGx9LCJ0ZndfdHdlZXRfZWRpdF9iYWNrZW5kIjp7ImJ1Y2tldCI6Im9uIiwidmVyc2lvbiI6bnVsbH0sInRmd19yZWZzcmNfc2Vzc2lvbiI6eyJidWNrZXQiOiJvbiIsInZlcnNpb24iOm51bGx9LCJ0ZndfZm9zbnJfc29mdF9pbnRlcnZlbnRpb25zX2VuYWJsZWQiOnsiYnVja2V0Ijoib24iLCJ2ZXJzaW9uIjpudWxsfSwidGZ3X21peGVkX21lZGlhXzE1ODk3Ijp7ImJ1Y2tldCI6InRyZWF0bWVudCIsInZlcnNpb24iOm51bGx9LCJ0ZndfZXhwZXJpbWVudHNfY29va2llX2V4cGlyYXRpb24iOnsiYnVja2V0IjoxMjA5NjAwLCJ2ZXJzaW9uIjpudWxsfSwidGZ3X3Nob3dfYmlyZHdhdGNoX3Bpdm90c19lbmFibGVkIjp7ImJ1Y2tldCI6Im9uIiwidmVyc2lvbiI6bnVsbH0sInRmd19kdXBsaWNhdGVfc2NyaWJlc190b19zZXR0aW5ncyI6eyJidWNrZXQiOiJvbiIsInZlcnNpb24iOm51bGx9LCJ0ZndfdXNlX3Byb2ZpbGVfaW1hZ2Vfc2hhcGVfZW5hYmxlZCI6eyJidWNrZXQiOiJvbiIsInZlcnNpb24iOm51bGx9LCJ0ZndfdmlkZW9faGxzX2R5bmFtaWNfbWFuaWZlc3RzXzE1MDgyIjp7ImJ1Y2tldCI6InRydWVfYml0cmF0ZSIsInZlcnNpb24iOm51bGx9LCJ0ZndfbGVnYWN5X3RpbWVsaW5lX3N1bnNldCI6eyJidWNrZXQiOnRydWUsInZlcnNpb24iOm51bGx9LCJ0ZndfdHdlZXRfZWRpdF9mcm9udGVuZCI6eyJidWNrZXQiOiJvbiIsInZlcnNpb24iOm51bGx9fQ%3D%3D&amp;frame=false&amp;hideCard=false&amp;hideThread=false&amp;id=1824839784852013125&amp;lang=de&amp;origin=https%3A%2F%2Freport24.news%2Fx-schliesst-bueros-in-brasilien-nachdem-sozialistischem-richter-illegale-zensur-forderte%2F&amp;sessionId=8a3ee036214d9d2c30c7054118866244bb8f8e87&amp;theme=light&amp;widgetsVersion=2615f7e52b7e0%3A1702314776716&amp;width=550px\" frameborder=\"0\" scrolling=\"no\" allowfullscreen=\"allowfullscreen\" data-tweet-id=\"1824839784852013125\" data-mce-fragment=\"1\"><\/iframe><\/div>\n<\/div>\n<\/figure>\n<p><span>I p\u0159es uzav\u0159en\u00ed kancel\u00e1\u0159\u00ed z\u016fstane slu\u017eba X dostupn\u00e1 pro brazilsk\u00e9 u\u017eivatele. Spole\u010dnost zd\u016fraznila, \u017ee bude nad\u00e1le podporovat svobodu projevu a nebude se \u0159\u00eddit \u017e\u00e1dn\u00fdmi \u201etajn\u00fdmi cenzurn\u00edmi p\u0159\u00edkazy\u201c. P\u0159\u00edpad poukazuje na rostouc\u00ed nap\u011bt\u00ed mezi platformami soci\u00e1ln\u00edch m\u00e9di\u00ed a vl\u00e1dami po cel\u00e9m sv\u011bt\u011b v ot\u00e1zk\u00e1ch svobody projevu, moderov\u00e1n\u00ed obsahu a n\u00e1rodn\u00ed legislativy. Pozorovatel\u00e9 to pova\u017euj\u00ed za precedens pro podobn\u00e9 konflikty v jin\u00fdch zem\u00edch.<\/span><\/p>\n<p><span>Evropsk\u00e1 unie chce nap\u0159\u00edklad tak\u00e9 mnohem p\u0159\u00edsn\u011bji \u201eregulovat\u201c platformu soci\u00e1ln\u00edch m\u00e9di\u00ed a donutit X k rozs\u00e1hl\u00fdm cenzurn\u00edm opat\u0159en\u00edm. Opakovan\u011b se tak\u00e9 objevily hrozby z\u00e1kazu slu\u017eby v EU. Svoboda projevu je pod st\u00e1le v\u011bt\u0161\u00edm tlakem.<\/span><\/p>\n<p><img decoding=\"async\" loading=\"lazy\" class=\"alignnone size-full wp-image-1185\" src=\"http:\/\/www.infokuryr.cz\/n\/wp-content\/uploads\/2021\/04\/kuryr-podpis.png\" alt=\"\" width=\"84\" height=\"24\" \/><\/p>\n<p>&nbsp;<\/p>\n","protected":false},"excerpt":{"rendered":"<p>Proto\u017ee \u201eDarth Vader z Braz\u00edlie\u201c ohro\u017euje X zam\u011bstnanc\u016f v jihoamerick\u00e9 zemi, spole\u010dnost tam uzav\u0159ela sv\u00e9&#8230;<\/p>\n","protected":false},"author":2,"featured_media":60196,"comment_status":"closed","ping_status":"closed","sticky":false,"template":"","format":"standard","meta":[],"categories":[7],"tags":[288,553,5795],"_links":{"self":[{"href":"https:\/\/www.infokuryr.cz\/n\/wp-json\/wp\/v2\/posts\/60195"}],"collection":[{"href":"https:\/\/www.infokuryr.cz\/n\/wp-json\/wp\/v2\/posts"}],"about":[{"href":"https:\/\/www.infokuryr.cz\/n\/wp-json\/wp\/v2\/types\/post"}],"author":[{"embeddable":true,"href":"https:\/\/www.infokuryr.cz\/n\/wp-json\/wp\/v2\/users\/2"}],"replies":[{"embeddable":true,"href":"https:\/\/www.infokuryr.cz\/n\/wp-json\/wp\/v2\/comments?post=60195"}],"version-history":[{"count":0,"href":"https:\/\/www.infokuryr.cz\/n\/wp-json\/wp\/v2\/posts\/60195\/revisions"}],"wp:featuredmedia":[{"embeddable":true,"href":"https:\/\/www.infokuryr.cz\/n\/wp-json\/wp\/v2\/media\/60196"}],"wp:attachment":[{"href":"https:\/\/www.infokuryr.cz\/n\/wp-json\/wp\/v2\/media?parent=60195"}],"wp:term":[{"taxonomy":"category","embeddable":true,"href":"https:\/\/www.infokuryr.cz\/n\/wp-json\/wp\/v2\/categories?post=60195"},{"taxonomy":"post_tag","embeddable":true,"href":"https:\/\/www.infokuryr.cz\/n\/wp-json\/wp\/v2\/tags?post=60195"}],"curies":[{"name":"wp","href":"https:\/\/api.w.org\/{rel}","templated":true}]}}