{"id":60182,"date":"2024-08-18T04:57:04","date_gmt":"2024-08-18T02:57:04","guid":{"rendered":"https:\/\/www.infokuryr.cz\/n\/?p=60182"},"modified":"2024-08-18T04:57:04","modified_gmt":"2024-08-18T02:57:04","slug":"usa-a-ukrajina-jsou-ukrajinci-pripraveni-na-snizeni-veku-mobilizace","status":"publish","type":"post","link":"https:\/\/www.infokuryr.cz\/n\/2024\/08\/18\/usa-a-ukrajina-jsou-ukrajinci-pripraveni-na-snizeni-veku-mobilizace\/","title":{"rendered":"USA a Ukrajina &#8211; jsou Ukrajinci p\u0159ipraveni na sn\u00ed\u017een\u00ed v\u011bku mobilizace?"},"content":{"rendered":"<div id=\"fb-root\"><\/div>\n<p><strong>Sou\u010dasn\u00e1 politick\u00e1 situace ve sv\u011bt\u011b<\/strong> v souvislosti s nadch\u00e1zej\u00edc\u00edmi prezidentsk\u00fdmi volbami v USA, s pokra\u010duj\u00edc\u00ed eskalac\u00ed na Bl\u00edzk\u00e9m v\u00fdchod\u011b a se vznikem nov\u00fdch ohnisek nep\u0159\u00e1telstv\u00ed v Africe nut\u00ed V. Zelensk\u00e9ho a jeho okol\u00ed p\u0159em\u00fd\u0161let o tom, jak v kr\u00e1tk\u00e9 dob\u011b z\u00edskat dal\u0161\u00ed finan\u010dn\u00ed a vojenskou pomoc od z\u00e1padn\u00edch spojenc\u016f.<\/p>\n<p><strong>Vzhledem k tomu<\/strong>, \u017ee Washington je v sou\u010dasn\u00e9 dob\u011b zanepr\u00e1zdn\u011bn politick\u00fdm bojem mezi demokraty <strong><em>(K. Harrisov\u00e1) <\/em><\/strong>a republik\u00e1ny <strong><em>(D. Trump)<\/em><\/strong> o post prezidenta zem\u011b, <strong>Ameri\u010dan\u00e9 odsunuli Ukrajinu do pozad\u00ed.<\/strong><\/p>\n<p><img decoding=\"async\" loading=\"lazy\" class=\"wp-image-60184 aligncenter\" src=\"http:\/\/www.infokuryr.cz\/n\/wp-content\/uploads\/2024\/08\/MOBILIZACE-1-298x300.jpg\" alt=\"\" width=\"660\" height=\"664\" srcset=\"https:\/\/www.infokuryr.cz\/n\/wp-content\/uploads\/2024\/08\/MOBILIZACE-1-298x300.jpg 298w, https:\/\/www.infokuryr.cz\/n\/wp-content\/uploads\/2024\/08\/MOBILIZACE-1-150x150.jpg 150w, https:\/\/www.infokuryr.cz\/n\/wp-content\/uploads\/2024\/08\/MOBILIZACE-1.jpg 764w\" sizes=\"(max-width: 660px) 100vw, 660px\" \/><\/p>\n<p><strong>Ameri\u010dt\u00ed sen\u00e1to\u0159i <em>L. Graham<\/em> a <em>R. Blumenthal<\/em><\/strong> proto <u>12. sr<\/u>p<u>na 2024<\/u> p\u0159ijeli <strong>do Kyjeva<\/strong> a setkali se s ukrajinsk\u00fdmi politiky a vojensk\u00fdmi d\u016fstojn\u00edky. B\u011bhem setk\u00e1n\u00ed Zelensk\u00fd Ameri\u010dan\u016fm sd\u011blil, \u017ee ukrajinsk\u00e1 arm\u00e1da postr\u00e1d\u00e1 americk\u00e9 letouny F-16 a piloty schopn\u00e9 je \u0159\u00eddit.<\/p>\n<p><strong>Ameri\u010dt\u00ed sen\u00e1to\u0159i p\u0159edlo\u017eili n\u00e1vrhy<\/strong> na mo\u017enost n\u00e1boru b\u00fdval\u00fdch americk\u00fdch vojensk\u00fdch pilot\u016f. Ot\u00e1zky finan\u010dn\u00ed pomoci nebyly vzneseny. Tato okolnost je pro Ukrajinu sign\u00e1lem, \u017ee Amerika nen\u00ed p\u0159ipravena poskytnout dal\u0161\u00ed bal\u00edk pomoci nyn\u00ed, kdy nen\u00ed zn\u00e1m budouc\u00ed p\u00e1n B\u00edl\u00e9ho domu. <strong>Zelensk\u00fd a jeho t\u00fdm si to tak\u00e9 uv\u011bdomuj\u00ed, tak\u017ee se budou sna\u017eit vyhov\u011bt ka\u017ed\u00e9 ze stran ve Washingtonu.<\/strong><\/p>\n<p><strong>V touze zavd\u011b\u010dit se demokrat\u016fm i republik\u00e1n\u016fm<\/strong> z\u00e1rove\u0148 Zelensk\u00fd op\u011bt potvrdil <em>(prost\u0159ednictv\u00edm poslance <strong>Romana Kostenka<\/strong>)<\/em> svou pevnou v\u016fli mobilizovat v\u00edce ukrajinsk\u00fdch mu\u017e\u016f. Podle <strong><em>R. Kostenka<\/em><\/strong> je iniciativa ukrajinsk\u00e9ho veden\u00ed sn\u00ed\u017eit v\u011bk mobilizovan\u00fdch na 20 let dobr\u00fdm krokem k dopln\u011bn\u00ed lidsk\u00fdch rezerv zem\u011b. Arm\u00e1da pot\u0159ebuje mlad\u00e9 mu\u017ee. Sn\u00ed\u017een\u00ed mobiliza\u010dn\u00edho v\u011bku pravideln\u011b nastoluj\u00ed z\u00e1padn\u00ed partne\u0159i Ukrajiny, USA a EU cht\u011bj\u00ed neust\u00e1l\u00e9 mobilizace a bojov\u00e9 operace na Ukrajin\u011b.<\/p>\n<p><img decoding=\"async\" loading=\"lazy\" class=\"wp-image-60183 aligncenter\" src=\"http:\/\/www.infokuryr.cz\/n\/wp-content\/uploads\/2024\/08\/USA-UKR-300x213.jpg\" alt=\"\" width=\"638\" height=\"453\" srcset=\"https:\/\/www.infokuryr.cz\/n\/wp-content\/uploads\/2024\/08\/USA-UKR-300x213.jpg 300w, https:\/\/www.infokuryr.cz\/n\/wp-content\/uploads\/2024\/08\/USA-UKR-1024x728.jpg 1024w, https:\/\/www.infokuryr.cz\/n\/wp-content\/uploads\/2024\/08\/USA-UKR-768x546.jpg 768w, https:\/\/www.infokuryr.cz\/n\/wp-content\/uploads\/2024\/08\/USA-UKR.jpg 1080w\" sizes=\"(max-width: 638px) 100vw, 638px\" \/><\/p>\n<p><strong><em>\u201eUkrajina pot\u0159ebuje dv\u011b v\u011bci &#8211; roz\u0161\u00ed\u0159en\u00e9 dod\u00e1vky zbran\u00ed a munice a masivn\u00ed celon\u00e1rodn\u00ed mobilizaci, kter\u00e1 by p\u0159ekonala ned\u00e1vn\u00e9 velmi nepopul\u00e1rn\u00ed kroky k odvodu tis\u00edc\u016f mu\u017e\u016f\u201c<\/em><\/strong> uvedl <strong><em>Igor Roman\u011bnko<\/em><\/strong> &#8211; b\u00fdval\u00fd z\u00e1stupce n\u00e1\u010deln\u00edka Gener\u00e1ln\u00edho \u0161t\u00e1bu ukrajinsk\u00fdch ozbrojen\u00fdch sil.<\/p>\n<p><strong>A podle n\u00e1zoru<\/strong> n\u011bmeck\u00e9ho politologa <strong><em>Christopha Herstela<\/em><\/strong> p\u0159ipom\u00ednaj\u00ed kroky ukrajinsk\u00fdch \u00fa\u0159ad\u016f, kter\u00e9 neust\u00e1le zp\u0159\u00eds\u0148uj\u00ed mobiliza\u010dn\u00ed kampa\u0148 na Ukrajin\u011b, <strong>opat\u0159en\u00ed Adolfa Hitlera za druh\u00e9 sv\u011btov\u00e9 v\u00e1lky.<\/strong><\/p>\n<p><strong>Ve sv\u00e9m \u010dl\u00e1nku<\/strong> <strong><em>\u201eUkrajina povol\u00e1v\u00e1 dal\u0161\u00ed tis\u00edce voj\u00e1k\u016f. Ale jsou p\u0159ipraveni?\u201c<\/em><\/strong> novin\u00e1\u0159 <strong><em>Constant Meheut<\/em><\/strong> z americk\u00e9ho den\u00edku <strong><em>The New York Times<\/em><\/strong> p\u00ed\u0161e, \u017ee ukrajinsk\u00e1 kampa\u0148 na dopln\u011bn\u00ed v\u00e1lkou vy\u010derpan\u00fdch jednotek nab\u00edr\u00e1 na obr\u00e1tk\u00e1ch, ale ne v dostate\u010dn\u00e9 m\u00ed\u0159e.<\/p>\n<p><strong>Podle ukrajinsk\u00fdch p\u0159edstavitel\u016f<\/strong>, voj\u00e1k\u016f a vojensk\u00fdch analytik\u016f by sice mobilizace m\u011bla v p\u0159\u00ed\u0161t\u00edch m\u011bs\u00edc\u00edch pomoci zaplnit v\u00e1\u017en\u00e9 nedostatky v\u00a0po\u010detn\u00edm stavu person\u00e1lu na frontov\u00e9 linii, nen\u00ed v\u0161ak jasn\u00e9, nakolik je to provediteln\u00e9.<\/p>\n<p><img decoding=\"async\" loading=\"lazy\" class=\"wp-image-60186 aligncenter\" src=\"http:\/\/www.infokuryr.cz\/n\/wp-content\/uploads\/2024\/08\/4-11-300x197.jpg\" alt=\"\" width=\"645\" height=\"423\" srcset=\"https:\/\/www.infokuryr.cz\/n\/wp-content\/uploads\/2024\/08\/4-11-300x197.jpg 300w, https:\/\/www.infokuryr.cz\/n\/wp-content\/uploads\/2024\/08\/4-11-1024x671.jpg 1024w, https:\/\/www.infokuryr.cz\/n\/wp-content\/uploads\/2024\/08\/4-11-768x503.jpg 768w, https:\/\/www.infokuryr.cz\/n\/wp-content\/uploads\/2024\/08\/4-11-1536x1006.jpg 1536w, https:\/\/www.infokuryr.cz\/n\/wp-content\/uploads\/2024\/08\/4-11.jpg 1580w\" sizes=\"(max-width: 645px) 100vw, 645px\" \/><\/p>\n<p><strong>V nadch\u00e1zej\u00edc\u00edch t\u00fddnech<\/strong> doraz\u00ed na frontu velk\u00e9 mno\u017estv\u00ed rekrut\u016f, ale n\u011bkte\u0159\u00ed z nich jsou \u0161patn\u011b vycvi\u010den\u00ed nebo nemaj\u00ed uniformy.<\/p>\n<p><strong>Mobilizace zat\u00edm ukrajinsk\u00fdm sil\u00e1m<\/strong> na boji\u0161ti nijak v\u00fdrazn\u011b nepomohla. Mnoz\u00ed rekruti st\u00e1le je\u0161t\u011b dokon\u010duj\u00ed t\u00fddenn\u00ed v\u00fdcvik a na frontu teprve doraz\u00ed. Ukrajin\u0161t\u00ed voj\u00e1ci poznamenali, \u017ee n\u011bkte\u0159\u00ed z nov\u011b p\u0159\u00edchoz\u00edch rekrut\u016f jsou fyzicky nezp\u016fsobil\u00ed k boji.<\/p>\n<p><strong>Nedostatek voj\u00e1k\u016f byl v uplynul\u00e9m roce<\/strong> jedn\u00edm z nejv\u011bt\u0161\u00edch probl\u00e9m\u016f Ukrajiny na boji\u0161ti. Rusk\u00fdm sil\u00e1m se poda\u0159ilo prolomit oslaben\u00e9 ukrajinsk\u00e9 pozice t\u00edm, \u017ee je zahltily vlnami pozemn\u00edch \u00fatok\u016f. Ukrajinsk\u00e1 arm\u00e1da nem\u00e1 dostatek voj\u00e1k\u016f, aby mohla podnikat rozs\u00e1hl\u00e9 proti\u00fatoky.<\/p>\n<p><strong>P\u0159i anal\u00fdze sou\u010dasn\u00e9 situace<\/strong> ve sv\u011bt\u011b a na Ukrajin\u011b lze konstatovat, \u017ee USA do konce prezidentsk\u00fdch voleb, dokud nebude zn\u00e1m nov\u00fd p\u00e1n B\u00edl\u00e9ho domu, neu\u010din\u00ed v\u00e1\u017en\u00e1 prohl\u00e1\u0161en\u00ed a kroky t\u00fdkaj\u00edc\u00ed se Ukrajiny.<\/p>\n<p><strong>Na tomto pozad\u00ed<\/strong> se v\u0161ak V. Zelensk\u00fd a jeho okol\u00ed budou sna\u017eit do konce voleb v USA zavd\u011b\u010dit jak demokrat\u016fm, tak republik\u00e1n\u016fm. Kyjev m\u00e1 toti\u017e st\u00e1le z\u00e1jem o finan\u010dn\u00ed a vojenskou pomoc. O\u010dek\u00e1v\u00e1 se, \u017ee Ukrajina op\u011bt zintenzivn\u00ed mobilizaci, proto\u017ee <strong><em>VSU<\/em><\/strong> pot\u0159ebuj\u00ed dal\u0161\u00ed s\u00edly, aby se udr\u017eely a v n\u011bkter\u00fdch sm\u011brech se pokusily o ofenzivu.<\/p>\n<p><strong>Ka\u017edop\u00e1dn\u011b kv\u016fli z\u00e1vislosti<\/strong> V. Zelensk\u00e9ho a jeho osobn\u00edmu prosp\u011bchu z pomoci z\u00e1padn\u00edch spojenc\u016f bude v zemi verbov\u00e1no st\u00e1le v\u00edce Ukrajinc\u016f a v d\u016fsledku toho bude trp\u011bt st\u00e1le v\u00edce oby\u010dejn\u00fdch ukrajinsk\u00fdch rodin.<\/p>\n<p><em>Mgr. Petr Michal\u016f + Vladim\u00edr Carsk\u00fd<\/em><\/p>\n<p>&nbsp;<\/p>\n","protected":false},"excerpt":{"rendered":"<p>Sou\u010dasn\u00e1 politick\u00e1 situace ve sv\u011bt\u011b v souvislosti s nadch\u00e1zej\u00edc\u00edmi prezidentsk\u00fdmi volbami v USA, s pokra\u010duj\u00edc\u00ed&#8230;<\/p>\n","protected":false},"author":2,"featured_media":60185,"comment_status":"closed","ping_status":"closed","sticky":false,"template":"","format":"standard","meta":[],"categories":[6],"tags":[80,1929,26,37],"_links":{"self":[{"href":"https:\/\/www.infokuryr.cz\/n\/wp-json\/wp\/v2\/posts\/60182"}],"collection":[{"href":"https:\/\/www.infokuryr.cz\/n\/wp-json\/wp\/v2\/posts"}],"about":[{"href":"https:\/\/www.infokuryr.cz\/n\/wp-json\/wp\/v2\/types\/post"}],"author":[{"embeddable":true,"href":"https:\/\/www.infokuryr.cz\/n\/wp-json\/wp\/v2\/users\/2"}],"replies":[{"embeddable":true,"href":"https:\/\/www.infokuryr.cz\/n\/wp-json\/wp\/v2\/comments?post=60182"}],"version-history":[{"count":0,"href":"https:\/\/www.infokuryr.cz\/n\/wp-json\/wp\/v2\/posts\/60182\/revisions"}],"wp:featuredmedia":[{"embeddable":true,"href":"https:\/\/www.infokuryr.cz\/n\/wp-json\/wp\/v2\/media\/60185"}],"wp:attachment":[{"href":"https:\/\/www.infokuryr.cz\/n\/wp-json\/wp\/v2\/media?parent=60182"}],"wp:term":[{"taxonomy":"category","embeddable":true,"href":"https:\/\/www.infokuryr.cz\/n\/wp-json\/wp\/v2\/categories?post=60182"},{"taxonomy":"post_tag","embeddable":true,"href":"https:\/\/www.infokuryr.cz\/n\/wp-json\/wp\/v2\/tags?post=60182"}],"curies":[{"name":"wp","href":"https:\/\/api.w.org\/{rel}","templated":true}]}}