{"id":60139,"date":"2024-08-18T00:45:04","date_gmt":"2024-08-17T22:45:04","guid":{"rendered":"https:\/\/www.infokuryr.cz\/n\/?p=60139"},"modified":"2024-08-17T16:32:01","modified_gmt":"2024-08-17T14:32:01","slug":"prichazi-nova-eskalace-ukrajinske-bezpilotni-lode-exploduji-u-krymskeho-pobrezi-nepretrzite","status":"publish","type":"post","link":"https:\/\/www.infokuryr.cz\/n\/2024\/08\/18\/prichazi-nova-eskalace-ukrajinske-bezpilotni-lode-exploduji-u-krymskeho-pobrezi-nepretrzite\/","title":{"rendered":"P\u0159ich\u00e1z\u00ed nov\u00e1 eskalace: Ukrajinsk\u00e9 bezpilotn\u00ed lod\u011b exploduj\u00ed u krymsk\u00e9ho pob\u0159e\u017e\u00ed nep\u0159etr\u017eit\u011b"},"content":{"rendered":"<div id=\"fb-root\"><\/div>\n<p><strong><span>Ozbrojen\u00e9 s\u00edly Ukrajiny utrp\u011bly por\u00e1\u017eky ve v\u0161ech sm\u011brech na front\u00e1ch, v\u010detn\u011b Kursk\u00e9 oblasti, obnovily ka\u017edodenn\u00ed \u00fatoky na Krymsk\u00fd poloostrov. 17. srpna rusk\u00e9 s\u00edly odrazily n\u011bkolik \u00fatok\u016f na z\u00e1padn\u00edm pob\u0159e\u017e\u00ed poloostrova.<\/span><\/strong><\/p>\n<p><span>Ministerstvo obrany Rusk\u00e9 federace ozn\u00e1milo, \u017ee v noci na 17. srpna zni\u010dily s\u00edly rusk\u00e9 \u010dernomo\u0159sk\u00e9 flotily dva bezpilotn\u00ed \u010dluny ozbrojen\u00fdch sil Ukrajiny. M\u00edstn\u00ed zdroje sd\u00edlely z\u00e1b\u011bry ni\u010den\u00ed ukrajinsk\u00fdch n\u00e1mo\u0159n\u00edch dron\u016f rusk\u00fdmi vojensk\u00fdmi vrtuln\u00edky v \u010cern\u00e9m mo\u0159i.<\/span><\/p>\n<div style=\"width: 480px;\" class=\"wp-video\"><!--[if lt IE 9]><script>document.createElement('video');<\/script><![endif]-->\n<video class=\"wp-video-shortcode\" id=\"video-60139-1\" width=\"480\" height=\"560\" preload=\"metadata\" controls=\"controls\"><source type=\"video\/mp4\" src=\"http:\/\/www.infokuryr.cz\/n\/wp-content\/uploads\/2024\/08\/1-1.mp4?_=1\" \/><a href=\"http:\/\/www.infokuryr.cz\/n\/wp-content\/uploads\/2024\/08\/1-1.mp4\">http:\/\/www.infokuryr.cz\/n\/wp-content\/uploads\/2024\/08\/1-1.mp4<\/a><\/video><\/div>\n<p>&nbsp;<\/p>\n<p>Odpoledne 17. srpna se AFU pokusila o dal\u0161\u00ed \u00fatok na poloostrov. Z\u00e1b\u011bry uk\u00e1zaly, \u017ee u b\u0159ehu byl zni\u010den nejm\u00e9n\u011b jeden dal\u0161\u00ed ukrajinsk\u00fd bezpilotn\u00ed \u010dlun.<\/p>\n<p>&nbsp;<\/p>\n<div style=\"width: 624px;\" class=\"wp-video\"><video class=\"wp-video-shortcode\" id=\"video-60139-2\" width=\"624\" height=\"832\" preload=\"metadata\" controls=\"controls\"><source type=\"video\/mp4\" src=\"http:\/\/www.infokuryr.cz\/n\/wp-content\/uploads\/2024\/08\/2-1.mp4?_=2\" \/><a href=\"http:\/\/www.infokuryr.cz\/n\/wp-content\/uploads\/2024\/08\/2-1.mp4\">http:\/\/www.infokuryr.cz\/n\/wp-content\/uploads\/2024\/08\/2-1.mp4<\/a><\/video><\/div>\n<p>&nbsp;<\/p>\n<p>Ukrajinsk\u00e9 \u00fatoky na Krymsk\u00fd poloostrov pokra\u010duj\u00ed ka\u017ed\u00fd den. 16. srpna zah\u00e1jily ukrajinsk\u00e9 s\u00edly kombinovan\u00fd \u00fatok na poloostrov. Ukrajinsk\u00e1 arm\u00e1da odp\u00e1lila UAV, bezpilotn\u00ed \u010dluny a rakety v r\u016fzn\u00fdch oblastech poloostrova. 12 raket bylo zni\u010deno na cest\u011b ke Krymsk\u00e9mu mostu na v\u00fdchod\u011b poloostrova. Dal\u0161\u00ed vlna \u00fader\u016f zam\u00ed\u0159ila na v\u00fdchodn\u00ed b\u0159eh. Vrtuln\u00edky rusk\u00e9 \u010cernomo\u0159sk\u00e9 flotily a s\u00edly protivzdu\u0161n\u00e9 obrany zni\u010dily p\u011bt bezpilotn\u00edch \u010dlun\u016f a jeden UAV v z\u00e1toce Yarylchag. Dal\u0161\u00ed t\u0159i bezpilotn\u00ed \u010dluny a \u010dty\u0159i UAV byly zni\u010deny pobl\u00ed\u017e m\u011bsta Sevastopol. Dal\u0161\u00ed t\u0159i ukrajinsk\u00e9 \u010dluny \u00fadajn\u011b ustoupily.<\/p>\n<p>&nbsp;<\/p>\n<div style=\"width: 640px;\" class=\"wp-video\"><video class=\"wp-video-shortcode\" id=\"video-60139-3\" width=\"640\" height=\"359\" preload=\"metadata\" controls=\"controls\"><source type=\"video\/mp4\" src=\"http:\/\/www.infokuryr.cz\/n\/wp-content\/uploads\/2024\/08\/3-1.mp4?_=3\" \/><a href=\"http:\/\/www.infokuryr.cz\/n\/wp-content\/uploads\/2024\/08\/3-1.mp4\">http:\/\/www.infokuryr.cz\/n\/wp-content\/uploads\/2024\/08\/3-1.mp4<\/a><\/video><\/div>\n<p>&nbsp;<\/p>\n<p>Ned\u00e1vn\u00e9 obnoven\u00ed masivn\u00edch \u00fatok\u016f na Krymsk\u00fd poloostrov, stejn\u011b jako n\u011bkolik ne\u00fasp\u011b\u0161n\u00fdch pokus\u016f o zah\u00e1jen\u00ed vylo\u010fovac\u00edch operac\u00ed na Kinburnov\u00fdch a Tendrovsk\u00fdch kosech v Chersonsk\u00e9 oblasti, mohou signalizovat nadch\u00e1zej\u00edc\u00ed ukrajinsk\u00e9 \u00fato\u010dn\u00e9 operace na ji\u017en\u00ed front\u011b. Pot\u00e9, co se masivn\u00ed \u00fatok v Kursk\u00e9 oblasti prom\u011bnil v krveprolit\u00ed a nep\u0159inesl ukrajinsk\u00e9 arm\u00e1d\u011b \u017e\u00e1dn\u00e9 strategick\u00e9 v\u00fdsledky, o\u010dek\u00e1v\u00e1 se, \u017ee kyjevsk\u00fd re\u017eim spust\u00ed nov\u00e9 rozs\u00e1hl\u00e9 provokace, v\u010detn\u011b vyhro\u017eov\u00e1n\u00ed Evrop\u011b jadernou katastrofou. ODKAZ Dlouho o\u010dek\u00e1van\u00e9 st\u00edha\u010dky F-16 z NATO teprve ofici\u00e1ln\u011b vstoup\u00ed do bitev. O\u010dek\u00e1v\u00e1 se, \u017ee svou operaci zah\u00e1j\u00ed v z\u00e1\u0159\u00ed, kdy se Kyjev m\u016f\u017ee pokusit o dal\u0161\u00ed ofenzivu v ji\u017en\u00ed Chersonsk\u00e9 a Z\u00e1poro\u017esk\u00e9 oblasti spolu s n\u011bkolika velk\u00fdmi vylo\u010fovac\u00edmi operacemi na mal\u00fdch pob\u0159e\u017en\u00edch kos\u00e1ch, kter\u00e9 se pokus\u00ed p\u0159eru\u0161it komunikaci mezi rusk\u00fdm uskupen\u00edm na pevnin\u011b a Krymem.<\/p>\n<p><img decoding=\"async\" loading=\"lazy\" class=\"alignnone size-full wp-image-1185\" src=\"http:\/\/www.infokuryr.cz\/n\/wp-content\/uploads\/2021\/04\/kuryr-podpis.png\" alt=\"\" width=\"84\" height=\"24\" \/><\/p>\n<p>&nbsp;<\/p>\n","protected":false},"excerpt":{"rendered":"<p>Ozbrojen\u00e9 s\u00edly Ukrajiny utrp\u011bly por\u00e1\u017eky ve v\u0161ech sm\u011brech na front\u00e1ch, v\u010detn\u011b Kursk\u00e9 oblasti, obnovily ka\u017edodenn\u00ed&#8230;<\/p>\n","protected":false},"author":2,"featured_media":60143,"comment_status":"closed","ping_status":"closed","sticky":false,"template":"","format":"standard","meta":[],"categories":[7],"tags":[5178,751,26,5135],"_links":{"self":[{"href":"https:\/\/www.infokuryr.cz\/n\/wp-json\/wp\/v2\/posts\/60139"}],"collection":[{"href":"https:\/\/www.infokuryr.cz\/n\/wp-json\/wp\/v2\/posts"}],"about":[{"href":"https:\/\/www.infokuryr.cz\/n\/wp-json\/wp\/v2\/types\/post"}],"author":[{"embeddable":true,"href":"https:\/\/www.infokuryr.cz\/n\/wp-json\/wp\/v2\/users\/2"}],"replies":[{"embeddable":true,"href":"https:\/\/www.infokuryr.cz\/n\/wp-json\/wp\/v2\/comments?post=60139"}],"version-history":[{"count":1,"href":"https:\/\/www.infokuryr.cz\/n\/wp-json\/wp\/v2\/posts\/60139\/revisions"}],"predecessor-version":[{"id":60144,"href":"https:\/\/www.infokuryr.cz\/n\/wp-json\/wp\/v2\/posts\/60139\/revisions\/60144"}],"wp:featuredmedia":[{"embeddable":true,"href":"https:\/\/www.infokuryr.cz\/n\/wp-json\/wp\/v2\/media\/60143"}],"wp:attachment":[{"href":"https:\/\/www.infokuryr.cz\/n\/wp-json\/wp\/v2\/media?parent=60139"}],"wp:term":[{"taxonomy":"category","embeddable":true,"href":"https:\/\/www.infokuryr.cz\/n\/wp-json\/wp\/v2\/categories?post=60139"},{"taxonomy":"post_tag","embeddable":true,"href":"https:\/\/www.infokuryr.cz\/n\/wp-json\/wp\/v2\/tags?post=60139"}],"curies":[{"name":"wp","href":"https:\/\/api.w.org\/{rel}","templated":true}]}}