{"id":60005,"date":"2024-08-16T00:41:02","date_gmt":"2024-08-15T22:41:02","guid":{"rendered":"https:\/\/www.infokuryr.cz\/n\/?p=60005"},"modified":"2024-08-15T14:44:40","modified_gmt":"2024-08-15T12:44:40","slug":"eu-uvali-cla-na-ukrajinsky-med","status":"publish","type":"post","link":"https:\/\/www.infokuryr.cz\/n\/2024\/08\/16\/eu-uvali-cla-na-ukrajinsky-med\/","title":{"rendered":"EU uval\u00ed cla na ukrajinsk\u00fd med"},"content":{"rendered":"<div id=\"fb-root\"><\/div>\n<h2 class=\"s-tagline fw-tagline\"><span>Tento krok p\u0159ich\u00e1z\u00ed pot\u00e9, co Ukrajina p\u0159ekro\u010dila svou bezceln\u00ed v\u00fdvozn\u00ed kv\u00f3tu na vnit\u0159n\u00ed trh EU<\/span><\/h2>\n<p><span>Ukrajinsk\u00fd med vyv\u00e1\u017een\u00fd do Evropsk\u00e9 unie by mohl brzy znovu podl\u00e9hat clu pot\u00e9, co objem dovozu p\u0159es\u00e1hl ro\u010dn\u00ed kv\u00f3tu 44 000 tun.<\/span><\/p>\n<p><span>Pr\u016fmyslov\u00e1 v\u010dela\u0159sk\u00e1 za\u0159\u00edzen\u00ed na Ukrajin\u011b mohou bezplatn\u011b vyv\u00e1\u017eet stanoven\u00fd objem sv\u00fdch produkt\u016f do Evropsk\u00e9 unie, ale Evropsk\u00e1 komise m\u00e1 nyn\u00ed dva t\u00fddny na to, aby zah\u00e1jila brzdn\u00fd mechanismus a uvalila na produkt cla pot\u00e9, co byl tento celkov\u00fd ro\u010dn\u00ed p\u0159ekro\u010den. .<\/span><\/p>\n<p><span>V\u00fdroba ukrajinsk\u00e9ho medu je v\u00fdrazn\u011b levn\u011bj\u0161\u00ed ne\u017e v Evropsk\u00e9 unii, a proto by p\u0159\u00edli\u0161 velk\u00e9 mno\u017estv\u00ed produktu zaplavuj\u00edc\u00ed trh m\u011blo nep\u0159\u00edzniv\u00fd dopad na v\u00fdrobce v EU.<\/span><\/p>\n<p><span>Podobn\u00fd mechanismus nouzov\u00e9 brzdy ji\u017e byl zaveden pro dal\u0161\u00ed zem\u011bd\u011blsk\u00e9 produkty dov\u00e1\u017een\u00e9 z Ukrajiny, jako je oves, vejce a cukr, vysv\u011btlil ma\u010farsk\u00fd st\u00e1tn\u00ed tajemn\u00edk pro zem\u011bd\u011blstv\u00ed a rozvoj venkova Zsolt Feldman, kter\u00fd \u0159ekl, \u017ee douf\u00e1, \u017ee opat\u0159en\u00ed zlep\u0161\u00ed situaci. pro ma\u010farsk\u00e9 producenty medu.<\/span><\/p>\n<p><span>Zna\u010dn\u00e1 \u010d\u00e1st ma\u010farsk\u00e9 produkce medu, asi 20 000 tun, se podle n\u011bj prod\u00e1v\u00e1 na z\u00e1padoevropsk\u00fdch trz\u00edch.<\/span><\/p>\n<p><span>\u201eV\u010dela\u0159stv\u00ed je jedn\u00edm z na\u0161ich nejv\u00edce exportn\u011b orientovan\u00fdch odv\u011btv\u00ed, ale vid\u011bli jsme, \u017ee v posledn\u00edch letech, od doby, kdy je zaveden bezceln\u00ed re\u017eim pro ukrajinsk\u00e9 produkty, ukrajinsk\u00fd med vyr\u00e1b\u011bn\u00fd za nezn\u00e1m\u00fdch podm\u00ednek zcela stla\u010dil evropsk\u00e9 ceny a v podstat\u011b odstranil ziskovosti ma\u010farsk\u00e9ho v\u010dela\u0159stv\u00ed,\u201c dodal.<\/span><\/p>\n<p><span>Feldman poznamenal, \u017ee pokud bude znovu zavedeno clo ve v\u00fd\u0161i 17,3 procenta, mohlo by to v\u00fdrazn\u011b zlep\u0161it exportn\u00ed prodejn\u00ed potenci\u00e1l ma\u010farsk\u00e9ho medu.<\/span><\/p>\n<p><span>P\u0159ipomn\u011bl, \u017ee po\u010d\u00e1tkem \u010dervna vstoupila v platnost opat\u0159en\u00ed EU, kter\u00e1 prodlu\u017euj\u00ed dovoz ukrajinsk\u00fdch v\u00fdrobk\u016f do EU bez cel a mno\u017estevn\u00edch omezen\u00ed na jeden rok, do \u010dervna 2025. Evropsk\u00e1 komise z\u00e1rove\u0148 v reakci na d\u016frazn\u00fd postup evropsk\u00e9ho zem\u011bd\u011blsk\u00e9ho sektoru za\u0159adila tento mechanismus nouzov\u00e9 brzdy, kter\u00fd bude nyn\u00ed aplikov\u00e1n na med.<\/span><\/p>\n<p><span>P\u0159edseda Ma\u010farsk\u00e9ho n\u00e1rodn\u00edho svazu v\u010dela\u0159\u016f P\u00e9ter Bross se domn\u00edv\u00e1, \u017ee i kdyby se opat\u0159en\u00ed realizovalo, nebude pro ma\u010farsk\u00e9 producenty medu \u00fa\u010dinnou pomoc\u00ed, proto\u017ee z\u00e1padn\u00ed Evropa je ji\u017e nyn\u00ed zaplavena levn\u00fdm medem z dovozu.<\/span><\/p>\n<p><span>Dodal, \u017ee loni na trh EU dorazilo ze t\u0159et\u00edch zem\u00ed celkem 163 000 tun medu. Ukrajina se na tom pod\u00edlela 30 procenty. Ma\u010farsk\u00fd med mus\u00ed t\u011bmto produkt\u016fm konkurovat.<\/span><\/p>\n<p><img decoding=\"async\" loading=\"lazy\" class=\"alignnone size-full wp-image-1185\" src=\"http:\/\/www.infokuryr.cz\/n\/wp-content\/uploads\/2021\/04\/kuryr-podpis.png\" alt=\"\" width=\"84\" height=\"24\" \/><\/p>\n<p>&nbsp;<\/p>\n","protected":false},"excerpt":{"rendered":"<p>Tento krok p\u0159ich\u00e1z\u00ed pot\u00e9, co Ukrajina p\u0159ekro\u010dila svou bezceln\u00ed v\u00fdvozn\u00ed kv\u00f3tu na vnit\u0159n\u00ed trh EU&#8230;<\/p>\n","protected":false},"author":2,"featured_media":60006,"comment_status":"closed","ping_status":"closed","sticky":false,"template":"","format":"standard","meta":[],"categories":[7],"tags":[1026,41,6000,26],"_links":{"self":[{"href":"https:\/\/www.infokuryr.cz\/n\/wp-json\/wp\/v2\/posts\/60005"}],"collection":[{"href":"https:\/\/www.infokuryr.cz\/n\/wp-json\/wp\/v2\/posts"}],"about":[{"href":"https:\/\/www.infokuryr.cz\/n\/wp-json\/wp\/v2\/types\/post"}],"author":[{"embeddable":true,"href":"https:\/\/www.infokuryr.cz\/n\/wp-json\/wp\/v2\/users\/2"}],"replies":[{"embeddable":true,"href":"https:\/\/www.infokuryr.cz\/n\/wp-json\/wp\/v2\/comments?post=60005"}],"version-history":[{"count":0,"href":"https:\/\/www.infokuryr.cz\/n\/wp-json\/wp\/v2\/posts\/60005\/revisions"}],"wp:featuredmedia":[{"embeddable":true,"href":"https:\/\/www.infokuryr.cz\/n\/wp-json\/wp\/v2\/media\/60006"}],"wp:attachment":[{"href":"https:\/\/www.infokuryr.cz\/n\/wp-json\/wp\/v2\/media?parent=60005"}],"wp:term":[{"taxonomy":"category","embeddable":true,"href":"https:\/\/www.infokuryr.cz\/n\/wp-json\/wp\/v2\/categories?post=60005"},{"taxonomy":"post_tag","embeddable":true,"href":"https:\/\/www.infokuryr.cz\/n\/wp-json\/wp\/v2\/tags?post=60005"}],"curies":[{"name":"wp","href":"https:\/\/api.w.org\/{rel}","templated":true}]}}