{"id":6000,"date":"2021-11-08T03:16:21","date_gmt":"2021-11-08T02:16:21","guid":{"rendered":"http:\/\/www.infokuryr.cz\/n\/?p=6000"},"modified":"2021-11-08T03:16:21","modified_gmt":"2021-11-08T02:16:21","slug":"nedelnik-adama-b-bartose-61-nalijme-si-cisteho-vina-hraje-se-o-nasi-dusi","status":"publish","type":"post","link":"https:\/\/www.infokuryr.cz\/n\/2021\/11\/08\/nedelnik-adama-b-bartose-61-nalijme-si-cisteho-vina-hraje-se-o-nasi-dusi\/","title":{"rendered":"NED\u011aLN\u00cdK ADAMA B. BARTO\u0160E (61): NALIJME SI \u010cIST\u00c9HO V\u00cdNA. HRAJE SE O NA\u0160I DU\u0160I\u2026"},"content":{"rendered":"<div id=\"fb-root\"><\/div>\n<p>Je za n\u00e1mi zase dal\u0161\u00ed t\u00fdden a spolu s n\u00edm dal\u0161\u00ed porce covidov\u00e9ho \u0161\u00edlenstv\u00ed. U\u017e ty nesmysly ani ne\u010dtu, sna\u017e\u00edm se jim nev\u011bnovat pozornost, nevyhled\u00e1vat je. Ob\u010das na mne n\u011bjak\u00e1 z t\u011bch hovadin vysko\u010d\u00ed, kdy\u017e se jdu pod\u00edvat nap\u0159\u00edklad na mail, ale u\u017e ani nem\u00e1m s\u00edlu se nad t\u00edm roz\u010dilovat.<span id=\"more-12457\"><\/span><\/p>\n<p>P\u0159em\u00fd\u0161l\u00edm nad t\u00edm, kam se \u0159\u00edt\u00edme a jak to asi dopadne. Volby uk\u00e1zaly, \u017ee vl\u00e1dn\u00ed covidov\u00fd teror vlastn\u011b nikomu nevad\u00ed \u2013 vlastn\u011b to bylo takov\u00e9 referendum, zda chceme covidov\u00fd teror od Babi\u0161e, nebo od Fialy. A dopadlo to t\u00e9m\u011b\u0159 nerozhodn\u011b. T\u011bch, co pak volili proti covidov\u00e9mu teroru, bylo tak m\u00e1lo, \u017ee to z hlediska n\u00e1roda t\u00e9m\u011b\u0159 nem\u00e1 relevanci. T\u011bch zhruba 100 tis\u00edc lid\u00ed vol\u00edc\u00edch proticovidov\u00e9 strany, nemaj\u00ed a v dohledn\u00e9 dob\u011b nebudou m\u00edt v parlamentu \u017e\u00e1dn\u00e9 zastoupen\u00ed ani zast\u00e1n\u00ed. N\u00e1rod si vybral bioteror, covidov\u00fd fa\u0161ismus, aroganci b\u00edl\u00fdch pl\u00e1\u0161\u0165\u016f. St\u00e1le mi to vrt\u00e1 hlavou, jak je to mo\u017en\u00e9, \u017ee o\u010dkov\u00e1n\u00ed experiment\u00e1ln\u00ed l\u00e1tkou (a to se je\u0161t\u011b vyjad\u0159uji velice m\u00edrn\u011b), nevad\u00ed tak ohromn\u00e9mu mno\u017estv\u00ed lid\u00ed.<\/p>\n<p>P\u0159em\u00fd\u0161lel jsem nad t\u00edm t\u00fdden a cht\u011bl dnes k tomu n\u011bco sepsat, ale nehnul jsem se z m\u00edsta. St\u00e1le mi to hlava nebere, st\u00e1le nerozum\u00edm tomu, co se s n\u00e1mi stalo. Tohle je hlub\u0161\u00ed probl\u00e9m, a\u017e metafyzick\u00fd. Hodn\u011b te\u010f \u010dtu o na\u0161\u00ed historii a sna\u017e\u00edm se hledat v na\u0161ich novodob\u00fdch d\u011bjin\u00e1ch analogie k tomu, co se d\u011bje, a tak\u00e9 zjistit n\u011bjak\u00e9 ponau\u010den\u00ed, ale tohle je jin\u00e9. M\u00e1m pocit, \u017ee tohle tu nikdy nebylo a \u017ee proto i pou\u010den\u00ed nebude tak snadn\u00e9.<\/p>\n<p>Jedna v\u011bc je, \u017ee si nevl\u00e1dneme sami a je v\u016fbec ot\u00e1zka, kdy jsme si sami vl\u00e1dli. Kdy naposledy. Nap\u0159\u00edklad v minul\u00fdch stu letech \u2013 vl\u00e1dli jsme si n\u011bkdy sami? A m\u00e1me n\u011bjak\u00fd vzor v na\u0161\u00ed minulosti, ke kter\u00e9mu bychom se mohli vzt\u00e1hnout \u2013 vzor toho, jak jsme si kdysi sami vl\u00e1dli? Bylo by to na spoustu ned\u011bln\u00edk\u016f, ale ob\u00e1v\u00e1m se, \u017ee mo\u017en\u00e1 \u017e\u00e1dn\u00e9 takov\u00e9 obdob\u00ed nenajdeme. A\u0165 u\u017e je n\u00e1m to kter\u00e9 obdob\u00ed v na\u0161\u00ed minulosti sympati\u010dt\u011bj\u0161\u00ed ne\u017e jin\u00e9, v kone\u010dn\u00e9m d\u016fsledku vlastn\u011b zjist\u00edme, \u017ee jsme v\u017edy byli ve vleku n\u011bkoho, v\u017edy n\u011bkdo rozhodoval o n\u00e1s bez n\u00e1s, v\u017edy n\u00e1s n\u011bkdo ovl\u00e1dal, v\u017edy jsme n\u011bkomu slou\u017eili a v\u017edy n\u00e1s n\u011bkdo zradil, prodal apod. Nep\u00ed\u0161i to proto, abychom z toho m\u011bli mindr\u00e1ky, ale abychom si nalili \u010dist\u00e9ho v\u00edna. My vlastn\u011b bezprost\u0159edn\u00ed zku\u0161enost se svobodou a nez\u00e1vislost\u00ed nem\u00e1me, proto\u017ee jsme ji nikdy neza\u017eili \u2013 ani na\u0161i otcov\u00e9, ani na\u0161i d\u011bdov\u00e9, prad\u011bdov\u00e9, a tak bychom mohli j\u00edt hluboko do na\u0161\u00ed minulosti. I v t\u011bch lep\u0161\u00edch obdob\u00edch \u017eivota na\u0161eho st\u00e1tu jsme stejn\u011b byli n\u011bkomu pod\u0159\u00edzeni, n\u011bk\u00fdm zneu\u017e\u00edv\u00e1ni nebo alespo\u0148 to, co jsme d\u011blali, bylo trp\u011bno a\u017e do \u010dasu, proto\u017ee se to do t\u00e9 doby n\u011bkomu hodilo a kdy\u017e se mu to hodit p\u0159estalo, kulisy se n\u00e1hle jako m\u00e1vnut\u00edm kouzeln\u00e9ho proutku zm\u011bnily \u2013 v n\u00e1\u0161 neprosp\u011bch.<\/p>\n<p>Doba, ve kter\u00e9 \u017eijeme po roce 1989, je dobou na\u0161eho n\u00e1rodn\u00edho pon\u00ed\u017een\u00ed. V roce 1989 jsme bylo zrazeni sv\u00fdmi spojenci (tedy p\u0159esn\u011bji Sov\u011btsk\u00fdm svazem) a p\u0159edhozeni lv\u016fm. Stali jsme se ko\u0159ist\u00ed. Prohr\u00e1li jsme studenou v\u00e1lku a spadli jsme do vlivu Z\u00e1padu, kter\u00fd se na n\u00e1s vrhl jako na kost ur\u010denou k ohlod\u00e1n\u00ed. Jsme zkr\u00e1tka u\u017e 32 let porobenou zem\u00ed, protektor\u00e1tem, koloni\u00ed, dr\u017eavou, kde si sami vl\u00e1dnout nesm\u00edme. Nen\u00ed n\u00e1m to zkr\u00e1tka dovoleno, dokud se zase n\u011bco ve sv\u011bt\u011b nezm\u011bn\u00ed, co by n\u00e1s z tohoto \u00fad\u011blu vyvedlo. Jsme u\u017e 32 let pora\u017eenou zem\u00ed, kter\u00e1 se stala ko\u0159ist\u00ed v\u00edt\u011bz\u016f a ti v\u00edt\u011bzov\u00e9 z n\u00e1s je\u0161t\u011b po\u0159\u00e1d je\u0161t\u011b tyj\u00ed. Jak dlouho je\u0161t\u011b?<\/p>\n<p>Volby na tom t\u00e9m\u011b\u0159 nemohou nic zm\u011bnit, proto\u017ee o tom, zda pat\u0159\u00edme mezi v\u00edt\u011bze \u010di pora\u017een\u00e9, se rozhoduje n\u011bkde jinde. Ne u voleb. A\u017e dosud ty analogie existuj\u00ed, proto\u017ee n\u00e1\u0161 tragick\u00fd \u00fad\u011bl se opakuje po stalet\u00ed.<\/p>\n<p>Co je ov\u0161em nov\u00e9, je pr\u00e1v\u011b ten covidov\u00fd teror. Ten je celosv\u011btov\u00fd a dost\u00e1v\u00e1me ho jaksi n\u00e1davkem. Nav\u00edc k tomu v\u0161emu. Jako by nesta\u010dilo, \u017ee jsme levnou montovnou, kde mak\u00e1me za n\u00edzk\u00e9 mzdy a na\u0161e pr\u00e1va jsou omezena tak, abychom si nevyskakovali a nemohli si nikdy zvolit lep\u0161\u00ed budoucnost. Te\u010f je\u0161t\u011b nav\u00edc \u010del\u00edme pokusu o zaveden\u00ed tot\u00e1ln\u00ed kontroly nad na\u0161imi \u017eivoty, i ty mal\u00e9 zbytky svobod, na kter\u00e9 jsme byli zvykl\u00ed, jsou n\u00e1m odeb\u00edr\u00e1ny a do budoucna hroz\u00ed, \u017ee ti, kte\u0159\u00ed se nepodvol\u00ed (nenechaj\u00ed se o\u010dkovat), budou vyd\u00e1ni na pospas. Na dve\u0159e klepe ekonomick\u00e1 krize, \u010del\u00edme st\u00e1le se zvy\u0161uj\u00edc\u00ed inflaci, na\u0161e platy nerostou, ale v\u0161e okolo n\u00e1s zdra\u017euje. Je to d\u00edlem kv\u016fli tomu, \u017ee jsme onou koloni\u00ed (nap\u0159\u00edklad vyr\u00e1b\u00edme elekt\u0159inu pro na\u0161e z\u00e1padn\u00ed sousedy, zat\u00edmco n\u00e1m samotn\u00fdm u\u017e nezb\u00fdv\u00e1), d\u00edlem je to kv\u016fli t\u011bm, kte\u0159\u00ed si vymysleli nejen covid, ale i green deal, auta na baterky a dal\u0161\u00ed nesmysly (je to jedna a tat\u00e1\u017e parta, kter\u00e1 v tom jede a cel\u00e9 to re\u017e\u00edruje).<\/p>\n<p>N\u00e1\u0161 n\u00e1rod, kter\u00fd u\u017e beztak m\u011bl sv\u00fdch probl\u00e9m\u016f a\u017e nad hlavu, tak \u010del\u00ed masivn\u00edmu \u00fatoku na svoji dal\u0161\u00ed existenci, \u017ee je t\u011b\u017ek\u00e9 si p\u0159edstavit, jak by se z toho v\u0161eho m\u011bl dostat. Na jednu stranu se m\u016f\u017eeme sna\u017eit uchl\u00e1cholit t\u00edm, \u017ee podobn\u00e9 probl\u00e9my s covidov\u00fdm terorem za\u017e\u00edvaj\u00ed t\u00e9m\u011b\u0159 v\u0161echny zem\u011b, a to i ty, kter\u00e9 n\u00e1s ekonomicky vyko\u0159is\u0165uj\u00ed, ale to n\u00e1m nikterak nepom\u016f\u017ee. Jestli\u017ee se st\u011b\u017e\u00ed proti covidov\u00e9mu teroru postav\u00ed zem\u011b, kter\u00e9 jakous takous vlastn\u00ed nez\u00e1vislost je\u0161t\u011b maj\u00ed, jak m\u016f\u017eeme \u010dekat, \u017ee se vzep\u0159e zem\u011b, kter\u00e1 je 32 let u\u010dena tomu, aby dr\u017eela hubu a krok a kter\u00e1 ve sv\u00e9m \u010dele nikdy nem\u011bla st\u00e1tn\u00edky, ale jen posluhova\u010de, loutky a ma\u0148\u00e1sky a tedy ani nev\u00ed, jak by se za svoji budoucnost m\u011bla poprat?<\/p>\n<p>A v t\u00e9to v\u0161\u00ed beznad\u011bjn\u00e9 a bez\u00fat\u011b\u0161n\u00e9 situaci chceme my \u2013 alternativn\u00ed politici \u2013 po tzv. \u201evoli\u010d\u00edch\u201c, aby si toto v\u0161e uv\u011bdomili, vyvodili z toho n\u011bjak\u00e9 rozhodnut\u00ed, nejl\u00e9pe takov\u00e9, aby ve volb\u00e1ch volili n\u00e1s, alternativn\u00ed strany, a t\u00edm to vlastn\u011b v\u0161echno zm\u011bnili a zachr\u00e1nili? A\u017e nyn\u00ed jsem si uv\u011bdomil, jak je to bl\u00e1hov\u00e9 a jak naivn\u00ed jsem byl, kdy\u017e jsem si myslel, \u017ee lidi je mo\u017en\u00e9 probudit a \u017ee kdy\u017e t\u011bchto probuzen\u00fdch bude dostate\u010dn\u00e9 mno\u017estv\u00ed, \u017ee n\u011bco svedou. Nesvedou. Nesvedeme. Takto ne. Mus\u00edme na to j\u00edt jinak.<\/p>\n<p>A co tedy s t\u00edm? A pro\u010d p\u00ed\u0161i tyto \u0159\u00e1dky, ze kter\u00fdch nevysv\u00edt\u00e1 t\u00e9m\u011b\u0159 \u017e\u00e1dn\u00e1 nad\u011bje? Mo\u017en\u00e1 proto, \u017ee pr\u00e1v\u011b st\u0159etnut\u00ed se s tvrdou realitou, p\u0159izn\u00e1n\u00ed si pravdy, t\u0159eba\u017ee bol\u00ed, padnut\u00ed a\u017e na sam\u00e9 dno \u2013 to a nic jin\u00e9ho m\u016f\u017ee (ale tak\u00e9 nemus\u00ed) b\u00fdt prvn\u00edm p\u0159edpokladem k tomu, jak v\u011bci zm\u011bnit.<br \/>\nA je docela dob\u0159e mo\u017en\u00e9, \u017ee to nikdy nezm\u011bn\u00edme. Mo\u017en\u00e1 si s n\u00e1mi mocnosti budou st\u00e1le a d\u00e1l vyt\u00edrat a my se nedo\u017eijeme toho, \u017ee by to n\u011bkdy bylo jinak. Mo\u017en\u00e1, kdybychom m\u011bli jadern\u00e9 zbran\u011b, musely by n\u00e1s ostatn\u00ed zem\u011b respektovat. My je ale nem\u00e1me, a tak nem\u00e1me nic, co by dr\u017eelo na\u0161e \u201espojence\u201c na uzd\u011b. Mohou si s n\u00e1mi d\u011blat t\u00e9m\u011b\u0159 v\u0161e, co se jim zl\u00edb\u00ed.<\/p>\n<p>Mo\u017en\u00e1 jde v \u017eivot\u011b jen o to, um\u011bt se s t\u00edm nau\u010dit \u017e\u00edt. Ochr\u00e1nit svoji rodinu, p\u0159e\u017e\u00edt. Nebo naopak polo\u017eit \u017eivot, kdy\u017e to bude zapot\u0159eb\u00ed. V\u011bd\u011bt ve spr\u00e1vn\u00fd okam\u017eik, co ud\u011blat, \u010demu d\u00e1t p\u0159ednost, jak se spr\u00e1vn\u011b rozhodnout.<\/p>\n<p>Ne\u0159\u00edk\u00e1m \u2013 sm\u00ed\u0159it se s t\u00edm. Ne\u0159\u00edk\u00e1m \u2013 rezignovat na to. Ne\u0159\u00edk\u00e1m \u2013 vzd\u00e1t to. Mysl\u00edm t\u00edm naj\u00edt spr\u00e1vn\u011b vyv\u00e1\u017een\u00fd pom\u011br mezi pragmatismem a idealismem. Nej\u00edt zbyte\u010dn\u011b hlavou proti zdi, ale kdy\u017e je nap\u0159\u00edklad protivn\u00edk oslaben\u00fd, pak pr\u00e1v\u011b v tento okam\u017eik na n\u011bj bez zav\u00e1h\u00e1n\u00ed za\u00fato\u010dit.<br \/>\nA to je um\u011bn\u00ed. Um\u011bn\u00ed, kter\u00e9mu se mus\u00edme v\u0161ichni spole\u010dn\u011b u\u010dit. Z\u00e1rove\u0148 ale plat\u00ed, \u017ee nem\u00e1me nekone\u010dn\u011b mnoho \u017eivot\u016f a \u017ee se nenach\u00e1z\u00edme v po\u010d\u00edta\u010dov\u00e9 h\u0159e, kde by stisknut\u00edm kl\u00e1vesnice pot\u00e9, co o v\u0161echny \u017eivoty p\u0159ijdeme, za\u010dala hra nanovo. Ka\u017ed\u00fd z n\u00e1s m\u00e1 jen jeden \u017eivot. I tento n\u00e1rod m\u00e1 jen jeden \u017eivot. Kdy\u017e to pokaz\u00edme, kon\u010d\u00edme. Hrajeme o v\u0161echno. Bu\u010f usp\u011bjeme, nebo prohrajeme. Bu\u010f budeme \u017e\u00edt, nebo zem\u0159eme. Bu\u010f budeme svobodn\u00ed, nebo poroben\u00ed.<\/p>\n<p>A za\u010d\u00edt mus\u00edme ka\u017ed\u00fd u sebe. O\u010dkov\u00e1n\u00ed je test, co v\u0161e si nech\u00e1me l\u00edbit. A d\u00edky tomu, \u017ee neust\u00e1le navy\u0161uj\u00ed po\u010dty d\u00e1vek, maj\u00ed \u0161anci na \u201crepar\u00e1t\u201d i ti, kte\u0159\u00ed u\u017e jednou propagand\u011b podlehli. P\u0159\u00ed\u0161t\u011b se u\u017e nemusej\u00ed d\u00e1t tak lacino.<\/p>\n<p>Mo\u017en\u00e1 tak snadno a tak rychle nezm\u011bn\u00edme to, \u017ee je na\u0161e zem\u011b vyd\u00e1na v\u0161anc ciz\u00e1k\u016fm a drancov\u00e1na. O \u010dem ale rozhodnout m\u016f\u017eete, je to, zda zaprod\u00e1te svoji du\u0161i farmakorporac\u00edm, \u010di nikoli. To hlavn\u00ed, o co se hraje, je toti\u017e pr\u00e1v\u011b na\u0161e du\u0161e. Jen kdy\u017e si na\u0161i du\u0161i uchov\u00e1me, bude m\u00edt n\u00e1\u0161 n\u00e1rod \u0161anci. Pokud v\u0161ak svoji du\u0161i prod\u00e1me, nebude u\u017e co zachra\u0148ovat.<\/p>\n<p>\u0158eknu to je\u0161t\u011b jinak \u2013 materi\u00e1ln\u00ed statky t\u00e9to zem\u011b jsou u\u017e d\u00e1vno prod\u00e1ny a rozkradeny. Te\u010f jde o na\u0161i du\u0161i.<\/p>\n<p>Kdy\u017e z\u016fstane du\u0161e n\u00e1roda, m\u016f\u017ee se \u010dasem zada\u0159it a i ty statky si vezmeme zp\u011bt. Ale nebude-li m\u00edt n\u00e1rod du\u0161i, ztratil v\u0161e a vlastn\u011b \u2013 p\u0159estal existovat.<\/p>\n<p>Proto jsem p\u0159ed \u010dasem napsal: volby jsou za n\u00e1mi, ale ten nejv\u011bt\u0161\u00ed z\u00e1pas je teprve p\u0159ed n\u00e1mi.<\/p>\n<p>Hodn\u011b odvahy do dal\u0161\u00edch dn\u00ed p\u0159eje<\/p>\n<p><em>Adam B. Barto\u0161, p\u0159edseda N\u00e1rodn\u00ed demokracie<\/em><\/p>\n<p><img decoding=\"async\" loading=\"lazy\" class=\"alignnone size-full wp-image-678\" src=\"http:\/\/www.infokuryr.cz\/n\/wp-content\/uploads\/2021\/04\/narodni_demokracie_logo.jpg\" alt=\"\" width=\"300\" height=\"85\" \/><\/p>\n<p>&nbsp;<\/p>\n","protected":false},"excerpt":{"rendered":"<p>Je za n\u00e1mi zase dal\u0161\u00ed t\u00fdden a spolu s n\u00edm dal\u0161\u00ed porce covidov\u00e9ho \u0161\u00edlenstv\u00ed. U\u017e&#8230;<\/p>\n","protected":false},"author":2,"featured_media":679,"comment_status":"closed","ping_status":"closed","sticky":false,"template":"","format":"standard","meta":[],"categories":[6],"tags":[367,29,85],"_links":{"self":[{"href":"https:\/\/www.infokuryr.cz\/n\/wp-json\/wp\/v2\/posts\/6000"}],"collection":[{"href":"https:\/\/www.infokuryr.cz\/n\/wp-json\/wp\/v2\/posts"}],"about":[{"href":"https:\/\/www.infokuryr.cz\/n\/wp-json\/wp\/v2\/types\/post"}],"author":[{"embeddable":true,"href":"https:\/\/www.infokuryr.cz\/n\/wp-json\/wp\/v2\/users\/2"}],"replies":[{"embeddable":true,"href":"https:\/\/www.infokuryr.cz\/n\/wp-json\/wp\/v2\/comments?post=6000"}],"version-history":[{"count":0,"href":"https:\/\/www.infokuryr.cz\/n\/wp-json\/wp\/v2\/posts\/6000\/revisions"}],"wp:featuredmedia":[{"embeddable":true,"href":"https:\/\/www.infokuryr.cz\/n\/wp-json\/wp\/v2\/media\/679"}],"wp:attachment":[{"href":"https:\/\/www.infokuryr.cz\/n\/wp-json\/wp\/v2\/media?parent=6000"}],"wp:term":[{"taxonomy":"category","embeddable":true,"href":"https:\/\/www.infokuryr.cz\/n\/wp-json\/wp\/v2\/categories?post=6000"},{"taxonomy":"post_tag","embeddable":true,"href":"https:\/\/www.infokuryr.cz\/n\/wp-json\/wp\/v2\/tags?post=6000"}],"curies":[{"name":"wp","href":"https:\/\/api.w.org\/{rel}","templated":true}]}}