{"id":59897,"date":"2024-08-14T04:19:12","date_gmt":"2024-08-14T02:19:12","guid":{"rendered":"https:\/\/www.infokuryr.cz\/n\/?p=59897"},"modified":"2024-08-14T04:19:12","modified_gmt":"2024-08-14T02:19:12","slug":"biden-pripousti-primy-kontakt-s-ukrajinou-kvuli-invazi-do-ruska","status":"publish","type":"post","link":"https:\/\/www.infokuryr.cz\/n\/2024\/08\/14\/biden-pripousti-primy-kontakt-s-ukrajinou-kvuli-invazi-do-ruska\/","title":{"rendered":"Biden p\u0159ipou\u0161t\u00ed \u201ep\u0159\u00edm\u00fd kontakt\u201c s Ukrajinou kv\u016fli invazi do Ruska"},"content":{"rendered":"<div id=\"fb-root\"><\/div>\n<p><span style=\"font-size: 18pt;\"><strong>Americk\u00fd v\u016fdce u\u010dinil sv\u00e9 prvn\u00ed pozn\u00e1mky o invazi kyjevsk\u00fdch sil do Kursk\u00e9 oblasti<\/strong><\/span><\/p>\n<p><span>Washington je v kontaktu s Kyjevem ohledn\u011b pokra\u010duj\u00edc\u00ed ukrajinsk\u00e9 invaze do rusk\u00e9 Kursk\u00e9 oblasti, kter\u00e1 vytv\u00e1\u0159\u00ed probl\u00e9m pro Moskvu, \u0159ekl americk\u00fd prezident Joe Biden.<\/span><\/p>\n<p><span>Minul\u00fd t\u00fdden Ukrajina podle Moskvy vyslala n\u011bkolik tis\u00edc voj\u00e1k\u016f p\u0159es rusk\u00e9 hranice, aby obsadili tucet vesnic a bez rozd\u00edlu za\u00fato\u010dili na civilisty.<\/span><\/p>\n<p><em><span>&#8222;Hovo\u0159il jsem se sv\u00fdmi zam\u011bstnanci pravideln\u011b, pravd\u011bpodobn\u011b ka\u017ed\u00fdch \u010dty\u0159i nebo p\u011bt hodin za posledn\u00edch \u0161est nebo osm dn\u00ed, a pro [rusk\u00e9ho prezidenta Vladimira] Putina to vytv\u00e1\u0159\u00ed skute\u010dn\u00e9 dilema,&#8220;<\/span><\/em><span>\u00a0\u0159ekl Biden v \u00fater\u00fd novin\u00e1\u0159\u016fm ve sv\u00fdch prvn\u00edch pozn\u00e1mk\u00e1ch. o ofenz\u00edv\u011b v Kursku.<\/span><\/p>\n<p><em><span>\u201eA byli jsme v p\u0159\u00edm\u00e9m kontaktu s Ukrajinci. To je v\u0161e, co k tomu \u0159eknu, dokud je aktivn\u00ed,\u201c<\/span><\/em><span>\u00a0dodal.<\/span><\/p>\n<div class=\"rtcode\">\n<div class=\"twitter-tweet twitter-tweet-rendered\"><iframe id=\"twitter-widget-0\" class=\"\" title=\"P\u0159\u00edsp\u011bvek X\" src=\"https:\/\/platform.twitter.com\/embed\/Tweet.html?creatorScreenName=RT_com&amp;dnt=false&amp;embedId=twitter-widget-0&amp;features=eyJ0ZndfdGltZWxpbmVfbGlzdCI6eyJidWNrZXQiOltdLCJ2ZXJzaW9uIjpudWxsfSwidGZ3X2ZvbGxvd2VyX2NvdW50X3N1bnNldCI6eyJidWNrZXQiOnRydWUsInZlcnNpb24iOm51bGx9LCJ0ZndfdHdlZXRfZWRpdF9iYWNrZW5kIjp7ImJ1Y2tldCI6Im9uIiwidmVyc2lvbiI6bnVsbH0sInRmd19yZWZzcmNfc2Vzc2lvbiI6eyJidWNrZXQiOiJvbiIsInZlcnNpb24iOm51bGx9LCJ0ZndfZm9zbnJfc29mdF9pbnRlcnZlbnRpb25zX2VuYWJsZWQiOnsiYnVja2V0Ijoib24iLCJ2ZXJzaW9uIjpudWxsfSwidGZ3X21peGVkX21lZGlhXzE1ODk3Ijp7ImJ1Y2tldCI6InRyZWF0bWVudCIsInZlcnNpb24iOm51bGx9LCJ0ZndfZXhwZXJpbWVudHNfY29va2llX2V4cGlyYXRpb24iOnsiYnVja2V0IjoxMjA5NjAwLCJ2ZXJzaW9uIjpudWxsfSwidGZ3X3Nob3dfYmlyZHdhdGNoX3Bpdm90c19lbmFibGVkIjp7ImJ1Y2tldCI6Im9uIiwidmVyc2lvbiI6bnVsbH0sInRmd19kdXBsaWNhdGVfc2NyaWJlc190b19zZXR0aW5ncyI6eyJidWNrZXQiOiJvbiIsInZlcnNpb24iOm51bGx9LCJ0ZndfdXNlX3Byb2ZpbGVfaW1hZ2Vfc2hhcGVfZW5hYmxlZCI6eyJidWNrZXQiOiJvbiIsInZlcnNpb24iOm51bGx9LCJ0ZndfdmlkZW9faGxzX2R5bmFtaWNfbWFuaWZlc3RzXzE1MDgyIjp7ImJ1Y2tldCI6InRydWVfYml0cmF0ZSIsInZlcnNpb24iOm51bGx9LCJ0ZndfbGVnYWN5X3RpbWVsaW5lX3N1bnNldCI6eyJidWNrZXQiOnRydWUsInZlcnNpb24iOm51bGx9LCJ0ZndfdHdlZXRfZWRpdF9mcm9udGVuZCI6eyJidWNrZXQiOiJvbiIsInZlcnNpb24iOm51bGx9fQ%3D%3D&amp;frame=false&amp;hideCard=false&amp;hideThread=false&amp;id=1823453411196457454&amp;lang=en&amp;maxWidth=560px&amp;origin=https%3A%2F%2Fswentr.site%2Fnews%2F602586-biden-ukraine-direct-contact-kursk%2F&amp;sessionId=11fdc6aa626ce61d681a6590708392f24745ef64&amp;siteScreenName=RT_com&amp;theme=light&amp;widgetsVersion=2615f7e52b7e0%3A1702314776716&amp;width=550px\" frameborder=\"0\" scrolling=\"no\" allowfullscreen=\"allowfullscreen\" data-tweet-id=\"1823453411196457454\" data-mce-fragment=\"1\"><\/iframe><\/div>\n<\/div>\n<p><span>Americk\u00fd v\u016fdce promluvil t\u011bsn\u011b p\u0159ed Air Force One, kdy\u017e dorazil do New Orleans. Komisa\u0159 pro zahrani\u010dn\u00ed politiku EU Josep Borrell d\u0159\u00edve b\u011bhem dne \u0159ekl, \u017ee Kyjev m\u00e1\u00a0<\/span><em><span>\u201eplnou podporu\u201c<\/span><\/em><span>\u00a0bloku\u00a0pro ofenz\u00edvu v Kursku.<\/span><\/p>\n<p><span>Washington a Brusel ji\u017e d\u0159\u00edve reagovaly na tiskov\u00e9 dotazy ohledn\u011b ud\u00e1lost\u00ed v Kursku citacemi obecn\u00fdch informac\u00ed o podpo\u0159e Ukrajin\u011b a nem\u011bnn\u00e9 politice.\u00a0<\/span><\/p>\n<p><em><span>\u201eJsme v kontaktu s na\u0161imi ukrajinsk\u00fdmi prot\u011bj\u0161ky a pracujeme na tom, abychom l\u00e9pe porozum\u011bli tomu, co d\u011blaj\u00ed, jak\u00e9 jsou jejich c\u00edle, jak\u00e1 je jejich strategie, a nech\u00e1m trochu prostoru pro abychom m\u011bli tyto rozhovory, ne\u017e se pokus\u00edm charakterizovat, co se d\u011bje,\u201c<\/span><\/em><span>\u00a0\u0159ekl v p\u00e1tek mluv\u010d\u00ed N\u00e1rodn\u00ed bezpe\u010dnostn\u00ed rady John Kirby. Pozd\u011bji t\u00e9ho\u017e dne USA ozn\u00e1mily dal\u0161\u00ed vojenskou pomoc Ukrajin\u011b ve v\u00fd\u0161i 125 milion\u016f dolar\u016f.\u00a0<\/span><\/p>\n<p><span>V pond\u011bl\u00ed se v\u0161ak sen\u00e1tor Lindsey Graham \u2013 republik\u00e1n z Ji\u017en\u00ed Karol\u00edny \u2013 vydal do Kyjeva a chv\u00e1lil vp\u00e1d do Kurska jako\u00a0<\/span><em><span>\u201eodv\u00e1\u017en\u00fd\u201c<\/span><\/em><span>\u00a0a\u00a0<\/span><em><span>\u201ekr\u00e1sn\u00fd\u201c.\u00a0<\/span><\/em><a href=\"https:\/\/swentr.site\/news\/602516-ukraine-f16-pilots-lindsey-graham\/\" target=\"_blank\" rel=\"noopener noreferrer\"><span>Vyzval<\/span><\/a><span>\u00a0tak\u00e9\u00a0vyslou\u017eil\u00e9 z\u00e1padn\u00ed piloty, aby se p\u0159ihl\u00e1sili k ukrajinsk\u00e9mu letectvu a l\u00e9tali na st\u00edha\u010dk\u00e1ch F-16 dodan\u00fdch NATO proti Rusku.<\/span><\/p>\n<p><span>Nejm\u00e9n\u011b 12 rusk\u00fdch civilist\u016f bylo zabito a dal\u0161\u00edch 121 zran\u011bno ukrajinsk\u00fdmi \u00fato\u010dn\u00edky, uvedl v pond\u011bl\u00ed \u00fa\u0159aduj\u00edc\u00ed oblastn\u00ed guvern\u00e9r Alexej Smirnov.\u00a0<\/span><\/p>\n<p><span>Ukrajin\u0161t\u00ed voj\u00e1ci, kte\u0159\u00ed hovo\u0159ili pro z\u00e1padn\u00ed m\u00e9dia,\u00a0<\/span><a href=\"https:\/\/swentr.site\/russia\/602507-ukraine-kursk-invasion-losses\/\" target=\"_blank\" rel=\"noopener noreferrer\"><span>p\u0159iznali,<\/span><\/a><span>\u00a0\u017ee p\u0159i invazi utrp\u011bli zna\u010dn\u00e9 ztr\u00e1ty. \u0158ekli tak\u00e9, \u017ee jejich c\u00edlem bylo dob\u00fdt n\u011bkter\u00e1 \u00fazem\u00ed, kter\u00e1 by mohla b\u00fdt vym\u011bn\u011bna v p\u0159\u00edpadn\u00fdch m\u00edrov\u00fdch rozhovorech s Moskvou, a tak\u00e9 zm\u00edrnit tlak na front\u011b Donbasu.<\/span><\/p>\n<p><span>V pond\u011bl\u00ed\u00a0<\/span><a href=\"https:\/\/swentr.site\/russia\/602493-no-talks-kiev-putin\/\" target=\"_blank\" rel=\"noopener noreferrer\"><span>Putin \u0159ekl<\/span><\/a><span>\u00a0, \u017ee rusk\u00e9 s\u00edly ve skute\u010dnosti postupuj\u00ed rychlej\u0161\u00edm tempem, zat\u00edmco vojensk\u00e1 slu\u017eba stoup\u00e1 kv\u016fli boj\u016fm v Kursku.<\/span><\/p>\n<p><img decoding=\"async\" loading=\"lazy\" class=\"alignnone size-full wp-image-1185\" src=\"http:\/\/www.infokuryr.cz\/n\/wp-content\/uploads\/2021\/04\/kuryr-podpis.png\" alt=\"\" width=\"84\" height=\"24\" \/><\/p>\n<p>&nbsp;<\/p>\n","protected":false},"excerpt":{"rendered":"<p>Americk\u00fd v\u016fdce u\u010dinil sv\u00e9 prvn\u00ed pozn\u00e1mky o invazi kyjevsk\u00fdch sil do Kursk\u00e9 oblasti Washington je&#8230;<\/p>\n","protected":false},"author":2,"featured_media":59898,"comment_status":"closed","ping_status":"closed","sticky":false,"template":"","format":"standard","meta":[],"categories":[7],"tags":[72,3133,22,26],"_links":{"self":[{"href":"https:\/\/www.infokuryr.cz\/n\/wp-json\/wp\/v2\/posts\/59897"}],"collection":[{"href":"https:\/\/www.infokuryr.cz\/n\/wp-json\/wp\/v2\/posts"}],"about":[{"href":"https:\/\/www.infokuryr.cz\/n\/wp-json\/wp\/v2\/types\/post"}],"author":[{"embeddable":true,"href":"https:\/\/www.infokuryr.cz\/n\/wp-json\/wp\/v2\/users\/2"}],"replies":[{"embeddable":true,"href":"https:\/\/www.infokuryr.cz\/n\/wp-json\/wp\/v2\/comments?post=59897"}],"version-history":[{"count":0,"href":"https:\/\/www.infokuryr.cz\/n\/wp-json\/wp\/v2\/posts\/59897\/revisions"}],"wp:featuredmedia":[{"embeddable":true,"href":"https:\/\/www.infokuryr.cz\/n\/wp-json\/wp\/v2\/media\/59898"}],"wp:attachment":[{"href":"https:\/\/www.infokuryr.cz\/n\/wp-json\/wp\/v2\/media?parent=59897"}],"wp:term":[{"taxonomy":"category","embeddable":true,"href":"https:\/\/www.infokuryr.cz\/n\/wp-json\/wp\/v2\/categories?post=59897"},{"taxonomy":"post_tag","embeddable":true,"href":"https:\/\/www.infokuryr.cz\/n\/wp-json\/wp\/v2\/tags?post=59897"}],"curies":[{"name":"wp","href":"https:\/\/api.w.org\/{rel}","templated":true}]}}