{"id":5984,"date":"2021-11-07T05:11:56","date_gmt":"2021-11-07T04:11:56","guid":{"rendered":"http:\/\/www.infokuryr.cz\/n\/?p=5984"},"modified":"2021-11-07T05:11:56","modified_gmt":"2021-11-07T04:11:56","slug":"priste-pujdeme-sami-rakusan-odmitl-predvolebni-koalici-s-piraty-v-budoucnu","status":"publish","type":"post","link":"https:\/\/www.infokuryr.cz\/n\/2021\/11\/07\/priste-pujdeme-sami-rakusan-odmitl-predvolebni-koalici-s-piraty-v-budoucnu\/","title":{"rendered":"\u201eP\u0159\u00ed\u0161t\u011b p\u016fjdeme sami.\u201d Raku\u0161an odm\u00edtl p\u0159edvolebn\u00ed koalici s Pir\u00e1ty v budoucnu"},"content":{"rendered":"<div id=\"fb-root\"><\/div>\n<p><strong>P\u0159edseda hnut\u00ed STAN V\u00edt Raku\u0161an ve sv\u00e9m rozhovoru pro \u010desk\u00e1 m\u00e9dia dal jasn\u011b najevo, \u017ee by spolu s Pir\u00e1ty do p\u0159\u00ed\u0161t\u00edch voleb j\u00edt necht\u011bl. Odm\u00edtl v\u0161ak p\u0159edpoklady, \u017ee mezi Starosty a Pir\u00e1ty to v\u0159e. Podle slov Raku\u0161ana se ob\u011b strany mus\u00ed v sou\u010dasn\u00e9 dob\u011b soust\u0159edit na sestaven\u00ed nov\u00e9 koali\u010dn\u00ed vl\u00e1dy.<\/strong><\/p>\n<p>Na za\u010d\u00e1tku tohoto t\u00fddne\u00a0byly zve\u0159ejn\u011bny\u00a0z\u00e1v\u011bry intern\u00ed anal\u00fdzy, kterou nechala vypracovat Pir\u00e1tsk\u00e1 strana. Z dan\u00e9ho \u0161et\u0159en\u00ed vypl\u00fdvalo, \u017ee ze strany \u0159ady z\u00e1stupc\u016f hnut\u00ed STAN \u00fadajn\u011b m\u011blo doj\u00edt k poru\u0161en\u00ed koali\u010dn\u00ed dohody p\u0159ed volbami, co\u017e do zna\u010dn\u00e9 m\u00edry mohlo p\u0159isp\u011bt k tomu, \u017ee Pir\u00e1ti z\u00edskali pouze \u010dty\u0159i m\u00edsta ve Sn\u011bmovn\u011b, zat\u00edmco Starostov\u00e9 jich maj\u00ed 33. Proti t\u011bmto obvin\u011bn\u00edm se n\u00e1sledn\u011b ohradila \u0159ada \u010dlen\u016f hnut\u00ed STAN, a to v\u010detn\u011b samotn\u00e9ho p\u0159edsedy Starost\u016f a nez\u00e1visl\u00fdch V\u00edta Raku\u0161ana, kter\u00fd se v\u016f\u010di v\u00fdsledk\u016fm pir\u00e1tsk\u00e9 anal\u00fdzy d\u016frazn\u011b ohradil.<\/p>\n<p>Vypad\u00e1 to, \u017ee nejednozna\u010dn\u00e9 stanovisko v\u016f\u010di p\u0159edvolebn\u00ed spolupr\u00e1ci v r\u00e1mci koalice PirSTAN maj\u00ed nejen Pir\u00e1ti, ale i samotn\u00ed Starostov\u00e9. \u0160\u00e9f hnut\u00ed STAN V\u00edt Raku\u0161an b\u011bhem\u00a0sv\u00e9ho rozhovoru\u00a0pro den\u00edk Pr\u00e1vo toti\u017e prohl\u00e1sil, \u017ee do p\u0159\u00ed\u0161t\u00edch voleb s Pir\u00e1ty jeho strana u\u017e nep\u016fjde.<\/p>\n<p>\u201ePokud se m\u011b pt\u00e1te na sou\u010dasnou atmosf\u00e9ru ve STAN, tak je odpov\u011b\u010f jasn\u00e1: P\u0159\u00ed\u0161t\u011b p\u016fjdeme sami,\u201d odpov\u011bd\u011bl Raku\u0161an na ot\u00e1zku novin\u00e1\u0159e, zda p\u0159ipou\u0161t\u00ed mo\u017enost dal\u0161\u00ed p\u0159edvolebn\u00ed koalice s Pir\u00e1ty.<\/p>\n<p>Raku\u0161an tak\u00e9 zd\u016fraznil, \u017ee kontroverze kolem pir\u00e1tsk\u00e9 anal\u00fdzy nem\u011bly podstatn\u00fd vliv na povolebn\u00ed vyjedn\u00e1v\u00e1n\u00ed. Ji\u017e toto \u00fater\u00fd se z\u00e1stupci obou stran dohodli, \u017ee intern\u00ed rozpory nesm\u00ed pokazit proces\u00a0sestaven\u00ed vl\u00e1dn\u00ed koalice. Tvrzen\u00ed, \u017ee by jedna strana touto spoluprac\u00ed jednozna\u010dn\u011b z\u00edskala a druh\u00e1 ztratila, Raku\u0161an d\u016frazn\u011b odm\u00edt\u00e1. Jako p\u0159\u00edklad uvedl to, \u017ee Pir\u00e1ti dostanou ministerstvo pro m\u00edstn\u00ed rozvoj, o kter\u00e9 m\u011blo velk\u00fd z\u00e1jem i jeho hnut\u00ed.<\/p>\n<p>\u201eOni v pond\u011bl\u00ed zve\u0159ejnili anal\u00fdzu, ale v \u00fater\u00fd jsme se v osm r\u00e1no se\u0161li p\u0159ed jedn\u00e1n\u00edm se Spolu a tam jsme si \u0159ekli: te\u010f nebudeme \u0159e\u0161it \u017e\u00e1dn\u00e9 intern\u00ed probl\u00e9my, to si u\u017eijme n\u011bkdy jindy, te\u010f se poj\u010fme p\u0159ipravit jako koalice,\u201d sd\u011blil Raku\u0161an.<\/p>\n<p><strong>Rozpory p\u0159ed sestaven\u00edm vl\u00e1dy<\/strong><\/p>\n<p>Vnit\u0159n\u00ed rozpory v PirSTANu v p\u0159edve\u010der sestaven\u00ed vl\u00e1dn\u00ed koalice jsou trnem v oku nejen samotn\u00fdm Pir\u00e1t\u016fm a Starost\u016fm, ale i n\u011bkter\u00fdm z\u00e1stupc\u016fm\u00a0koalice Spolu. Jedn\u00edm z nich je m\u00edstop\u0159edseda KDU-\u010cSL Tom\u00e1\u0161 Zdechovsk\u00fd, kter\u00fd otev\u0159en\u011b vyslovil svou nespokojenost s atmosf\u00e9rou, kter\u00e1 panuje v koalici Pir\u00e1t\u016f a STAN.<\/p>\n<p>\u201eOpravdu je zapot\u0159eb\u00ed, abyste si, Pir\u00e1ti a STAN, prali ve\u0159ejn\u011b va\u0161e \u0161pinav\u00e9 pr\u00e1dlo? Podle m\u011b je pot\u0159eba s\u00edly sp\u00ed\u0161e napnout jin\u00fdm sm\u011brem. Pokud si chcete d\u00e1t do huby, tak to ud\u011blejte n\u011bkde mimo m\u00e9dia. Osobn\u011b \u0159\u00edk\u00e1m, \u017ee my za koalici Spolu u\u017e chceme za\u010d\u00edt pracovat na zm\u011bn\u011b,\u201d ne\u0161et\u0159il kritikou v\u016f\u010di sv\u00fdm budouc\u00edm partner\u016fm ve vl\u00e1d\u011b p\u0159edn\u00ed p\u0159edstavitel k\u0159es\u0165ansk\u00fdch demokrat\u016f.<\/p>\n<p><a href=\"https:\/\/cz.sputniknews.com\/20211106\/priste-pujdeme-sami-rakusan-odmitl-predvolebni-koalici-s-piraty-v-budoucnu-16420584.html\">ZDROJ<\/a><\/p>\n<p>&nbsp;<\/p>\n","protected":false},"excerpt":{"rendered":"<p>P\u0159edseda hnut\u00ed STAN V\u00edt Raku\u0161an ve sv\u00e9m rozhovoru pro \u010desk\u00e1 m\u00e9dia dal jasn\u011b najevo, \u017ee&#8230;<\/p>\n","protected":false},"author":2,"featured_media":5853,"comment_status":"closed","ping_status":"closed","sticky":false,"template":"","format":"standard","meta":[],"categories":[6],"tags":[137,1291,424],"_links":{"self":[{"href":"https:\/\/www.infokuryr.cz\/n\/wp-json\/wp\/v2\/posts\/5984"}],"collection":[{"href":"https:\/\/www.infokuryr.cz\/n\/wp-json\/wp\/v2\/posts"}],"about":[{"href":"https:\/\/www.infokuryr.cz\/n\/wp-json\/wp\/v2\/types\/post"}],"author":[{"embeddable":true,"href":"https:\/\/www.infokuryr.cz\/n\/wp-json\/wp\/v2\/users\/2"}],"replies":[{"embeddable":true,"href":"https:\/\/www.infokuryr.cz\/n\/wp-json\/wp\/v2\/comments?post=5984"}],"version-history":[{"count":0,"href":"https:\/\/www.infokuryr.cz\/n\/wp-json\/wp\/v2\/posts\/5984\/revisions"}],"wp:featuredmedia":[{"embeddable":true,"href":"https:\/\/www.infokuryr.cz\/n\/wp-json\/wp\/v2\/media\/5853"}],"wp:attachment":[{"href":"https:\/\/www.infokuryr.cz\/n\/wp-json\/wp\/v2\/media?parent=5984"}],"wp:term":[{"taxonomy":"category","embeddable":true,"href":"https:\/\/www.infokuryr.cz\/n\/wp-json\/wp\/v2\/categories?post=5984"},{"taxonomy":"post_tag","embeddable":true,"href":"https:\/\/www.infokuryr.cz\/n\/wp-json\/wp\/v2\/tags?post=5984"}],"curies":[{"name":"wp","href":"https:\/\/api.w.org\/{rel}","templated":true}]}}