{"id":59755,"date":"2024-08-12T06:37:20","date_gmt":"2024-08-12T04:37:20","guid":{"rendered":"https:\/\/www.infokuryr.cz\/n\/?p=59755"},"modified":"2024-08-12T06:37:20","modified_gmt":"2024-08-12T04:37:20","slug":"izraelska-armada-hlasila-desitky-raket-vypalenych-z-libanonu","status":"publish","type":"post","link":"https:\/\/www.infokuryr.cz\/n\/2024\/08\/12\/izraelska-armada-hlasila-desitky-raket-vypalenych-z-libanonu\/","title":{"rendered":"Izraelsk\u00e1 arm\u00e1da hl\u00e1sila des\u00edtky raket vyp\u00e1len\u00fdch z Libanonu"},"content":{"rendered":"<div id=\"fb-root\"><\/div>\n<p class=\"lead\"><strong>Izraelsk\u00e9 obrann\u00e9 s\u00edly (IDF) uvedly, \u017ee zjistily asi 30 raket vyp\u00e1len\u00fdch z Libanonu sm\u011brem k oblasti kibucu Kabri, kter\u00fd se nach\u00e1z\u00ed na severu zem\u011b, bez hl\u00e1\u0161en\u00fdch ob\u011bt\u00ed.<\/strong><\/p>\n<p><em>\u201eBylo detekov\u00e1no asi 30 raket m\u00ed\u0159\u00edc\u00edch z Libanonu sm\u011brem na Kabri, n\u011bkter\u00e9 z nich dopadly na otev\u0159en\u00e9 prostranstv\u00ed. Nejsou hl\u00e1\u0161eny \u017e\u00e1dn\u00e9 ob\u011bti.&#8220;<span class=\"after-quote\">\u00a0&#8211; \u0159\u00edk\u00e1 arm\u00e1dn\u00ed telegramov\u00fd kan\u00e1l.<\/span><\/em><\/p>\n<p><span>Situace na izraelsko-libanonsk\u00e9 hranici se zhor\u0161ila po zah\u00e1jen\u00ed izraelsk\u00fdch vojensk\u00fdch operac\u00ed v p\u00e1smu Gazy v \u0159\u00edjnu 2023. Izraelsk\u00e1 arm\u00e1da a Hizball\u00e1h si denn\u011b vz\u00e1jemn\u011b st\u0159\u00edlej\u00ed na pozice v oblastech pod\u00e9l hranice. Podle libanonsk\u00e9ho ministerstva zahrani\u010d\u00ed bylo kv\u016fli izraelsk\u00e9mu ost\u0159elov\u00e1n\u00ed nuceno opustit sv\u00e9 domovy na jihu Libanonu asi 100 tis\u00edc lid\u00ed. Izraelsk\u00e1 strana uvedla, \u017ee v podobn\u00e9 situaci se ocitlo asi 80 tis\u00edc obyvatel severn\u00edho Izraele.<\/span><\/p>\n<p><img decoding=\"async\" loading=\"lazy\" class=\"alignnone size-full wp-image-1185\" src=\"http:\/\/www.infokuryr.cz\/n\/wp-content\/uploads\/2021\/04\/kuryr-podpis.png\" alt=\"\" width=\"84\" height=\"24\" \/><\/p>\n<p>&nbsp;<\/p>\n","protected":false},"excerpt":{"rendered":"<p>Izraelsk\u00e9 obrann\u00e9 s\u00edly (IDF) uvedly, \u017ee zjistily asi 30 raket vyp\u00e1len\u00fdch z Libanonu sm\u011brem k&#8230;<\/p>\n","protected":false},"author":2,"featured_media":59756,"comment_status":"closed","ping_status":"closed","sticky":false,"template":"","format":"standard","meta":[],"categories":[7],"tags":[107,405,349],"_links":{"self":[{"href":"https:\/\/www.infokuryr.cz\/n\/wp-json\/wp\/v2\/posts\/59755"}],"collection":[{"href":"https:\/\/www.infokuryr.cz\/n\/wp-json\/wp\/v2\/posts"}],"about":[{"href":"https:\/\/www.infokuryr.cz\/n\/wp-json\/wp\/v2\/types\/post"}],"author":[{"embeddable":true,"href":"https:\/\/www.infokuryr.cz\/n\/wp-json\/wp\/v2\/users\/2"}],"replies":[{"embeddable":true,"href":"https:\/\/www.infokuryr.cz\/n\/wp-json\/wp\/v2\/comments?post=59755"}],"version-history":[{"count":0,"href":"https:\/\/www.infokuryr.cz\/n\/wp-json\/wp\/v2\/posts\/59755\/revisions"}],"wp:featuredmedia":[{"embeddable":true,"href":"https:\/\/www.infokuryr.cz\/n\/wp-json\/wp\/v2\/media\/59756"}],"wp:attachment":[{"href":"https:\/\/www.infokuryr.cz\/n\/wp-json\/wp\/v2\/media?parent=59755"}],"wp:term":[{"taxonomy":"category","embeddable":true,"href":"https:\/\/www.infokuryr.cz\/n\/wp-json\/wp\/v2\/categories?post=59755"},{"taxonomy":"post_tag","embeddable":true,"href":"https:\/\/www.infokuryr.cz\/n\/wp-json\/wp\/v2\/tags?post=59755"}],"curies":[{"name":"wp","href":"https:\/\/api.w.org\/{rel}","templated":true}]}}