{"id":59746,"date":"2024-08-12T05:54:59","date_gmt":"2024-08-12T03:54:59","guid":{"rendered":"https:\/\/www.infokuryr.cz\/n\/?p=59746"},"modified":"2024-08-12T05:54:59","modified_gmt":"2024-08-12T03:54:59","slug":"v-peru-byl-zadrzen-ukrajinec-podezrely-z-vrazdy-rusky","status":"publish","type":"post","link":"https:\/\/www.infokuryr.cz\/n\/2024\/08\/12\/v-peru-byl-zadrzen-ukrajinec-podezrely-z-vrazdy-rusky\/","title":{"rendered":"V Peru byl zadr\u017een Ukrajinec podez\u0159el\u00fd z vra\u017edy Rusky"},"content":{"rendered":"<div id=\"fb-root\"><\/div>\n<p class=\"lead\"><strong>Vy\u0161et\u0159ovac\u00ed soud m\u011bsta Yurimaguas v Peru bude jednat v p\u0159\u00edpadu vra\u017edy Rusky, kterou \u00fadajn\u011b sp\u00e1chal Ukrajinec, uv\u00e1d\u00ed tiskov\u00e1 slu\u017eba tamn\u00edho soudn\u00edho syst\u00e9mu na soci\u00e1ln\u00ed s\u00edti X (Twitter).<\/strong><\/p>\n<p><span>Soud bude rozhodovat o vy\u0161et\u0159ovac\u00ed vazb\u011b podez\u0159el\u00e9ho ukrajinsk\u00e9ho ob\u010dana na dobu dev\u00edti m\u011bs\u00edc\u016f. Podle vy\u0161et\u0159ovatel\u016f mu\u017e zabil a rozporcoval ruskou \u017eenu.<\/span><\/p>\n<p><span>Jedn\u00e1n\u00ed bylo odlo\u017eeno z 11. srpna na 12. srpna kv\u016fli \u0161patn\u00e9mu zdravotn\u00edmu stavu podez\u0159el\u00e9ho, kter\u00fd byl p\u0159evezen do nemocnice.<\/span><\/p>\n<p><span>Podle listu El Comercio k \u00fatoku na rusk\u00e9ho ob\u010dana do\u0161lo 8. srpna ve zdravotn\u00edm st\u0159edisku v departementu Loreto na severu Peru. M\u00edstn\u00ed \u00fa\u0159ady nevylu\u010duj\u00ed, \u017ee podez\u0159el\u00fd byl pod vlivem drog.<\/span><\/p>\n<p><span>44let\u00e1\u00a0<\/span><strong><span>Lyudmila<\/span><\/strong><span>\u00a0L. bylo 44 let, republikov\u00e9 \u00fa\u0159ady o incidentu informovaly jej\u00edho man\u017eela a dv\u011b dcery. Rodina Lazarenkov\u00fdch \u017eila v Thajsku. \u017dena p\u0159ijela do Peru n\u011bkolikr\u00e1t, poznamen\u00e1v\u00e1 El Comercio.<\/span><\/p>\n<p><img decoding=\"async\" loading=\"lazy\" class=\"alignnone size-full wp-image-1185\" src=\"http:\/\/www.infokuryr.cz\/n\/wp-content\/uploads\/2021\/04\/kuryr-podpis.png\" alt=\"\" width=\"84\" height=\"24\" \/><\/p>\n<p>&nbsp;<\/p>\n<p>&nbsp;<\/p>\n","protected":false},"excerpt":{"rendered":"<p>Vy\u0161et\u0159ovac\u00ed soud m\u011bsta Yurimaguas v Peru bude jednat v p\u0159\u00edpadu vra\u017edy Rusky, kterou \u00fadajn\u011b sp\u00e1chal&#8230;<\/p>\n","protected":false},"author":2,"featured_media":59747,"comment_status":"closed","ping_status":"closed","sticky":false,"template":"","format":"standard","meta":[],"categories":[7],"tags":[3995,2574,184],"_links":{"self":[{"href":"https:\/\/www.infokuryr.cz\/n\/wp-json\/wp\/v2\/posts\/59746"}],"collection":[{"href":"https:\/\/www.infokuryr.cz\/n\/wp-json\/wp\/v2\/posts"}],"about":[{"href":"https:\/\/www.infokuryr.cz\/n\/wp-json\/wp\/v2\/types\/post"}],"author":[{"embeddable":true,"href":"https:\/\/www.infokuryr.cz\/n\/wp-json\/wp\/v2\/users\/2"}],"replies":[{"embeddable":true,"href":"https:\/\/www.infokuryr.cz\/n\/wp-json\/wp\/v2\/comments?post=59746"}],"version-history":[{"count":0,"href":"https:\/\/www.infokuryr.cz\/n\/wp-json\/wp\/v2\/posts\/59746\/revisions"}],"wp:featuredmedia":[{"embeddable":true,"href":"https:\/\/www.infokuryr.cz\/n\/wp-json\/wp\/v2\/media\/59747"}],"wp:attachment":[{"href":"https:\/\/www.infokuryr.cz\/n\/wp-json\/wp\/v2\/media?parent=59746"}],"wp:term":[{"taxonomy":"category","embeddable":true,"href":"https:\/\/www.infokuryr.cz\/n\/wp-json\/wp\/v2\/categories?post=59746"},{"taxonomy":"post_tag","embeddable":true,"href":"https:\/\/www.infokuryr.cz\/n\/wp-json\/wp\/v2\/tags?post=59746"}],"curies":[{"name":"wp","href":"https:\/\/api.w.org\/{rel}","templated":true}]}}