{"id":59744,"date":"2024-08-12T05:52:23","date_gmt":"2024-08-12T03:52:23","guid":{"rendered":"https:\/\/www.infokuryr.cz\/n\/?p=59744"},"modified":"2024-08-12T05:52:33","modified_gmt":"2024-08-12T03:52:33","slug":"kadyrov-v-kurske-oblasti-byla-znicena-kolona-techniky-nato","status":"publish","type":"post","link":"https:\/\/www.infokuryr.cz\/n\/2024\/08\/12\/kadyrov-v-kurske-oblasti-byla-znicena-kolona-techniky-nato\/","title":{"rendered":"Kadyrov: V Kursk\u00e9 oblasti byla zni\u010dena kolona techniky NATO"},"content":{"rendered":"<div id=\"fb-root\"><\/div>\n<div class=\"news-text-body\">\n<p class=\"lead\"><strong>P\u0159\u00edslu\u0161n\u00edci pluku AKHMAT-\u010ce\u010dnya rusk\u00e9ho ministerstva obrany spolu s 810. samostatnou gardovou n\u00e1mo\u0159n\u00ed brig\u00e1dou zni\u010dili konvoj s technikou NATO spolu s person\u00e1lem v oblasti Kursk. Informoval o tom \u0161\u00e9f \u010ce\u010denska Ramzan Kadyrov.<\/strong><\/p>\n<p>Podle n\u011bj byli poz\u016fstal\u00ed zablokovan\u00ed nedaleko od m\u00edsta kontaktu.<\/p>\n<p><em>\u201eMysl\u00edm, \u017ee ka\u017ed\u00fd u\u017e ch\u00e1pe sv\u016fj budouc\u00ed osud. Ozbrojenci se z\u0159ejm\u011b pokusili zorganizovat dod\u00e1vku munice a dal\u0161\u00edch zbran\u00ed, aby se v pozici kone\u010dn\u011b prosadili. Povaha munice a zbran\u00ed dokazuje, \u017ee s\u00edly NATO p\u0159\u00edmo souvis\u00ed s t\u00edmto sabot\u00e1\u017en\u00edm pl\u00e1nem. Po\u010d\u00edtali jsme s dlouhodob\u00fdm pobytem na \u00fazem\u00ed Rusk\u00e9 federace. Jak vid\u00edte, p\u0159epo\u010d\u00edtali jsme se.&#8220;<span class=\"after-quote\">\u00a0\u2014 p\u00ed\u0161e Kadyrov ve sv\u00e9m kan\u00e1lu Telegram.<\/span><\/em><\/p>\n<div class=\"adaptive-video\"><iframe src=\"https:\/\/vk.com\/video_ext.php?oid=-92700616&amp;id=456239748&amp;hash=e6cc3a0dc4be8741\" allowfullscreen=\"allowfullscreen\" data-mce-fragment=\"1\"><\/iframe><\/div>\n<p>&nbsp;<\/p>\n<\/div>\n<div><img decoding=\"async\" loading=\"lazy\" class=\"alignnone size-full wp-image-1185\" src=\"http:\/\/www.infokuryr.cz\/n\/wp-content\/uploads\/2021\/04\/kuryr-podpis.png\" alt=\"\" width=\"84\" height=\"24\" \/><\/div>\n<div class=\"socials-wrapper socials-floating\">\n<div class=\"social-likes socials-visible socials-ready\" data-url=\"https:\/\/eadaily.com\/ru\/news\/2024\/08\/11\/kadyrov-v-kurskoy-oblasti-unichtozhili-kolonnu-natovskoy-tehniki-video\" data-title=\"\u041a\u0430\u0434\u044b\u0440\u043e\u0432: \u0412\u00a0\u041a\u0443\u0440\u0441\u043a\u043e\u0439 \u043e\u0431\u043b\u0430\u0441\u0442\u0438 \u0443\u043d\u0438\u0447\u0442\u043e\u0436\u0438\u043b\u0438 \u043a\u043e\u043b\u043e\u043d\u043d\u0443 \u043d\u0430\u0442\u043e\u0432\u0441\u043a\u043e\u0439 \u0442\u0435\u0445\u043d\u0438\u043a\u0438\u00a0\u2014 \u0432\u0438\u0434\u0435\u043e\">\n<div class=\"socials-widget socials-widget-vk\" title=\"Sd\u00edlejte na VKontakte\"><\/div>\n<\/div>\n<\/div>\n<p>&nbsp;<\/p>\n","protected":false},"excerpt":{"rendered":"<p>P\u0159\u00edslu\u0161n\u00edci pluku AKHMAT-\u010ce\u010dnya rusk\u00e9ho ministerstva obrany spolu s 810. samostatnou gardovou n\u00e1mo\u0159n\u00ed brig\u00e1dou zni\u010dili konvoj&#8230;<\/p>\n","protected":false},"author":2,"featured_media":59745,"comment_status":"closed","ping_status":"closed","sticky":false,"template":"","format":"standard","meta":[],"categories":[7],"tags":[3133,7741,39],"_links":{"self":[{"href":"https:\/\/www.infokuryr.cz\/n\/wp-json\/wp\/v2\/posts\/59744"}],"collection":[{"href":"https:\/\/www.infokuryr.cz\/n\/wp-json\/wp\/v2\/posts"}],"about":[{"href":"https:\/\/www.infokuryr.cz\/n\/wp-json\/wp\/v2\/types\/post"}],"author":[{"embeddable":true,"href":"https:\/\/www.infokuryr.cz\/n\/wp-json\/wp\/v2\/users\/2"}],"replies":[{"embeddable":true,"href":"https:\/\/www.infokuryr.cz\/n\/wp-json\/wp\/v2\/comments?post=59744"}],"version-history":[{"count":0,"href":"https:\/\/www.infokuryr.cz\/n\/wp-json\/wp\/v2\/posts\/59744\/revisions"}],"wp:featuredmedia":[{"embeddable":true,"href":"https:\/\/www.infokuryr.cz\/n\/wp-json\/wp\/v2\/media\/59745"}],"wp:attachment":[{"href":"https:\/\/www.infokuryr.cz\/n\/wp-json\/wp\/v2\/media?parent=59744"}],"wp:term":[{"taxonomy":"category","embeddable":true,"href":"https:\/\/www.infokuryr.cz\/n\/wp-json\/wp\/v2\/categories?post=59744"},{"taxonomy":"post_tag","embeddable":true,"href":"https:\/\/www.infokuryr.cz\/n\/wp-json\/wp\/v2\/tags?post=59744"}],"curies":[{"name":"wp","href":"https:\/\/api.w.org\/{rel}","templated":true}]}}