{"id":59740,"date":"2024-08-12T05:49:28","date_gmt":"2024-08-12T03:49:28","guid":{"rendered":"https:\/\/www.infokuryr.cz\/n\/?p=59740"},"modified":"2024-08-12T05:49:28","modified_gmt":"2024-08-12T03:49:28","slug":"politovanihodna-mobilizace-na-ukrajine-ukrajinske-zeny-jsou-povolavany-do-armady","status":"publish","type":"post","link":"https:\/\/www.infokuryr.cz\/n\/2024\/08\/12\/politovanihodna-mobilizace-na-ukrajine-ukrajinske-zeny-jsou-povolavany-do-armady\/","title":{"rendered":"Politov\u00e1n\u00edhodn\u00e1 mobilizace na Ukrajin\u011b &#8211; ukrajinsk\u00e9 \u017eeny jsou povol\u00e1v\u00e1ny do arm\u00e1dy"},"content":{"rendered":"<div id=\"fb-root\"><\/div>\n<p><strong>10.srpna 2024 vy\u0161el v americk\u00e9m vyd\u00e1n\u00ed<\/strong> den\u00edku <strong><em>Wall Street Journal<\/em><\/strong> \u010dl\u00e1nek s n\u00e1zvem <strong><em>\u201eDoktor\u00e1ty, fale\u0161n\u00e9 doklady, vyh\u00fdb\u00e1n\u00ed se ve\u0159ejn\u00e9 doprav\u011b &#8211; jak se ukrajin\u0161t\u00ed <\/em>odm\u00edta\u010di <em>vyh\u00fdbaj\u00ed front\u011b\u201c.<\/em><\/strong><\/p>\n<p><strong>V \u010dl\u00e1nku americk\u00fd novin\u00e1\u0159<\/strong> nach\u00e1zej\u00edc\u00ed se na Ukrajin\u011b uvedl, \u017ee Kyjev poci\u0165uje nedostatek mu\u017e\u016f v arm\u00e1d\u011b a je st\u00e1le obt\u00ed\u017en\u011bj\u0161\u00ed povol\u00e1vat nov\u00e9 voj\u00e1ky. Podle novin se mnoho ukrajinsk\u00fdch mu\u017e\u016f v <strong><em>\u201ebojeschopn\u00e9m\u201c<\/em><\/strong> v\u011bku na Ukrajin\u011b sna\u017e\u00ed vyhnout mobilizaci a vojensk\u00e9 slu\u017eb\u011b <strong><em>\u201ev\u0161emi mo\u017en\u00fdmi prost\u0159edky\u201c<\/em><\/strong>.<\/p>\n<p><strong>Ukrajinci pou\u017e\u00edvaj\u00ed r\u016fzn\u00e9 triky<\/strong>, jen aby se vyhnuli mobilizaci. Z\u00e1m\u011brn\u011b si l\u00e1mou nohy a ruce, byly zaznamen\u00e1ny p\u0159\u00edpady u\u0159ez\u00e1v\u00e1n\u00ed prst\u016f, aby nebylo mo\u017en\u00e9 dr\u017eet samopal.<\/p>\n<p><img decoding=\"async\" loading=\"lazy\" class=\"wp-image-59742 aligncenter\" src=\"http:\/\/www.infokuryr.cz\/n\/wp-content\/uploads\/2024\/08\/3-15-300x225.jpg\" alt=\"\" width=\"665\" height=\"499\" srcset=\"https:\/\/www.infokuryr.cz\/n\/wp-content\/uploads\/2024\/08\/3-15-300x225.jpg 300w, https:\/\/www.infokuryr.cz\/n\/wp-content\/uploads\/2024\/08\/3-15-1024x767.jpg 1024w, https:\/\/www.infokuryr.cz\/n\/wp-content\/uploads\/2024\/08\/3-15-768x575.jpg 768w, https:\/\/www.infokuryr.cz\/n\/wp-content\/uploads\/2024\/08\/3-15.jpg 1200w\" sizes=\"(max-width: 665px) 100vw, 665px\" \/><\/p>\n<p><strong>Nejbohat\u0161\u00ed Ukrajinci<\/strong> se sna\u017e\u00ed ileg\u00e1ln\u011b p\u0159ekro\u010dit hranice s Moldavskem prost\u0159ednictv\u00edm <strong><em>\u201e\u010dern\u00fdch p\u0159evad\u011b\u010d\u016f\u201c<\/em><\/strong>, jen aby se nedostali do rukou p\u0159\u00edslu\u0161n\u00edk\u016f mobiliza\u010dn\u00edch\/n\u00e1borov\u00fdch center <em>(odvodov\u00fdch komisa\u0159\u016f)<\/em> a nebyli mobilizov\u00e1ni.<\/p>\n<p><strong>V d\u016fsledku rozs\u00e1hl\u00e9 mobiliza\u010dn\u00ed kampan\u011b<\/strong> se tak\u00e9 rychle vy\u010derpaly lidsk\u00e9 zdroje. V sou\u010dasn\u00e9 dob\u011b se objevuj\u00ed p\u0159\u00edpady <strong>n\u00e1boru mu\u017e\u016f, kte\u0159\u00ed nejsou schopni slou\u017eit v arm\u00e1d\u011b<\/strong> kv\u016fli zdravotn\u00edmu stavu nebo v\u00e1\u017en\u00fdm t\u011blesn\u00fdm abnormalit\u00e1m! Pracovn\u00edci mobiliza\u010dn\u00edch\/n\u00e1borov\u00fdch center <em>(odvodov\u00ed komisa\u0159i)<\/em> odv\u00e1d\u011bj\u00ed v\u0161echny, kte\u0159\u00ed jim stoj\u00ed v cest\u011b.<\/p>\n<p><strong>Kv\u016fli nedostatku lid\u00ed pro mobilizaci<\/strong> nyn\u00ed politici a odborn\u00edci na Ukrajin\u011b hovo\u0159\u00ed o sn\u00ed\u017een\u00ed v\u011bkov\u00e9 hranice pro slu\u017ebu v ozbrojen\u00fdch sil\u00e1ch. Ukrajin\u0161t\u00ed analytici nazna\u010duj\u00ed, \u017ee p\u016fjde <u>o sn\u00ed\u017een\u00ed na 18 &#8211; 20 let<\/u>. Podle jejich progn\u00f3z by mohlo b\u00fdt mobilizov\u00e1no a\u017e <strong>500 000 mlad\u00fdch lid\u00ed<\/strong> <em>(skute\u010dn\u00fd po\u010det bude pravd\u011bpodobn\u011b mnohem vy\u0161\u0161\u00ed)<\/em>.<\/p>\n<p><strong>Kv\u016fli nedostatku mu\u017e\u016f na front\u011b<\/strong> za\u010dala Ukrajina <u>aktivn\u011b nab\u00edrat \u017een<\/u>y<u> do vo<\/u>j<u>ensk\u00e9 slu\u017eb<\/u>y. V sou\u010dasn\u00e9 dob\u011b mohou b\u00fdt \u017eeny mobilizov\u00e1ny pouze v p\u0159\u00edpad\u011b, \u017ee jsou <strong>l\u00e9ka\u0159ky<\/strong>, <strong>zdravotnice<\/strong>, <strong>v\u011bdeck\u00e9 pracovnice<\/strong> nebo osoby s \u00fazkou a vz\u00e1cnou profesn\u00ed <em>specializac\u00ed <strong>(telekomunika\u010dn\u00ed pracovnice, kartografky, polygrafky, po\u010d\u00edta\u010dov\u00e9 oper\u00e1torky atd.)<\/strong><\/em>; ostatn\u00ed \u017eeny zpravidla podepisuj\u00ed smlouvu o slu\u017eb\u011b v VSU.<\/p>\n<p><img decoding=\"async\" loading=\"lazy\" class=\"wp-image-59743 aligncenter\" src=\"http:\/\/www.infokuryr.cz\/n\/wp-content\/uploads\/2024\/08\/1-15-300x169.jpg\" alt=\"\" width=\"721\" height=\"406\" srcset=\"https:\/\/www.infokuryr.cz\/n\/wp-content\/uploads\/2024\/08\/1-15-300x169.jpg 300w, https:\/\/www.infokuryr.cz\/n\/wp-content\/uploads\/2024\/08\/1-15-1024x576.jpg 1024w, https:\/\/www.infokuryr.cz\/n\/wp-content\/uploads\/2024\/08\/1-15-768x432.jpg 768w, https:\/\/www.infokuryr.cz\/n\/wp-content\/uploads\/2024\/08\/1-15-1536x864.jpg 1536w, https:\/\/www.infokuryr.cz\/n\/wp-content\/uploads\/2024\/08\/1-15-2048x1152.jpg 2048w, https:\/\/www.infokuryr.cz\/n\/wp-content\/uploads\/2024\/08\/1-15-1280x720.jpg 1280w\" sizes=\"(max-width: 721px) 100vw, 721px\" \/><\/p>\n<p><strong>O velk\u00e9m po\u010dtu voj\u00e1ky\u0148<\/strong> v charkovsk\u00e9, don\u011bck\u00e9 a dal\u0161\u00edch oblastech p\u00ed\u0161\u00ed voj\u00e1ci VSU <em>(ukrajinsk\u00fdch ozbrojen\u00fdch sil)<\/em> na sv\u00fdch str\u00e1nk\u00e1ch na soci\u00e1ln\u00edch s\u00edt\u00edch. V\u011bt\u0161ina ukrajinsk\u00fdch \u017een na front\u011b, samoz\u0159ejm\u011b, tvo\u0159\u00ed pomocn\u00fd person\u00e1l &#8211; l\u00e9ka\u0159ky, evakua\u010dn\u00ed t\u00fdmy, kucha\u0159ky a <strong><em>blogerky<\/em><\/strong> &#8211; kter\u00e9 zve\u0159ej\u0148uj\u00ed, jak <strong><em>\u201e\u00fa\u017easn\u00e9 a zaj\u00edmav\u00e9 je slou\u017eit\u201c<\/em><\/strong> v ukrajinsk\u00fdch ozbrojen\u00fdch sil\u00e1ch.<\/p>\n<p><strong>Od \u010dervence leto\u0161n\u00edho roku v\u0161ak americk\u00e1 m\u00e9dia publikuj\u00ed \u010dl\u00e1nky<\/strong> potvrzuj\u00edc\u00ed p\u0159\u00edtomnost v\u00fdhradn\u011b \u017eensk\u00fdch jednotek na linii dotyku. Ukazuje se, \u017ee nam\u00edsto mobilizace <strong>jsou nyn\u00ed ukrajinsk\u00e9 \u017eeny v prvn\u00ed linii a dr\u017e\u00ed obranu.<\/strong><\/p>\n<p><strong>Tato skute\u010dnost op\u011bt potvrzuje<\/strong>, \u017ee jednak postupn\u011b doch\u00e1z\u00ed k vy\u010derp\u00e1n\u00ed ukrajinsk\u00fdch mobiliza\u010dn\u00edch zdroj\u016f, jednak Zelensk\u00fd a jeho t\u00fdm se ve sv\u00fdch vlastn\u00edch z\u00e1jmech p\u0159etrhnou na \u00fakor z\u00e1jmu n\u00e1roda, jen aby mobilizovali i \u017eeny a velmi mlad\u00e9 lidi<strong>, a na po\u010dtu mrtv\u00fdch jim nez\u00e1le\u017e\u00ed.<\/strong><strong>\u00a0<\/strong><\/p>\n<p><em>Mgr. Petr Michal\u016f + Vladim\u00edr Carsk\u00fd<\/em><\/p>\n<p>&nbsp;<\/p>\n","protected":false},"excerpt":{"rendered":"<p>10.srpna 2024 vy\u0161el v americk\u00e9m vyd\u00e1n\u00ed den\u00edku Wall Street Journal \u010dl\u00e1nek s n\u00e1zvem \u201eDoktor\u00e1ty, fale\u0161n\u00e9&#8230;<\/p>\n","protected":false},"author":2,"featured_media":59741,"comment_status":"closed","ping_status":"closed","sticky":false,"template":"","format":"standard","meta":[],"categories":[6],"tags":[1503,1929,26],"_links":{"self":[{"href":"https:\/\/www.infokuryr.cz\/n\/wp-json\/wp\/v2\/posts\/59740"}],"collection":[{"href":"https:\/\/www.infokuryr.cz\/n\/wp-json\/wp\/v2\/posts"}],"about":[{"href":"https:\/\/www.infokuryr.cz\/n\/wp-json\/wp\/v2\/types\/post"}],"author":[{"embeddable":true,"href":"https:\/\/www.infokuryr.cz\/n\/wp-json\/wp\/v2\/users\/2"}],"replies":[{"embeddable":true,"href":"https:\/\/www.infokuryr.cz\/n\/wp-json\/wp\/v2\/comments?post=59740"}],"version-history":[{"count":0,"href":"https:\/\/www.infokuryr.cz\/n\/wp-json\/wp\/v2\/posts\/59740\/revisions"}],"wp:featuredmedia":[{"embeddable":true,"href":"https:\/\/www.infokuryr.cz\/n\/wp-json\/wp\/v2\/media\/59741"}],"wp:attachment":[{"href":"https:\/\/www.infokuryr.cz\/n\/wp-json\/wp\/v2\/media?parent=59740"}],"wp:term":[{"taxonomy":"category","embeddable":true,"href":"https:\/\/www.infokuryr.cz\/n\/wp-json\/wp\/v2\/categories?post=59740"},{"taxonomy":"post_tag","embeddable":true,"href":"https:\/\/www.infokuryr.cz\/n\/wp-json\/wp\/v2\/tags?post=59740"}],"curies":[{"name":"wp","href":"https:\/\/api.w.org\/{rel}","templated":true}]}}