{"id":59738,"date":"2024-08-12T05:45:45","date_gmt":"2024-08-12T03:45:45","guid":{"rendered":"https:\/\/www.infokuryr.cz\/n\/?p=59738"},"modified":"2024-08-12T05:45:45","modified_gmt":"2024-08-12T03:45:45","slug":"pravoslavna-cirkev-vysvetluje-pravidla-pozehnani-jadernych-bomb","status":"publish","type":"post","link":"https:\/\/www.infokuryr.cz\/n\/2024\/08\/12\/pravoslavna-cirkev-vysvetluje-pravidla-pozehnani-jadernych-bomb\/","title":{"rendered":"Pravoslavn\u00e1 c\u00edrkev vysv\u011btluje pravidla po\u017eehn\u00e1n\u00ed jadern\u00fdch bomb"},"content":{"rendered":"<div id=\"fb-root\"><\/div>\n<p><span style=\"font-size: 18pt;\"><strong>Vojensk\u00e1 slu\u017eba je \u201eposv\u00e1tn\u00e1\u201c, kdy\u017e slou\u017e\u00ed k \u201eobran\u011b vlasti a jej\u00edch svat\u00fdch m\u00edst,\u201c \u0159ekl RIA Novosti vysok\u00fd duchovn\u00ed<\/strong><\/span><\/p>\n<p><span>Po\u017eehn\u00e1n\u00ed jadern\u00fdch zbrani je mo\u017en\u00e9, i kdy\u017e takov\u00e9 zbran\u011b <\/span><em><span>\u201emaj\u00ed ohromnou ni\u010divou s\u00edlu\u201c,<\/span><\/em><span>\u00a0\u0159ekl v sobotu agentu\u0159e RIA Novosti arcikn\u011bz rusk\u00e9 pravoslavn\u00e9 c\u00edrkve Konstantin Tatarintsev.<\/span><\/p>\n<p><span>Posv\u011bcov\u00e1n\u00ed n\u011b\u010deho, co\u00a0<\/span><em><span>\u201erozs\u00e9v\u00e1 smrt\u201c,<\/span><\/em><span>\u00a0m\u016f\u017ee b\u00fdt norm\u00e1ln\u011b pova\u017eov\u00e1no za\u00a0<\/span><em><span>\u201enep\u0159ijateln\u00e9\u201c,<\/span><\/em><span>\u00a0\u0159ekl Tatarintsev, kter\u00fd je prvn\u00edm z\u00e1stupcem vedouc\u00edho synod\u00e1ln\u00edho odd\u011blen\u00ed ozbrojen\u00fdch sil a donucovac\u00edch slu\u017eeb. P\u0159esto jsou jadern\u00e9 zbran\u011b tak\u00e9\u00a0<\/span><em><span>\u201ezadr\u017eovac\u00edmi zbran\u011bmi,\u201c<\/span><\/em><span>\u00a0vysv\u011btlil. Jejich \u00fa\u010delem je zajistit, aby je \u017e\u00e1dn\u00fd jin\u00fd n\u00e1rod, kter\u00fd vlastn\u00ed takov\u00e9 zbran\u011b, nemohl pou\u017e\u00edt proti Rusku, \u0159ekl duchovn\u00ed a dodal, \u017ee\u00a0<\/span><em><span>\u201eje to z\u00e1ruka m\u00edru\u201c.<\/span><\/em><\/p>\n<p><em><span>&#8222;Po\u017eehn\u00e1n\u00ed tomu, aby to nebylo pou\u017eito k ur\u010den\u00e9mu \u00fa\u010delu, ale aby to m\u011blo [udr\u017eovac\u00ed] efekt a zaru\u010dilo m\u00edr, je zcela p\u0159ijateln\u00e9,&#8220;<\/span><\/em><span>\u00a0\u0159ekl. Duchovn\u00ed tak\u00e9 vyj\u00e1d\u0159il nad\u011bji, \u017ee jadern\u00e9 zbran\u011b\u00a0<\/span><em><span>\u201enikdy nebudou pou\u017eity, proto\u017ee by to znamenalo sebezni\u010den\u00ed, \u0161\u00edlenstv\u00ed. To je nep\u0159ijateln\u00e9 pro \u017e\u00e1dnou stranu v konfliktu.&#8220;<\/span><\/em><\/p>\n<p><span>Podle Tatarintseva sah\u00e1 modlitba pou\u017e\u00edvan\u00e1 k po\u017eehn\u00e1n\u00ed zbran\u011b a\u017e do st\u0159edov\u011bku. Klade osobn\u00ed duchovn\u00ed odpov\u011bdnost na sv\u00e9ho nositele, aby jej nezneu\u017eil ke zl\u00fdm c\u00edl\u016fm.\u00a0<\/span><em><span>&#8222;Vojensk\u00e9 trestn\u00e9 \u010diny, jako je ma\u0159en\u00ed a podobn\u011b, jsou proto nep\u0159ijateln\u00e9,&#8220;<\/span><\/em><span>\u00a0\u0159ekl.\u00a0<\/span><em><span>&#8222;Kdy\u017e je po\u017eehn\u00e1na zbra\u0148, m\u00e1 v\u00e1le\u010dn\u00edk odpov\u011bdnost nejen v\u016f\u010di sv\u00e9mu veliteli&#8230; ale tak\u00e9 v\u016f\u010di Bohu.&#8220;<\/span><\/em><\/p>\n<p><span>Arcikn\u011bz tak\u00e9 \u0159ekl, \u017ee v podstat\u011b jakoukoli zbra\u0148, v\u010detn\u011b jadern\u00e9 tri\u00e1dy, lze pova\u017eovat za\u00a0<\/span><em><span>\u201eposv\u00e1tnou\u201c<\/span><\/em><span>\u00a0, kdy\u017e se pou\u017e\u00edv\u00e1 k ochran\u011b\u00a0<\/span><em><span>\u201ena\u0161\u00ed vlasti a svat\u00fdch m\u00edst nach\u00e1zej\u00edc\u00edch se na jej\u00edm \u00fazem\u00ed\u201c.<\/span><\/em><\/p>\n<p><span>Patriarcha Kirill, hlava rusk\u00e9 pravoslavn\u00e9 c\u00edrkve, opakovan\u011b vyzval farn\u00edky, aby podpo\u0159ili jednotky zapojen\u00e9 do ta\u017een\u00ed rusk\u00e9 arm\u00e1dy na Ukrajinu. \u0158\u00edk\u00e1, \u017ee tito voj\u00e1ci\u00a0<\/span><em><span>\u201eob\u011btuj\u00ed sv\u00e9 \u017eivoty, aby ochr\u00e1nili n\u00e1\u0161 ortodoxn\u00ed lid na Donbasu\u201c.<\/span><\/em><\/p>\n<p><span>Je\u0161t\u011b p\u0159ed vypuknut\u00edm konfliktu mezi Moskvou a Kyjevem v roce 2022 patriarcha Kirill obvi\u0148oval Kyjev z potla\u010dov\u00e1n\u00ed a diskriminace Ukrajinsk\u00e9 pravoslavn\u00e9 c\u00edrkve (UOC), nejv\u011bt\u0161\u00ed c\u00edrkve v zemi, kter\u00e1 byla tak\u00e9\u00a0<\/span><em><span>\u201ened\u00edlnou\u201c<\/span><\/em><span>\u00a0sou\u010d\u00e1st\u00ed Moskevsk\u00e9ho patriarch\u00e1tu. Jako d\u016fvod uvedl fyzick\u00e9 \u00fatoky na c\u00edrkevn\u00ed p\u0159edstavitele, relikvie a m\u00edsta uct\u00edv\u00e1n\u00ed. Kyjev nakonec odpov\u011bd\u011bl t\u00edm, \u017ee ho za\u0159adil na seznam hledan\u00fdch za \u00fadajn\u00e9 poru\u0161en\u00ed ukrajinsk\u00e9 \u00fazemn\u00ed celistvosti a suverenity.<\/span><\/p>\n<p><span>Ukrajinsk\u00e9 \u00fa\u0159ady rovn\u011b\u017e zintenzivnily represe proti UOC a obvinily jej\u00ed duchovn\u00ed z toho, \u017ee jsou\u00a0<\/span><em><span>\u201eagenty Moskvy\u201c.<\/span><\/em><span>\u00a0Loni ukrajinsk\u00e1 vl\u00e1da p\u0159edstavila n\u00e1vrh z\u00e1kona, kter\u00fd by p\u0159ipravil cestu pro p\u0159\u00edpadn\u00fd z\u00e1kaz UOC. Legislativa v\u0161ak byla od t\u00e9 doby pozastavena.<\/span><\/p>\n<p><img decoding=\"async\" loading=\"lazy\" class=\"alignnone size-full wp-image-1185\" src=\"http:\/\/www.infokuryr.cz\/n\/wp-content\/uploads\/2021\/04\/kuryr-podpis.png\" alt=\"\" width=\"84\" height=\"24\" \/><\/p>\n<p>&nbsp;<\/p>\n<p>&nbsp;<\/p>\n","protected":false},"excerpt":{"rendered":"<p>Vojensk\u00e1 slu\u017eba je \u201eposv\u00e1tn\u00e1\u201c, kdy\u017e slou\u017e\u00ed k \u201eobran\u011b vlasti a jej\u00edch svat\u00fdch m\u00edst,\u201c \u0159ekl RIA&#8230;<\/p>\n","protected":false},"author":2,"featured_media":59739,"comment_status":"closed","ping_status":"closed","sticky":false,"template":"","format":"standard","meta":[],"categories":[7],"tags":[1069,5777,250],"_links":{"self":[{"href":"https:\/\/www.infokuryr.cz\/n\/wp-json\/wp\/v2\/posts\/59738"}],"collection":[{"href":"https:\/\/www.infokuryr.cz\/n\/wp-json\/wp\/v2\/posts"}],"about":[{"href":"https:\/\/www.infokuryr.cz\/n\/wp-json\/wp\/v2\/types\/post"}],"author":[{"embeddable":true,"href":"https:\/\/www.infokuryr.cz\/n\/wp-json\/wp\/v2\/users\/2"}],"replies":[{"embeddable":true,"href":"https:\/\/www.infokuryr.cz\/n\/wp-json\/wp\/v2\/comments?post=59738"}],"version-history":[{"count":0,"href":"https:\/\/www.infokuryr.cz\/n\/wp-json\/wp\/v2\/posts\/59738\/revisions"}],"wp:featuredmedia":[{"embeddable":true,"href":"https:\/\/www.infokuryr.cz\/n\/wp-json\/wp\/v2\/media\/59739"}],"wp:attachment":[{"href":"https:\/\/www.infokuryr.cz\/n\/wp-json\/wp\/v2\/media?parent=59738"}],"wp:term":[{"taxonomy":"category","embeddable":true,"href":"https:\/\/www.infokuryr.cz\/n\/wp-json\/wp\/v2\/categories?post=59738"},{"taxonomy":"post_tag","embeddable":true,"href":"https:\/\/www.infokuryr.cz\/n\/wp-json\/wp\/v2\/tags?post=59738"}],"curies":[{"name":"wp","href":"https:\/\/api.w.org\/{rel}","templated":true}]}}