{"id":59736,"date":"2024-08-12T05:42:49","date_gmt":"2024-08-12T03:42:49","guid":{"rendered":"https:\/\/www.infokuryr.cz\/n\/?p=59736"},"modified":"2024-08-12T05:42:49","modified_gmt":"2024-08-12T03:42:49","slug":"sestrelene-ukrajinske-drony-v-belorusku-jsou-plne-elektroniky-nato","status":"publish","type":"post","link":"https:\/\/www.infokuryr.cz\/n\/2024\/08\/12\/sestrelene-ukrajinske-drony-v-belorusku-jsou-plne-elektroniky-nato\/","title":{"rendered":"Sest\u0159elen\u00e9 ukrajinsk\u00e9 drony v B\u011blorusku jsou pln\u00e9 elektroniky NATO"},"content":{"rendered":"<div id=\"fb-root\"><\/div>\n<p><span style=\"font-size: 18pt;\"><strong>B\u011blorusko p\u0159edvedlo UAV, kter\u00e9 byly sest\u0159eleny v jeho vzdu\u0161n\u00e9m prostoru na za\u010d\u00e1tku tohoto t\u00fddne<\/strong><\/span><\/p>\n<p><span>B\u011blorusk\u00e9 ministerstvo obrany zve\u0159ejnilo z\u00e1b\u011bry trosek ukrajinsk\u00fdch dron\u016f, kter\u00e9 byly sest\u0159eleny v jeho vzdu\u0161n\u00e9m prostoru za\u010d\u00e1tkem tohoto t\u00fddne.<\/span><\/p>\n<p><span>Video, kter\u00e9 bylo zve\u0159ejn\u011bno na Telegramu, demonstrovalo oho\u0159el\u00e9 kovov\u00e9 \u00falomky toho, co vypadalo jako k\u0159\u00eddlo a \u010d\u00e1sti trupu dronu roztrou\u0161en\u00fdch po zalesn\u011bn\u00e9 oblasti. B\u011blorusk\u00e1 arm\u00e1da neup\u0159esnila, jak\u00e9 typy UAV byly zachyceny. N\u011bkter\u00e9 z dron\u016f se nakonec dostaly do Ruska, kde byly pozd\u011bji sest\u0159eleny u m\u011bsta Jaroslavl.<\/span><\/p>\n<p><span>Podle b\u011blorusk\u00fdch m\u00e9di\u00ed byly UAV napln\u011bny r\u016fznou elektronikou a vybaven\u00edm NATO, v\u010detn\u011b aktivn\u00ed ant\u00e9ny vyroben\u00e9 v USA a belgick\u00e9ho naviga\u010dn\u00edho syst\u00e9mu.\u00a0<\/span><em><span>\u201eZd\u00e1 se, \u017ee sest\u0159elen\u00e9 drony byly sestaveny [Ukrajinou] spole\u010dn\u011b s in\u017een\u00fdry NATO,\u201c<\/span><\/em><span>\u00a0uvedla b\u011blorusk\u00e1 agentura Belta.<\/span><\/p>\n<p><span>Kyjev ani jeho z\u00e1padn\u00ed podporovatel\u00e9 zat\u00edm incident nekomentovali. Minsk kv\u016fli t\u00e9to z\u00e1le\u017eitosti p\u0159edvolal kyjevskou prozat\u00edmn\u00ed charg\u00e9 d&#8217;affaires Olgu Timushovou, aby vyj\u00e1d\u0159ila sv\u016fj protest. Ministerstvo zahrani\u010d\u00ed varovalo, \u017ee takov\u00e9 kroky Ukrajiny by mohly v\u00e9st k dal\u0161\u00ed eskalaci a po\u017eadovalo, aby Kyjev podobn\u00fdm incident\u016fm v budoucnu zabr\u00e1nil.<\/span><\/p>\n<p><span>Ministerstvo tak\u00e9 uvedlo, \u017ee pokra\u010duj\u00edc\u00ed p\u0159\u00edtomnost ukrajinsk\u00fdch diplomat\u016f v B\u011blorusku by mohla b\u00fdt ohro\u017eena, pokud nebudou schopni ovlivnit politiku Kyjeva, pokud jde o takov\u00e9\u00a0<\/span><em><span>\u201eprovokace\u201c.<\/span><\/em><\/p>\n<p><span>V ned\u011bli tak\u00e9 b\u011blorusk\u00e9 ministerstvo obrany ozn\u00e1milo, \u017ee ve sv\u011btle incidentu s dronem nasazuje tankov\u00e9 jednotky k ukrajinsk\u00fdm hranic\u00edm. Luka\u0161enko tak\u00e9 na\u0159\u00eddil pos\u00edlit vojenskou p\u0159\u00edtomnost na ukrajinsk\u00e9 hranici. Kyjev nazna\u010dil, \u017ee c\u00edlem nahromad\u011bn\u00ed bylo odvr\u00e1tit pozornost Ukrajiny od jej\u00edho vp\u00e1du do rusk\u00e9 Kursk\u00e9 oblasti.<\/span><\/p>\n<p><span>B\u011blorusko se nikdy p\u0159\u00edmo nez\u00fa\u010dastnilo konfliktu mezi Moskvou a Kyjevem. Na za\u010d\u00e1tku rusk\u00e9 vojensk\u00e9 kampan\u011b v \u00fanoru 2022 v\u0161ak umo\u017enila rusk\u00e9 arm\u00e1d\u011b vyu\u017e\u00edt sv\u00e9 \u00fazem\u00ed k zah\u00e1jen\u00ed ofenzivy na Kyjev. Vztahy mezi ob\u011bma sousedy jsou od t\u00e9 doby napjat\u00e9.<\/span><\/p>\n<p><img decoding=\"async\" loading=\"lazy\" class=\"alignnone size-full wp-image-1185\" src=\"http:\/\/www.infokuryr.cz\/n\/wp-content\/uploads\/2021\/04\/kuryr-podpis.png\" alt=\"\" width=\"84\" height=\"24\" \/><\/p>\n<p>&nbsp;<\/p>\n<p>&nbsp;<\/p>\n","protected":false},"excerpt":{"rendered":"<p>B\u011blorusko p\u0159edvedlo UAV, kter\u00e9 byly sest\u0159eleny v jeho vzdu\u0161n\u00e9m prostoru na za\u010d\u00e1tku tohoto t\u00fddne B\u011blorusk\u00e9&#8230;<\/p>\n","protected":false},"author":2,"featured_media":59737,"comment_status":"closed","ping_status":"closed","sticky":false,"template":"","format":"standard","meta":[],"categories":[7],"tags":[150,2856,39,26],"_links":{"self":[{"href":"https:\/\/www.infokuryr.cz\/n\/wp-json\/wp\/v2\/posts\/59736"}],"collection":[{"href":"https:\/\/www.infokuryr.cz\/n\/wp-json\/wp\/v2\/posts"}],"about":[{"href":"https:\/\/www.infokuryr.cz\/n\/wp-json\/wp\/v2\/types\/post"}],"author":[{"embeddable":true,"href":"https:\/\/www.infokuryr.cz\/n\/wp-json\/wp\/v2\/users\/2"}],"replies":[{"embeddable":true,"href":"https:\/\/www.infokuryr.cz\/n\/wp-json\/wp\/v2\/comments?post=59736"}],"version-history":[{"count":0,"href":"https:\/\/www.infokuryr.cz\/n\/wp-json\/wp\/v2\/posts\/59736\/revisions"}],"wp:featuredmedia":[{"embeddable":true,"href":"https:\/\/www.infokuryr.cz\/n\/wp-json\/wp\/v2\/media\/59737"}],"wp:attachment":[{"href":"https:\/\/www.infokuryr.cz\/n\/wp-json\/wp\/v2\/media?parent=59736"}],"wp:term":[{"taxonomy":"category","embeddable":true,"href":"https:\/\/www.infokuryr.cz\/n\/wp-json\/wp\/v2\/categories?post=59736"},{"taxonomy":"post_tag","embeddable":true,"href":"https:\/\/www.infokuryr.cz\/n\/wp-json\/wp\/v2\/tags?post=59736"}],"curies":[{"name":"wp","href":"https:\/\/api.w.org\/{rel}","templated":true}]}}