{"id":59732,"date":"2024-08-12T00:35:53","date_gmt":"2024-08-11T22:35:53","guid":{"rendered":"https:\/\/www.infokuryr.cz\/n\/?p=59732"},"modified":"2024-08-11T17:06:07","modified_gmt":"2024-08-11T15:06:07","slug":"petr-pokorny-babis-a-fiala-cernochova-vedi-ze-nas-vtahli-do-valky-a-ruske-zdroje-to-pisi-a-co-na-to-mladi-muzi-v-cr","status":"publish","type":"post","link":"https:\/\/www.infokuryr.cz\/n\/2024\/08\/12\/petr-pokorny-babis-a-fiala-cernochova-vedi-ze-nas-vtahli-do-valky-a-ruske-zdroje-to-pisi-a-co-na-to-mladi-muzi-v-cr\/","title":{"rendered":"Petr Pokorn\u00fd: Babi\u0161 a Fiala (\u010cernochov\u00e1) v\u011bd\u00ed, \u017ee n\u00e1s vt\u00e1hli do v\u00e1lky a rusk\u00e9 zdroje to p\u00ed\u0161\u00ed? A co na to mlad\u00ed mu\u017ei v \u010cR?"},"content":{"rendered":"<div id=\"fb-root\"><\/div>\n<p><span style=\"font-size: 18pt;\"><strong>\u00a0Jak dlouho budou Rusov\u00e9 tolerovat \u010desk\u00e9 politiky, \u017ee na n\u011b st\u0159\u00edl\u00ed rakety \u010cernochov\u00e9 a Babi\u0161 se s Fialou dokonce h\u00e1daj\u00ed, kdo m\u00e1 v\u011bt\u0161\u00ed z\u00e1sluhu?<\/strong><\/span><\/p>\n<div style=\"width: 360px;\" class=\"wp-video\"><!--[if lt IE 9]><script>document.createElement('video');<\/script><![endif]-->\n<video class=\"wp-video-shortcode\" id=\"video-59732-1\" width=\"360\" height=\"640\" preload=\"metadata\" controls=\"controls\"><source type=\"video\/mp4\" src=\"http:\/\/www.infokuryr.cz\/n\/wp-content\/uploads\/2024\/08\/2044.mp4?_=1\" \/><a href=\"http:\/\/www.infokuryr.cz\/n\/wp-content\/uploads\/2024\/08\/2044.mp4\">http:\/\/www.infokuryr.cz\/n\/wp-content\/uploads\/2024\/08\/2044.mp4<\/a><\/video><\/div>\n<h1><\/h1>\n<h1>Je to bestie, rozpl\u00fdvaj\u00ed se Ukrajinci nad darovan\u00fdm \u010desk\u00fdm raketometem<\/h1>\n<div class=\"opener\">N\u00e1\u010deln\u00edk ukrajinsk\u00e9ho gener\u00e1ln\u00edho \u0161t\u00e1bu Valerij Zalu\u017enyj zve\u0159ejnil video zachycuj\u00edc\u00ed raketomet RM-70 Vampire \u010desk\u00e9 v\u00fdroby \u201ev dynamick\u00e9 pr\u00e1ci\u201c ve slu\u017eb\u00e1ch ukrajinsk\u00e9 110. samostatn\u00e9 mechanizovan\u00e9 brig\u00e1dy v boji proti rusk\u00fdm jednotk\u00e1m, okupuj\u00edc\u00edm ukrajinsk\u00e9 \u00fazem\u00ed. Ukrajin\u0161t\u00ed voj\u00e1ci si zbra\u0148 velmi pochvaluj\u00ed.<\/div>\n<div><\/div>\n<div><strong><em>\u00a0<\/em><\/strong><\/div>\n<div><strong><em>Zdroj:<\/em><\/strong><a href=\"https:\/\/www.google.com\/url?sa=t&amp;source=web&amp;rct=j&amp;opi=89978449&amp;url=https:\/\/www.idnes.cz\/zpravy\/zahranicni\/ukrajina-valka-rusko-raketomet-rm-70-vampire-cesko-zaluznyj-vojaci.A230802_154625_zahranicni_jhr&amp;ved=2ahUKEwif95LVx-yHAxU5_7sIHR-QDO0QFnoECAsQAQ&amp;usg=AOvVaw1Ea6DTTDWZNSKDt5spyfdA\" target=\"_blank\" rel=\"noopener\" data-ved=\"2ahUKEwif95LVx-yHAxU5_7sIHR-QDO0QFnoECAsQAQ\"><br \/>\n<\/a>&nbsp;<\/p>\n<p class=\"LC20lb MBeuO DKV0Md\">Je to bestie, rozpl\u00fdvaj\u00ed se Ukrajinci nad darovan\u00fdm \u010desk\u00fdm &#8230;<\/p>\n<\/div>\n<div class=\"clauthor\">\n<div id=\"article_author\">Informace o autorovi\u00a0<a href=\"https:\/\/www.skrytapravda.cz\/stranka-uzivatele\/autor\/2951-z-povolenych-zdroju\">Z povolen\u00fdch zdroj\u016f<\/a><\/div>\n<\/div>\n<div><a href=\"https:\/\/www.skrytapravda.cz\/ze-zahranici\/2044-babis-a-fiala-cernochova-vedi-ze-nas-vtahli-do-valky-a-ruske-zdroje-to-pisi-a-co-na-to-mladi-muzi-v-cr\">Petr Pokorn\u00fd<\/a><\/div>\n<div><\/div>\n<div><\/div>\n","protected":false},"excerpt":{"rendered":"<p>\u00a0Jak dlouho budou Rusov\u00e9 tolerovat \u010desk\u00e9 politiky, \u017ee na n\u011b st\u0159\u00edl\u00ed rakety \u010cernochov\u00e9 a Babi\u0161&#8230;<\/p>\n","protected":false},"author":2,"featured_media":1032,"comment_status":"closed","ping_status":"closed","sticky":false,"template":"","format":"standard","meta":[],"categories":[6],"tags":[41,7740,26],"_links":{"self":[{"href":"https:\/\/www.infokuryr.cz\/n\/wp-json\/wp\/v2\/posts\/59732"}],"collection":[{"href":"https:\/\/www.infokuryr.cz\/n\/wp-json\/wp\/v2\/posts"}],"about":[{"href":"https:\/\/www.infokuryr.cz\/n\/wp-json\/wp\/v2\/types\/post"}],"author":[{"embeddable":true,"href":"https:\/\/www.infokuryr.cz\/n\/wp-json\/wp\/v2\/users\/2"}],"replies":[{"embeddable":true,"href":"https:\/\/www.infokuryr.cz\/n\/wp-json\/wp\/v2\/comments?post=59732"}],"version-history":[{"count":1,"href":"https:\/\/www.infokuryr.cz\/n\/wp-json\/wp\/v2\/posts\/59732\/revisions"}],"predecessor-version":[{"id":59734,"href":"https:\/\/www.infokuryr.cz\/n\/wp-json\/wp\/v2\/posts\/59732\/revisions\/59734"}],"wp:featuredmedia":[{"embeddable":true,"href":"https:\/\/www.infokuryr.cz\/n\/wp-json\/wp\/v2\/media\/1032"}],"wp:attachment":[{"href":"https:\/\/www.infokuryr.cz\/n\/wp-json\/wp\/v2\/media?parent=59732"}],"wp:term":[{"taxonomy":"category","embeddable":true,"href":"https:\/\/www.infokuryr.cz\/n\/wp-json\/wp\/v2\/categories?post=59732"},{"taxonomy":"post_tag","embeddable":true,"href":"https:\/\/www.infokuryr.cz\/n\/wp-json\/wp\/v2\/tags?post=59732"}],"curies":[{"name":"wp","href":"https:\/\/api.w.org\/{rel}","templated":true}]}}