{"id":59651,"date":"2024-08-10T00:48:35","date_gmt":"2024-08-09T22:48:35","guid":{"rendered":"https:\/\/www.infokuryr.cz\/n\/?p=59651"},"modified":"2024-08-10T04:33:54","modified_gmt":"2024-08-10T02:33:54","slug":"zbynek-fiala-mitink-v-kukurici-a-zdravy-rozum","status":"publish","type":"post","link":"https:\/\/www.infokuryr.cz\/n\/2024\/08\/10\/zbynek-fiala-mitink-v-kukurici-a-zdravy-rozum\/","title":{"rendered":"Zbyn\u011bk Fiala: M\u00edtink v kuku\u0159ici a zdrav\u00fd rozum"},"content":{"rendered":"<div id=\"fb-root\"><\/div>\n<p><strong>Odchod Joe Bidena z prezidentsk\u00e9 kampan\u011b m\u016f\u017ee znamenat v\u011bt\u0161\u00ed zm\u011bnu, ne\u017e jsme \u010dekali.<\/strong><\/p>\n<p>Kampa\u0148 Harrisov\u00e9 s\u00e1z\u00ed na progresivisty z\u00a0pr\u00e9ri\u00ed, hl\u00e1saj\u00ed New York Times v\u00a0report\u00e1\u017ei z\u00a0prvn\u00edho b\u011b\u017en\u00e9ho volebn\u00edho m\u00edtingu prezidentsk\u00e9 kandid\u00e1tky Kamaly Harrisov\u00e9 s\u00a0jej\u00edm nov\u00fdm par\u0165\u00e1kem Timem Walzem v\u00a0univerzitn\u00edm m\u011bst\u011b Eau Claire ve st\u00e1t\u011b Wisconsin. Mimochodem ve stejn\u00e9m st\u00e1t\u011b, kde m\u011bli Republik\u00e1ni nomina\u010dn\u00ed sjezd, kter\u00fd vypadal jako korunovace Donalda Trumpa.<\/p>\n<p><em>Harrisova kampa\u0148 si vybrala Walze za kandid\u00e1ta na viceprezidenta v nad\u011bji, \u017ee zaujme voli\u010de v kritick\u00fdch st\u00e1tech jako je pr\u00e1v\u011b Wisconsin. A dav, kter\u00fd se v Eau Claire shrom\u00e1\u017edil \u2013 bylo to nejm\u00e9n\u011b 10 000 lid\u00ed v are\u00e1lu obklopen\u00e9m kuku\u0159i\u010dn\u00fdmi poli \u2013 s\u00e1lal ochotou p\u0159ijmout ho za sv\u00e9ho,<\/em>\u00a0p\u00ed\u0161e report\u00e9rka Jess Bidgood.<\/p>\n<p><a href=\"https:\/\/www.nytimes.com\/2024\/08\/07\/us\/politics\/tim-walz-harris-campaign.html\">https:\/\/www.nytimes.com\/2024\/08\/07\/us\/politics\/tim-walz-harris-campaign.html<\/a><\/p>\n<p>Tim Walz vyst\u0159elil do vysok\u00e9 politiky z\u00a0pozice guvern\u00e9ra severn\u00edho venkovsk\u00e9ho st\u00e1tu Minnesota, kter\u00fd le\u017e\u00ed z\u00e1padn\u011b od Wisconsinu. Od souseda je odd\u011blen \u0159ekou St. Croix vl\u00e9vaj\u00edc\u00ed se do horn\u00edho toku Mississippi.<\/p>\n<p>Pod\u00edvejme se, \u010deho si uveden\u00e1 report\u00e9rka v\u0161imla:<\/p>\n<p><em>Eau Claire je tradi\u010dn\u011b demokratick\u00e9 univerzitn\u00ed m\u011bsto, ale nen\u00ed zdaleka jasn\u00e9, zda se p\u0159ita\u017elivost guvern\u00e9ra z druh\u00e9 strany pohrani\u010dn\u00ed \u0159eky St. Croix p\u0159enese i mimo v\u00fdslovn\u00e9 liber\u00e1ln\u00ed ba\u0161ty. Kdy\u017e jsem se v\u0161ak prod\u00edrala davem, kter\u00fd se se\u0161el na m\u00edtingu Harrisov\u00e9 a Walze, napadlo m\u011b, \u017ee v Eau Claires jde pr\u00e1v\u011b o to.<\/em><\/p>\n<p><em>Wisconsin\u0161t\u00ed Demokrat\u00e9 zaznamenali v posledn\u00edch letech v\u00fdznamn\u00e1 v\u00edt\u011bzstv\u00ed d\u00edky tomu, \u017ee dok\u00e1zali pos\u00edlit ve m\u011bstech jako Madison, La Crosse a Milwaukee. To znamen\u00e1, \u017ee Walz tu nebyl jen proto, aby zn\u011bl lidov\u011b, mluvil o lovu a oslovil venkovsk\u00e9 voli\u010de. Smysl jeho cesty z\u00a0volebn\u00edho hlediska spo\u010d\u00edval v\u00a0tom, aby povzbudil wisconsinsk\u00e9 progresivce, kte\u0159\u00ed by si p\u0159\u00e1li, aby se jejich st\u00e1t v\u00edce podobal Minnesot\u011b.<\/em><\/p>\n<p><em>\u201eWalz ud\u011blal z Minnesoty vzor progresivn\u00ed vl\u00e1dy,&#8220; \u0159ekl William Lane, \u010dlen m\u00edstn\u00ed Demokratick\u00e9 strany v sousedn\u00edm okrese Dunn.<\/em><\/p>\n<p><em>&#8222;Minnesota odvedla skv\u011blou pr\u00e1ci s dan\u011bmi a t\u00edm, \u017ee pen\u00edze se utr\u00e1cej\u00ed na to, aby se zlep\u0161ily podm\u00ednky pro v\u0161echny,&#8220; \u0159ekl David Klaas, z\u00e1pasnick\u00fd tren\u00e9r ze Spooneru.<\/em><\/p>\n<p><em>Harrisova kampa\u0148 v\u011b\u0159\u00ed, \u017ee m\u00e1 smysl op\u0159\u00edt se o Walz\u016fv neok\u00e1zal\u00fd progresivismus, av\u0161ak vzhledem k pov\u011bstn\u00e9 prom\u011bnlivosti Wisconsinu to s sebou nese tak\u00e9 ur\u010dit\u00e9 riziko. Av\u0161ak t\u0159eba demokratick\u00e1 ba\u0161ta Dane County, v n\u00ed\u017e se nach\u00e1z\u00ed Madison, se rychle rozr\u016fst\u00e1.<\/em><\/p>\n<p><em>Guvern\u00e9r Tony Evers, demokrat, \u0159ekl davu, \u017ee Walz a Harrisov\u00e1 jdou k sob\u011b jako &#8222;pivo a klob\u00e1sy&#8220;.<\/em><\/p>\n<p><em>\u0160edes\u00e1tilet\u00fd Tim McCarthy, u\u010ditel z univerzitn\u00edho m\u011bsta Ripon, \u0159ekl, \u017ee je nad\u0161en\u00fd jak z toho, \u017ee Walze vid\u00ed, tak z toho, \u017ee je na shrom\u00e1\u017ed\u011bn\u00ed s &#8222;podobn\u011b sm\u00fd\u0161lej\u00edc\u00edmi lidmi&#8220;. &#8222;V severn\u00edm Wisconsinu je spousta konzervatismu, kter\u00e9ho se jen tak nezbav\u00edte,&#8220; \u0159ekl McCarthy. &#8222;Podpo\u0159\u00ed Trumpa, a\u0165 se d\u011bje, co se d\u011bje.&#8220; Domn\u00edval se v\u0161ak, \u017ee Walz se v jeho m\u011bst\u011b uchyt\u00ed a jeho kampa\u0148 se konzervativn\u011bj\u0161\u00edmi \u010d\u00e1stmi st\u00e1tu ani nemus\u00ed obt\u011b\u017eovat.<\/em><\/p>\n<p>Dost report\u00e1\u017ee, americk\u00e1 volebn\u00ed kampa\u0148 je docela s\u00edla, na kterou nejsme dosud dostate\u010dn\u011b vycvi\u010deni. Nicm\u00e9n\u011b z\u0159eteln\u00fd je fakt, \u017ee soci\u00e1ln\u00ed program progresivist\u016f, jak se kultivoval hluboko ve vnitrozem\u00ed mimo zdivo\u010del\u00e1 liber\u00e1ln\u00ed centra pob\u0159e\u017en\u00edch st\u00e1t\u016f, m\u016f\u017ee b\u00fdt mezi oby\u010dejn\u00fdmi lidmi v\u00a0Americe p\u0159ita\u017eliv\u00fd. Jen se o n\u011bm moc nev\u011bd\u011blo, m\u00e9dia m\u011bla jin\u00e9 priority.<\/p>\n<p>Pokou\u0161el jsem se zjistit n\u011bco podrobn\u011bj\u0161\u00edho tak\u00e9 o zahrani\u010dn\u011b-politick\u00e9m programu Harrisov\u00e9 a narazil jsem na rozbor rozd\u00edl\u016f mezi kandid\u00e1tkou na prezidenta Harrisovou a dosluhuj\u00edc\u00edm prezidentem Bidenem.<\/p>\n<p><a href=\"https:\/\/www.politico.com\/interactives\/2024\/kamala-harris-joe-biden-platforms\/\">https:\/\/www.politico.com\/interactives\/2024\/kamala-harris-joe-biden-platforms\/<\/a><\/p>\n<p>Zpracoval to docela podrobn\u011b list Politico, ale jedna v\u011bc pra\u0161t\u00ed do o\u010d\u00ed \u2013 nen\u00ed tam zm\u00ednka o Ukrajin\u011b. Harrisov\u00e1 zat\u00edm vystupovala loaj\u00e1ln\u011b s\u00a0B\u00edl\u00fdm domem. Rozd\u00edl m\u016f\u017ee b\u00fdt ve vztahu k\u00a0Izraeli, kde Harrisov\u00e1 otev\u0159en\u011b sympatizuje s\u00a0palestinsk\u00fdm obyvatelstvem v\u00a0p\u00e1smu Gaza, kter\u00e9 se ocitlo v\u00a0centru zni\u010duj\u00edc\u00ed v\u00e1lky. Je to v\u0161ak t\u00e9ma, ve kter\u00e9m je Demokratick\u00e1 strana rozd\u011blena, a t\u011bch kritick\u00fdch voli\u010d\u016f m\u016f\u017ee b\u00fdt v\u00edc.<\/p>\n<p>Zaj\u00edmav\u011bj\u0161\u00ed je p\u0159\u00edsp\u011bvek na webu European Council on Foreigh Relations, kter\u00fd si v\u0161\u00edm\u00e1 vlivu Tima Walze na p\u0159\u00edpadnou orientaci p\u0159\u00ed\u0161t\u00ed administrativy.<\/p>\n<p><a href=\"https:\/\/ecfr.eu\/article\/waltzing-in-what-harriss-running-mate-could-mean-for-us-foreign-policy\/\">https:\/\/ecfr.eu\/article\/waltzing-in-what-harriss-running-mate-could-mean-for-us-foreign-policy\/<\/a><\/p>\n<p>Soud\u00ed, \u017ee nov\u00e1 demokratick\u00e1 kandid\u00e1tka \u201evych\u00e1z\u00ed ze zku\u0161enost\u00ed americk\u00e9ho venkovsk\u00e9ho malom\u011bsta, je skeptick\u00e1 v\u016f\u010di vojensk\u00fdm intervenc\u00edm a zam\u011b\u0159uje se na pos\u00edlen\u00ed hlasu pracuj\u00edc\u00ed a st\u0159edn\u00ed t\u0159\u00eddy.\u201c Pokud by ne\u0161lo jen o prvotn\u00ed dojem, li\u0161ila by se m\u00e9n\u011b od Donalda Trumpa, ne\u017e jsme si p\u016fvodn\u011b mysleli.<\/p>\n<p><em>\u201eWalz n\u011bkolikr\u00e1t vyj\u00e1d\u0159il podporu Ukrajin\u011b a je pravd\u011bpodobn\u00e9, \u017ee v\u00edt\u011bzstv\u00ed Demokrat\u016f by do zna\u010dn\u00e9 m\u00edry znamenalo kontinuitu s Bidenov\u00fdm p\u0159\u00edstupem ke konfliktu. Mezi voli\u010di je v\u0161ak popul\u00e1rn\u00ed skepse v\u016f\u010di Bidenov\u00fdm proklamac\u00edm o nekon\u010d\u00edc\u00ed pomoci Ukrajin\u011b. To v kombinaci s Walzovou histori\u00ed, kdy se stav\u011bl proti v\u00e1lk\u00e1m a podporoval diplomatick\u00e9 iniciativy, m\u016f\u017ee v\u00e9st Harrisovou k up\u0159ednostn\u011bn\u00ed vyjednan\u00e9ho v\u00fdsledku.<\/em><\/p>\n<p><em>Pokud jde o Gazu, Walz se shoduje s hlavn\u00edm demokratick\u00fdm proudem podporuj\u00edc\u00edm Izrael, ale v b\u0159eznu vyzval k &#8222;pracovn\u00edmu p\u0159\u00edm\u011b\u0159\u00ed&#8220;, \u010d\u00edm\u017e n\u00e1sledoval linii Harrisov\u00e9. Protiv\u00e1le\u010dn\u00e9 voli\u010de v prim\u00e1rk\u00e1ch ve sv\u00e9m st\u00e1t\u011b ozna\u010dil za &#8222;ob\u010dansky anga\u017eovan\u00e9&#8220;, \u010d\u00edm\u017e projevil ochotu pochopit jejich postoj a odklonil se od tvrd\u0161\u00ed linie proizraelsk\u00fdch demokrat\u016f.<\/em><\/p>\n<p><em>Walzovy n\u00e1zory na \u010c\u00ednu jsou pon\u011bkud komplikovan\u011bj\u0161\u00ed. K t\u00e9to zemi m\u00e1 \u00fazk\u00e9 osobn\u00ed vazby; rok u\u010dil angli\u010dtinu v Guangdongu a od t\u00e9 doby do \u010c\u00edny cestoval t\u00e9m\u011b\u0159 t\u0159icetkr\u00e1t, v\u010detn\u011b svatebn\u00ed cesty. B\u011bhem sv\u00e9ho p\u016fsoben\u00ed v Kongresu v\u0161ak Peking tak\u00e9 pok\u00e1ral, p\u016fsobil ve v\u00fdboru monitoruj\u00edc\u00edm poru\u0161ov\u00e1n\u00ed lidsk\u00fdch pr\u00e1v v \u010c\u00edn\u011b a v roce 2016 se setkal s dalajl\u00e1mou.\u201c<\/em><\/p>\n<p>A je\u0161t\u011b n\u011bco obecn\u011bj\u0161\u00edho:<\/p>\n<p><em>\u201eWalzova minulost m\u016f\u017ee pomoci z\u00edskat podporu nez\u00e1visl\u00fdch, nest\u00e1l\u00fdch a nerozhodnut\u00fdch voli\u010d\u016f. Jeho \u017eivotn\u00ed p\u0159\u00edb\u011bh je p\u0159esv\u011bd\u010div\u00fdm p\u0159\u00edb\u011bhem \u010dlov\u011bka, kter\u00fd se s\u00e1m vypracoval a z\u016fst\u00e1v\u00e1 zakotven v ka\u017edodenn\u00ed realit\u011b. Je to politik z d\u011blnick\u00e9ho prost\u0159ed\u00ed, kter\u00fd poch\u00e1z\u00ed z venkova, vojensk\u00fd veter\u00e1n, u\u010ditel na ve\u0159ejn\u00e9 \u0161kole, \u010dlen odbor\u016f, fotbalov\u00fd tren\u00e9r a prvn\u00ed kandid\u00e1t na kandid\u00e1tce demokrat\u016f od dob Jimmyho Cartera, kter\u00fd nevystudoval pr\u00e1va. Walz je skute\u010dn\u011b sp\u00ed\u0161e o zdrav\u00e9m rozumu a mor\u00e1ln\u00edch hodnot\u00e1ch ne\u017e o odborn\u00fdch znalostech, a takov\u00e1 m\u016f\u017ee b\u00fdt i jeho zahrani\u010dn\u00ed politika.\u201c<\/em><\/p>\n<p>\u017de by do\u0161lo na zdrav\u00fd rozum? To by byla hodn\u011b optimistick\u00e1 zpr\u00e1va.<\/p>\n<p><a href=\"https:\/\/vasevec.info\/vip-blogy\/miting-v-kukurici-zdravy-rozum\">Zbyn\u011bk Fiala<\/a><\/p>\n<p><img decoding=\"async\" loading=\"lazy\" class=\"alignnone size-medium wp-image-18520\" src=\"http:\/\/www.infokuryr.cz\/n\/wp-content\/uploads\/2022\/11\/zbynek-fiala-300x208.jpg\" alt=\"\" width=\"300\" height=\"208\" srcset=\"https:\/\/www.infokuryr.cz\/n\/wp-content\/uploads\/2022\/11\/zbynek-fiala-300x208.jpg 300w, https:\/\/www.infokuryr.cz\/n\/wp-content\/uploads\/2022\/11\/zbynek-fiala.jpg 318w\" sizes=\"(max-width: 300px) 100vw, 300px\" \/><\/p>\n<p>&nbsp;<\/p>\n","protected":false},"excerpt":{"rendered":"<p>Odchod Joe Bidena z prezidentsk\u00e9 kampan\u011b m\u016f\u017ee znamenat v\u011bt\u0161\u00ed zm\u011bnu, ne\u017e jsme \u010dekali. Kampa\u0148 Harrisov\u00e9&#8230;<\/p>\n","protected":false},"author":2,"featured_media":58638,"comment_status":"closed","ping_status":"closed","sticky":false,"template":"","format":"standard","meta":[],"categories":[6],"tags":[1042,4122,37,27],"_links":{"self":[{"href":"https:\/\/www.infokuryr.cz\/n\/wp-json\/wp\/v2\/posts\/59651"}],"collection":[{"href":"https:\/\/www.infokuryr.cz\/n\/wp-json\/wp\/v2\/posts"}],"about":[{"href":"https:\/\/www.infokuryr.cz\/n\/wp-json\/wp\/v2\/types\/post"}],"author":[{"embeddable":true,"href":"https:\/\/www.infokuryr.cz\/n\/wp-json\/wp\/v2\/users\/2"}],"replies":[{"embeddable":true,"href":"https:\/\/www.infokuryr.cz\/n\/wp-json\/wp\/v2\/comments?post=59651"}],"version-history":[{"count":0,"href":"https:\/\/www.infokuryr.cz\/n\/wp-json\/wp\/v2\/posts\/59651\/revisions"}],"wp:featuredmedia":[{"embeddable":true,"href":"https:\/\/www.infokuryr.cz\/n\/wp-json\/wp\/v2\/media\/58638"}],"wp:attachment":[{"href":"https:\/\/www.infokuryr.cz\/n\/wp-json\/wp\/v2\/media?parent=59651"}],"wp:term":[{"taxonomy":"category","embeddable":true,"href":"https:\/\/www.infokuryr.cz\/n\/wp-json\/wp\/v2\/categories?post=59651"},{"taxonomy":"post_tag","embeddable":true,"href":"https:\/\/www.infokuryr.cz\/n\/wp-json\/wp\/v2\/tags?post=59651"}],"curies":[{"name":"wp","href":"https:\/\/api.w.org\/{rel}","templated":true}]}}