{"id":5963,"date":"2021-11-06T03:29:38","date_gmt":"2021-11-06T02:29:38","guid":{"rendered":"http:\/\/www.infokuryr.cz\/n\/?p=5963"},"modified":"2021-11-06T03:29:38","modified_gmt":"2021-11-06T02:29:38","slug":"prezidentuv-rozhovor-na-radiu-frekvence-1","status":"publish","type":"post","link":"https:\/\/www.infokuryr.cz\/n\/2021\/11\/06\/prezidentuv-rozhovor-na-radiu-frekvence-1\/","title":{"rendered":"Prezident\u016fv rozhovor na radiu Frekvence 1"},"content":{"rendered":"<div id=\"fb-root\"><\/div>\n<div class=\"perex\">Prezident Zeman um\u00ed v\u017edy p\u0159ekvapit. I tentokr\u00e1t p\u0159ekvapil nejen ve\u0159ejnost, ale tak\u00e9 \u010dleny l\u00e9ka\u0159sk\u00e9ho konsilia. Mluvil souvisle, bez zadrh\u00e1v\u00e1n\u00ed, logicky, prost\u011b bylo vid\u011bt, \u017ee se mu vrac\u00ed forma.<\/div>\n<div class=\"content\">\n<p>Tento optimistick\u00fd pohled na prezidentovo zdrav\u00ed pon\u011bkud korigovali \u010dlenov\u00e9 l\u00e9ka\u0159sk\u00e9ho konsilia, kter\u00e9 vytvo\u0159il \u0159editel \u00daVN, profesor Zavoral.<\/p>\n<p>Nemysl\u00edm ale, \u017ee je to v\u00a0pohledu na zdrav\u00ed prezidenta n\u011bco, co by br\u00e1nilo alespo\u0148 \u010d\u00e1ste\u010dn\u00e9mu v\u00fdkonu prezidentov\u00fdch pracovn\u00edch povinnost\u00ed. Konec konc\u016f ka\u017ed\u00e9mu z\u00a0n\u00e1s se stane, \u017ee je v\u00a0rekonvalescenci, nebo se m\u016f\u017ee st\u00e1t, \u017ee je n\u011bjak\u00fd \u010das v\u00a0nemocnici, nap\u0159. po operaci a samoz\u0159ejm\u011b si pak jeho pracovn\u00ed zapojen\u00ed do pln\u00e9 z\u00e1t\u011b\u017ee vy\u017e\u00e1d\u00e1 jist\u00fd \u010das.<\/p>\n<p>Tento server byl jedn\u00edm z\u00a0m\u00e1la m\u00e9di\u00ed, kter\u00e1 se nezapojila do front\u00e1ln\u00edho \u00fatoku na prezidenta a jeho bezprost\u0159edn\u00ed okol\u00ed p\u0159ed t\u0159emi t\u00fddny, kolem 10. \u0159\u00edjna, kdy do\u0161lo k\u00a0prezidentov\u011b hospitalizaci.<\/p>\n<p>Je dob\u0159e, \u017ee l\u00edd\u0159i pravice, mo\u017en\u00e1 neradi, ale pochopili, \u017ee aktivace \u010dl\u00e1nku 66 \u00dastavy v\u016f\u010di prezidentovi by jim p\u0159inesla v\u00edce probl\u00e9m\u016f ne\u017e u\u017eitku.<\/p>\n<p>Zkr\u00e1tka prezident se vrac\u00ed a je z\u0159ejm\u00e9, \u017ee proces jmenov\u00e1n\u00ed nov\u00e9ho premi\u00e9ra za prezidentovy \u00fa\u010dasti bude zcela legitimn\u00ed.<\/p>\n<p>Osobn\u011b si mysl\u00edm, \u017ee prezident, jakmile dostane od designovan\u00e9ho premi\u00e9ra n\u00e1vrhy jmen \u010dlen\u016f nov\u00e9 vl\u00e1dy, n\u011bkter\u00e1 jm\u00e9na prost\u011b nebude akceptovat. Je dobr\u00e9, aby s\u00a0t\u00edm budouc\u00ed premi\u00e9r Fiala po\u010d\u00edtal. Mo\u017en\u00e1, \u017ee si v\u00a0p\u0159\u00edpad\u011b n\u011bkter\u00fdch jmen ministr\u016f, kter\u00e1 bude prezident zpochyb\u0148ovat a kter\u00e1 se pak neobjev\u00ed v nov\u00e9 vl\u00e1d\u011b i s\u00e1m profesor Fiala oddychne.<\/p>\n<\/div>\n<p><a href=\"http:\/\/vasevec.parlamentnilisty.cz\/komentare\/prezidentuv-rozhovor-na-radiu-frekvence-1\">Ji\u0159\u00ed Paroubek<\/a><\/p>\n<p><img decoding=\"async\" loading=\"lazy\" class=\"alignnone size-medium wp-image-2342\" src=\"http:\/\/www.infokuryr.cz\/n\/wp-content\/uploads\/2021\/06\/paroubek-300x208.jpg\" alt=\"\" width=\"300\" height=\"208\" srcset=\"https:\/\/www.infokuryr.cz\/n\/wp-content\/uploads\/2021\/06\/paroubek-300x208.jpg 300w, https:\/\/www.infokuryr.cz\/n\/wp-content\/uploads\/2021\/06\/paroubek.jpg 318w\" sizes=\"(max-width: 300px) 100vw, 300px\" \/><\/p>\n<p>&nbsp;<\/p>\n<p>&nbsp;<\/p>\n","protected":false},"excerpt":{"rendered":"<p>Prezident Zeman um\u00ed v\u017edy p\u0159ekvapit. I tentokr\u00e1t p\u0159ekvapil nejen ve\u0159ejnost, ale tak\u00e9 \u010dleny l\u00e9ka\u0159sk\u00e9ho konsilia&#8230;.<\/p>\n","protected":false},"author":2,"featured_media":962,"comment_status":"closed","ping_status":"closed","sticky":false,"template":"","format":"standard","meta":[],"categories":[6],"tags":[392,1426,535,99],"_links":{"self":[{"href":"https:\/\/www.infokuryr.cz\/n\/wp-json\/wp\/v2\/posts\/5963"}],"collection":[{"href":"https:\/\/www.infokuryr.cz\/n\/wp-json\/wp\/v2\/posts"}],"about":[{"href":"https:\/\/www.infokuryr.cz\/n\/wp-json\/wp\/v2\/types\/post"}],"author":[{"embeddable":true,"href":"https:\/\/www.infokuryr.cz\/n\/wp-json\/wp\/v2\/users\/2"}],"replies":[{"embeddable":true,"href":"https:\/\/www.infokuryr.cz\/n\/wp-json\/wp\/v2\/comments?post=5963"}],"version-history":[{"count":0,"href":"https:\/\/www.infokuryr.cz\/n\/wp-json\/wp\/v2\/posts\/5963\/revisions"}],"wp:featuredmedia":[{"embeddable":true,"href":"https:\/\/www.infokuryr.cz\/n\/wp-json\/wp\/v2\/media\/962"}],"wp:attachment":[{"href":"https:\/\/www.infokuryr.cz\/n\/wp-json\/wp\/v2\/media?parent=5963"}],"wp:term":[{"taxonomy":"category","embeddable":true,"href":"https:\/\/www.infokuryr.cz\/n\/wp-json\/wp\/v2\/categories?post=5963"},{"taxonomy":"post_tag","embeddable":true,"href":"https:\/\/www.infokuryr.cz\/n\/wp-json\/wp\/v2\/tags?post=5963"}],"curies":[{"name":"wp","href":"https:\/\/api.w.org\/{rel}","templated":true}]}}