{"id":59530,"date":"2024-08-09T00:36:55","date_gmt":"2024-08-08T22:36:55","guid":{"rendered":"https:\/\/www.infokuryr.cz\/n\/?p=59530"},"modified":"2024-08-08T15:07:05","modified_gmt":"2024-08-08T13:07:05","slug":"spanelska-policejni-federace-vyzyva-k-nalehavym-opatrenim","status":"publish","type":"post","link":"https:\/\/www.infokuryr.cz\/n\/2024\/08\/09\/spanelska-policejni-federace-vyzyva-k-nalehavym-opatrenim\/","title":{"rendered":"\u0160pan\u011blsk\u00e1 policejn\u00ed federace vyz\u00fdv\u00e1 k nal\u00e9hav\u00fdm opat\u0159en\u00edm &#8230;"},"content":{"rendered":"<div id=\"fb-root\"><\/div>\n<h2 class=\"s-title fw-headline\"><span>&#8230;proto\u017ee madridsk\u00e9 leti\u0161t\u011b je po n\u00e1r\u016fstu po\u010dtu maurit\u00e1nsk\u00fdch ob\u010dan\u016f p\u0159esyceno migranty<\/span><\/h2>\n<h3 class=\"s-tagline fw-tagline\"><span>Neleg\u00e1ln\u00ed migranti zaplnili vyhrazen\u00e1 z\u00e1chytn\u00e1 m\u00edsta na madridsk\u00e9m leti\u0161ti kv\u016fli 350procentn\u00edmu n\u00e1r\u016fstu maurit\u00e1nsk\u00fdch st\u00e1tn\u00edch p\u0159\u00edslu\u0161n\u00edk\u016f, z nich\u017e v\u011bt\u0161inu tvo\u0159\u00ed mu\u017ei mlad\u0161\u00ed 30 let, kte\u0159\u00ed \u017e\u00e1daj\u00ed o azyl.<\/span><\/h3>\n<p><span>Madridsk\u00e9mu leti\u0161ti doch\u00e1z\u00ed m\u00edsto ve vyhrazen\u00fdch prostorech pro zadr\u017eov\u00e1n\u00ed neleg\u00e1ln\u00edch migrant\u016f kv\u016fli n\u00e1r\u016fstu nov\u011b p\u0159\u00edchoz\u00edch v posledn\u00edch t\u00fddnech, varovala \u0161pan\u011blsk\u00e1 policejn\u00ed federace (CEP).<\/span><\/p>\n<p><span>Organizace uvedla, \u017ee velk\u00fd po\u010det maurit\u00e1nsk\u00fdch st\u00e1tn\u00edch p\u0159\u00edslu\u0161n\u00edk\u016f opou\u0161t\u011bj\u00edc\u00edch Maroko je v\u00fdzvou, kter\u00e9 v sou\u010dasnosti \u010del\u00ed pohrani\u010dn\u00edci. Zd\u00e1 se, \u017ee mnoho migrant\u016f bez doklad\u016f p\u0159ist\u00e1v\u00e1 ve \u0160pan\u011blsku, zahazuje sv\u00e9 pasy a \u017e\u00e1d\u00e1 o azyl.<\/span><\/p>\n<p><span>\u0160pan\u011blsk\u00e1 policie uvedla, \u017ee situace za\u010dala b\u00fdt znepokojiv\u00e1 na konci \u010dervna, kdy se p\u0159\u00edjezdy Maurit\u00e1nc\u016f zv\u00fd\u0161ily o 350 procent ve srovn\u00e1n\u00ed s p\u0159edchoz\u00edm m\u011bs\u00edcem.<\/span><\/p>\n<p><span>Dodali, \u017ee v\u011bt\u0161ina p\u0159\u00edchoz\u00edch jsou mu\u017ei mlad\u0161\u00ed 30 let. Jsou tak\u00e9 n\u011bkte\u0159\u00ed, kte\u0159\u00ed tvrd\u00ed, \u017ee jsou nezletil\u00ed, v nad\u011bji, \u017ee to urychl\u00ed vy\u0159izov\u00e1n\u00ed jejich \u017e\u00e1dost\u00ed o azyl.<\/span><\/p>\n<p><span>Policejn\u00ed odborov\u00e1 organizace \u017e\u00e1d\u00e1 \u0161pan\u011blsk\u00e9 ministerstvo vnitra, aby situaci okam\u017eit\u011b vy\u0159e\u0161ilo, proto\u017ee na leti\u0161t\u011b Barajas v sou\u010dasnosti denn\u011b p\u0159il\u00e9t\u00e1 140 a\u017e 170 neleg\u00e1ln\u00edch p\u0159ist\u011bhovalc\u016f, kte\u0159\u00ed \u010dekaj\u00ed v p\u0159ij\u00edmac\u00edch m\u00edstnostech.<\/span><\/p>\n<p><span>\u00da\u0159ad tak\u00e9 po\u017eaduje, aby \u0161pan\u011blsk\u00e1 vl\u00e1da podnikla kroky k zaji\u0161t\u011bn\u00ed toho, \u017ee lety, kter\u00fdmi tito lid\u00e9 p\u0159il\u00e9taj\u00ed, spl\u0148uj\u00ed pravidla t\u00fdkaj\u00edc\u00ed se bezpe\u010dnostn\u00edch kontrol; to se prokazateln\u011b ned\u011bje, proto\u017ee v\u011bt\u0161ina Afri\u010dan\u016f nem\u00e1 ani tranzitn\u00ed v\u00edza, bez kter\u00fdch by nemohli odlet\u011bt.<\/span><\/p>\n<p><span>Policist\u00e9 na leti\u0161ti se domn\u00edvaj\u00ed, \u017ee maurit\u00e1nsk\u00e9 lety jsou stejn\u011b d\u00edlem migruj\u00edc\u00ed mafie jako vstupy na voln\u00e9 vody, p\u0159i\u010dem\u017e hlavn\u00edm c\u00edlem jsou Kan\u00e1rsk\u00e9 ostrovy.<\/span><\/p>\n<p><span>\u201eJak ministerstvo vnitra, tak ministerstvo zahrani\u010d\u00ed, stejn\u011b jako Evropsk\u00e1 unie, mus\u00ed p\u0159ijmout nal\u00e9hav\u00e1 opat\u0159en\u00ed k zastaven\u00ed p\u0159\u00edlivu neleg\u00e1ln\u00edch migrant\u016f, ne\u017e se stane z\u00e1va\u017en\u011bj\u0161\u00edm probl\u00e9mem,\u201c napsala policejn\u00ed federace v prohl\u00e1\u0161en\u00ed.<\/span><\/p>\n<p><span>&#8222;Syst\u00e9m pro \u017eadatele o azyl na leti\u0161t\u00edch mus\u00ed b\u00fdt zabr\u00e1n\u011bno kolapsu,&#8220; dodal.<\/span><\/p>\n<p><img decoding=\"async\" loading=\"lazy\" class=\"alignnone size-full wp-image-1185\" src=\"http:\/\/www.infokuryr.cz\/n\/wp-content\/uploads\/2021\/04\/kuryr-podpis.png\" alt=\"\" width=\"84\" height=\"24\" \/><\/p>\n<p>&nbsp;<\/p>\n","protected":false},"excerpt":{"rendered":"<p>&#8230;proto\u017ee madridsk\u00e9 leti\u0161t\u011b je po n\u00e1r\u016fstu po\u010dtu maurit\u00e1nsk\u00fdch ob\u010dan\u016f p\u0159esyceno migranty Neleg\u00e1ln\u00ed migranti zaplnili vyhrazen\u00e1&#8230;<\/p>\n","protected":false},"author":2,"featured_media":59531,"comment_status":"closed","ping_status":"closed","sticky":false,"template":"","format":"standard","meta":[],"categories":[7],"tags":[119,806,440],"_links":{"self":[{"href":"https:\/\/www.infokuryr.cz\/n\/wp-json\/wp\/v2\/posts\/59530"}],"collection":[{"href":"https:\/\/www.infokuryr.cz\/n\/wp-json\/wp\/v2\/posts"}],"about":[{"href":"https:\/\/www.infokuryr.cz\/n\/wp-json\/wp\/v2\/types\/post"}],"author":[{"embeddable":true,"href":"https:\/\/www.infokuryr.cz\/n\/wp-json\/wp\/v2\/users\/2"}],"replies":[{"embeddable":true,"href":"https:\/\/www.infokuryr.cz\/n\/wp-json\/wp\/v2\/comments?post=59530"}],"version-history":[{"count":0,"href":"https:\/\/www.infokuryr.cz\/n\/wp-json\/wp\/v2\/posts\/59530\/revisions"}],"wp:featuredmedia":[{"embeddable":true,"href":"https:\/\/www.infokuryr.cz\/n\/wp-json\/wp\/v2\/media\/59531"}],"wp:attachment":[{"href":"https:\/\/www.infokuryr.cz\/n\/wp-json\/wp\/v2\/media?parent=59530"}],"wp:term":[{"taxonomy":"category","embeddable":true,"href":"https:\/\/www.infokuryr.cz\/n\/wp-json\/wp\/v2\/categories?post=59530"},{"taxonomy":"post_tag","embeddable":true,"href":"https:\/\/www.infokuryr.cz\/n\/wp-json\/wp\/v2\/tags?post=59530"}],"curies":[{"name":"wp","href":"https:\/\/api.w.org\/{rel}","templated":true}]}}