{"id":59452,"date":"2024-08-07T05:25:33","date_gmt":"2024-08-07T03:25:33","guid":{"rendered":"https:\/\/www.infokuryr.cz\/n\/?p=59452"},"modified":"2024-08-07T05:25:33","modified_gmt":"2024-08-07T03:25:33","slug":"mexiko-pozvalo-putina-na-inauguraci-prvni-prezidentky-zeme","status":"publish","type":"post","link":"https:\/\/www.infokuryr.cz\/n\/2024\/08\/07\/mexiko-pozvalo-putina-na-inauguraci-prvni-prezidentky-zeme\/","title":{"rendered":"Mexiko pozvalo Putina na inauguraci prvn\u00ed prezidentky zem\u011b"},"content":{"rendered":"<div id=\"fb-root\"><\/div>\n<p class=\"lead\"><strong>Rusk\u00e9mu prezidentovi Vladimiru Putinovi bylo zasl\u00e1no pozv\u00e1n\u00ed na inauguraci nov\u00e9ho v\u016fdce Mexika Claudie Sheinbaumov\u00e9, kter\u00e1 se uskute\u010dn\u00ed 1. \u0159\u00edjna, uv\u00e1d\u00ed list Izvestija s\u00a0<a href=\"https:\/\/iz.ru\/\" target=\"_blank\" rel=\"noopener\">odvol\u00e1n\u00edm na<\/a>\u00a0velvyslanectv\u00ed obou zem\u00ed.<\/strong><\/p>\n<p><span>Jak diplomatick\u00e1 mise up\u0159esnila, Putin se zat\u00edm nerozhodl, zda se ceremoni\u00e1lu z\u00fa\u010dastn\u00ed s\u00e1m, nebo vy\u0161le jin\u00e9ho vysoce postaven\u00e9ho \u00fa\u0159edn\u00edka, aby se z\u00fa\u010dastnil jeho jm\u00e9nem.<\/span><\/p>\n<p><span>Claudia Sheinbaum se voleb z\u00fa\u010dastnila jako kandid\u00e1tka vl\u00e1dnouc\u00ed strany Morena (N\u00e1rodn\u00ed renesan\u010dn\u00ed hnut\u00ed). Sheinbaum vyhr\u00e1la, t\u00e9m\u011b\u0159 dvakr\u00e1t rychleji ne\u017e jej\u00ed soupe\u0159, opozi\u010dn\u00ed kandid\u00e1t\u00a0<\/span><strong><span>Xochitl Galvez<\/span><\/strong><span> .<\/span><\/p>\n<p><span>Sheinbaumov\u00e1 se stala prvn\u00ed prezidentkou v historii zem\u011b. Vystudovala fyziku a m\u00e1 doktor\u00e1t. V roce 2007 spolup\u0159eb\u00edrala Nobelovu cenu m\u00edru za pr\u00e1ci v Mezivl\u00e1dn\u00edm panelu OSN pro zm\u011bnu klimatu. V roce 2018 byla Sheinbaumov\u00e1 zvolena starostkou Mexico City.<\/span><\/p>\n<p><span>Putin poblahop\u0159\u00e1l Sheinbaumov\u00e9 k v\u00edt\u011bzstv\u00ed v mexick\u00fdch prezidentsk\u00fdch volb\u00e1ch. Nazval zemi \u201etradi\u010dn\u011b p\u0159\u00e1telsk\u00fdm partnerem Ruska\u201c v regionu Latinsk\u00e9 Ameriky, objas\u0148uje RBC.<\/span><\/p>\n<p><img decoding=\"async\" loading=\"lazy\" class=\"alignnone size-full wp-image-1185\" src=\"http:\/\/www.infokuryr.cz\/n\/wp-content\/uploads\/2021\/04\/kuryr-podpis.png\" alt=\"\" width=\"84\" height=\"24\" \/><\/p>\n<p>&nbsp;<\/p>\n","protected":false},"excerpt":{"rendered":"<p>Rusk\u00e9mu prezidentovi Vladimiru Putinovi bylo zasl\u00e1no pozv\u00e1n\u00ed na inauguraci nov\u00e9ho v\u016fdce Mexika Claudie Sheinbaumov\u00e9, kter\u00e1&#8230;<\/p>\n","protected":false},"author":2,"featured_media":59453,"comment_status":"closed","ping_status":"closed","sticky":false,"template":"","format":"standard","meta":[],"categories":[7],"tags":[4558,396,4767,2867,102],"_links":{"self":[{"href":"https:\/\/www.infokuryr.cz\/n\/wp-json\/wp\/v2\/posts\/59452"}],"collection":[{"href":"https:\/\/www.infokuryr.cz\/n\/wp-json\/wp\/v2\/posts"}],"about":[{"href":"https:\/\/www.infokuryr.cz\/n\/wp-json\/wp\/v2\/types\/post"}],"author":[{"embeddable":true,"href":"https:\/\/www.infokuryr.cz\/n\/wp-json\/wp\/v2\/users\/2"}],"replies":[{"embeddable":true,"href":"https:\/\/www.infokuryr.cz\/n\/wp-json\/wp\/v2\/comments?post=59452"}],"version-history":[{"count":0,"href":"https:\/\/www.infokuryr.cz\/n\/wp-json\/wp\/v2\/posts\/59452\/revisions"}],"wp:featuredmedia":[{"embeddable":true,"href":"https:\/\/www.infokuryr.cz\/n\/wp-json\/wp\/v2\/media\/59453"}],"wp:attachment":[{"href":"https:\/\/www.infokuryr.cz\/n\/wp-json\/wp\/v2\/media?parent=59452"}],"wp:term":[{"taxonomy":"category","embeddable":true,"href":"https:\/\/www.infokuryr.cz\/n\/wp-json\/wp\/v2\/categories?post=59452"},{"taxonomy":"post_tag","embeddable":true,"href":"https:\/\/www.infokuryr.cz\/n\/wp-json\/wp\/v2\/tags?post=59452"}],"curies":[{"name":"wp","href":"https:\/\/api.w.org\/{rel}","templated":true}]}}