{"id":59445,"date":"2024-08-07T04:41:55","date_gmt":"2024-08-07T02:41:55","guid":{"rendered":"https:\/\/www.infokuryr.cz\/n\/?p=59445"},"modified":"2024-08-07T04:41:55","modified_gmt":"2024-08-07T02:41:55","slug":"agenda-osn-ohledne-klimatickych-zmen-nema-za-ukol-zachranit-planetu-ale-zabit-vas","status":"publish","type":"post","link":"https:\/\/www.infokuryr.cz\/n\/2024\/08\/07\/agenda-osn-ohledne-klimatickych-zmen-nema-za-ukol-zachranit-planetu-ale-zabit-vas\/","title":{"rendered":"Agenda OSN ohledn\u011b klimatick\u00fdch zm\u011bn nem\u00e1 za \u00fakol \u201ezachr\u00e1nit planetu\u201c, ale zab\u00edt v\u00e1s"},"content":{"rendered":"<div id=\"fb-root\"><\/div>\n<p><strong>Pr\u00e1vo na potraviny, pojem zakotven\u00fd v mezin\u00e1rodn\u00edm pr\u00e1vu jako z\u00e1kladn\u00ed lidsk\u00e9 pr\u00e1vo, je ji\u017e dlouho z\u00e1kladn\u00edm kamenem politiky Organizace spojen\u00fdch n\u00e1rod\u016f (OSN).<\/strong><\/p>\n<p><span>Lidsk\u00e9 pr\u00e1vo na potraviny bylo form\u00e1ln\u011b uzn\u00e1no ve V\u0161eobecn\u00e9 deklaraci lidsk\u00fdch pr\u00e1v v roce 1948 av Mezin\u00e1rodn\u00edm paktu o hospod\u00e1\u0159sk\u00fdch, soci\u00e1ln\u00edch a kulturn\u00edch pr\u00e1vech (ICESCR) v roce 1966.<\/span><\/p>\n<p><span>Vl\u00e1dy se kdysi se\u0161li, aby zajistily pr\u00e1vo na p\u0159im\u011b\u0159enou \u017eivotn\u00ed \u00farove\u0148 v\u010detn\u011b dostatku j\u00eddla a po\u017eadovaly od st\u00e1t\u016f, aby p\u0159ijaly opat\u0159en\u00ed k zaji\u0161t\u011bn\u00ed tohoto pr\u00e1va.<\/span><\/p>\n<p><span>Organizace spojen\u00fdch n\u00e1rod\u016f a dal\u0161\u00ed mezivl\u00e1dn\u00ed org\u00e1ny v\u0161ak dnes p\u0159ij\u00edmaj\u00ed politiky, kter\u00e9 ohro\u017euj\u00ed zem\u011bd\u011blskou \u010dinnost a zt\u011b\u017euj\u00ed p\u011bstov\u00e1n\u00ed potravin, p\u0159i\u010dem\u017e omezuj\u00ed p\u0159\u00edstup ke kulturn\u011b p\u0159im\u011b\u0159en\u00fdm potravin\u00e1m a zvy\u0161uj\u00ed cenu ur\u010dit\u00fdch potravin, kter\u00e9 nejsou \u201eudr\u017eiteln\u00e9\u201c v o\u010d\u00edch elity.<\/span><\/p>\n<h2><span>P\u016fvodn\u00ed humanit\u00e1rn\u00ed z\u00e1m\u011br OSN nahrazuje ostudn\u00e1 klimatick\u00e1 agenda<\/span><\/h2>\n<p><span>Organizace pro v\u00fd\u017eivu a zem\u011bd\u011blstv\u00ed (FAO), zalo\u017een\u00e1 v roce 1945, byla vytvo\u0159ena s c\u00edlem zajistit glob\u00e1ln\u00ed potravinovou bezpe\u010dnost s mottem \u201eFiat panis\u201c (A\u0165 je chl\u00e9b), kter\u00e9 odr\u00e1\u017e\u00ed jej\u00ed posl\u00e1n\u00ed.<\/span><\/p>\n<p><span>Organizace FAO se s\u00eddlem v \u0158\u00edm\u011b, zahrnuj\u00edc\u00ed 195 \u010dlensk\u00fdch st\u00e1t\u016f, hraje kl\u00ed\u010dovou roli p\u0159i podpo\u0159e zem\u011bd\u011blsk\u00fdch postup\u016f a \u0159e\u0161en\u00ed potravinov\u00e9 nejistoty. Kl\u00ed\u010dov\u00e1 role FAO v 60. a 70. letech 20. stolet\u00ed byla \u201eZelen\u00e1 revoluce\u201c, kter\u00e1 v\u00fdrazn\u011b podpo\u0159ila glob\u00e1ln\u00ed produkci potravin, zejm\u00e9na v Asii a Latinsk\u00e9 Americe.<\/span><\/p>\n<p><span>Environment\u00e1ln\u00ed n\u00e1klady t\u00e9to \u00e9ry, jako jsou zne\u010di\u0161t\u011bn\u00ed p\u016fdy a v\u00fdskyt odoln\u00fdch \u0161k\u016fdc\u016f, v\u0161ak zv\u00fdraz\u0148uj\u00ed slo\u017eit\u00e9 kompromisy, kter\u00e9 jsou sou\u010d\u00e1st\u00ed procesu zaji\u0161\u0165ov\u00e1n\u00ed potravinov\u00e9 bezpe\u010dnosti.<\/span><\/p>\n<p><span>Organizace spojen\u00fdch n\u00e1rod\u016f, historicky zam\u011b\u0159en\u00e1 na zm\u00edr\u0148ov\u00e1n\u00ed potravinov\u00e9 nejistoty v zem\u00edch s n\u00edzk\u00fdmi a st\u0159edn\u00edmi p\u0159\u00edjmy, v sou\u010dasnosti systematicky ni\u010d\u00ed pr\u00e1vo na potraviny p\u0159ij\u00edm\u00e1n\u00edm \u0161kodliv\u00fdch politik v oblasti zm\u011bny klimatu, kter\u00e9 ohro\u017euj\u00ed v\u00fdrobu potravin, hnojiv a energie na cel\u00e9m sv\u011bt\u011b.<\/span><\/p>\n<p><span>Z t\u011bchto d\u016fvod\u016f je dne\u0161n\u00ed OSN navr\u017eena tak, aby zt\u00ed\u017eila p\u0159\u00edstup k potravin\u00e1m a z\u00e1rove\u0148 pomalu zab\u00edjela sv\u011btovou populaci prost\u0159ednictv\u00edm hladu a podv\u00fd\u017eivy (az n\u00ed vypl\u00fdvaj\u00edc\u00edch chorob).<\/span><\/p>\n<h2><span>Program OSN v oblasti klimatick\u00fdch zm\u011bn ohro\u017euje potravinovou bezpe\u010dnost na cel\u00e9m sv\u011bt\u011b<\/span><\/h2>\n<p><span>Klimatick\u00e1 agenda OSN, zejm\u00e9na po R\u00e1mcov\u00e9 \u00famluv\u011b OSN o zm\u011bn\u011b klimatu z roku 1992, st\u00e1le v\u00edce ovliv\u0148ovala potravinovou politiku a zvy\u0161ovala ceny energi\u00ed, hnojiv, masa av kone\u010dn\u00e9m d\u016fsledku i ceny potravin.<\/span><\/p>\n<p><span>D\u016fraz na monokultury a sni\u017eov\u00e1n\u00ed emis\u00ed sklen\u00edkov\u00fdch plyn\u016f ze zem\u011bd\u011blstv\u00ed vedl k politik\u00e1m, kter\u00e9 omezuj\u00ed rozmanitost a dostupnost potravin, co\u017e ovliv\u0148uje zejm\u00e9na tradi\u010dn\u00ed stravov\u00e1n\u00ed.<\/span><\/p>\n<p><span>Kontroverzn\u011bj\u0161\u00edm aspektem potravinov\u00e9 politiky OSN je propagace \u201eudr\u017eiteln\u00e9 zdrav\u00e9 v\u00fd\u017eivy\u201c ze strany FAO a WHO. Tyto pokyny, poh\u00e1n\u011bn\u00e9 glob\u00e1ln\u00ed agendou klimatick\u00fdch zm\u011bn, obhajuj\u00ed ur\u010dit\u00e9 typy rostlinn\u00e9 stravy a z\u00e1rove\u0148 odrazuj\u00ed od konzumace masa, ml\u00e9\u010dn\u00fdch v\u00fdrobk\u016f a jin\u00fdch \u017eivo\u010di\u0161n\u00fdch produkt\u016f.<\/span><\/p>\n<p><span>FAO a WHO up\u0159ednost\u0148uj\u00ed dietn\u00ed pokyny, kter\u00e9 sni\u017euj\u00ed emise CO2 z v\u00fdroby potravin. Tento p\u0159\u00edstup odr\u00e1\u017e\u00ed formu kulturn\u00edho kolonialismu, kter\u00fd vnucuje programy klimatick\u00fdch zm\u011bn r\u016fzn\u00fdm glob\u00e1ln\u00edm populac\u00edm, kter\u00e9 maj\u00ed dlouhotrvaj\u00edc\u00ed tradice v oblasti stravov\u00e1n\u00ed.<\/span><\/p>\n<p><span>Takov\u00e9 politiky v oblasti zm\u011bny klimatu podkop\u00e1vaj\u00ed m\u00edstn\u00ed stravovac\u00ed postupy a pr\u00e1vo na kulturn\u011b vhodnou stravu. Zaveden\u00ed uveden\u00fdch pokyn\u016f nezohled\u0148uje historick\u00fd ani kulturn\u00ed v\u00fdznam tradi\u010dn\u00ed stravy a ne\u0159e\u0161\u00ed nutri\u010dn\u00ed v\u00fdhody potravin \u017eivo\u010di\u0161n\u00e9ho p\u016fvodu.<\/span><\/p>\n<p><span>Aby toho nebylo m\u00e1lo, rostlinn\u00e1 strava, kter\u00e1 je vnucov\u00e1na r\u016fzn\u00fdm kultur\u00e1m sv\u011bta, je \u010dasto zalo\u017eena na monokulturn\u00edch zem\u011bd\u011blsk\u00fdch postupech a nezohled\u0148uje biologickou rozmanitost a v\u00fd\u017eivovou hodnotu p\u016fvodn\u00edch rostlin.<\/span><\/p>\n<p><span>Program OSN a Sv\u011btov\u00e9ho ekonomick\u00e9ho f\u00f3ra (WEF) v oblasti klimatick\u00fdch zm\u011bn tak\u00e9 p\u0159ipravuje p\u016fdu pro rozvoj syntetick\u00e9ho masa a potravin\u00e1\u0159sk\u00e9ho pr\u016fmyslu, kter\u00fd zahrne hmyz do potravin\u00e1\u0159sk\u00fdch v\u00fdrobk\u016f.<\/span><\/p>\n<h2><span>Podvody PCR testov\u00e1n\u00ed a lockdownov\u00e1 tyranie zhor\u0161ily hlad a podv\u00fd\u017eivu na cel\u00e9m sv\u011bt\u011b<\/span><\/h2>\n<p><span>FAO spolu s dal\u0161\u00edmi subjekty OSN monitoruje potravinovou bezpe\u010dnost prost\u0159ednictv\u00edm n\u00e1stroj\u016f jako je \u201eStav potravinov\u00e9 bezpe\u010dnosti a v\u00fd\u017eivy ve sv\u011bt\u011b\u201c (SOFI).<\/span><\/p>\n<p><span>Navzdory v\u00fdrazn\u00e9mu pokroku ve sni\u017eov\u00e1n\u00ed glob\u00e1ln\u00edho hladu p\u0159ed des\u00edtkami let vedla centralizace vl\u00e1dy a \u0161irok\u00e9 p\u0159ij\u00edm\u00e1n\u00ed tyransk\u00fdch n\u00e1vrh\u016f k nov\u00fdm v\u00fdzv\u00e1m. Jednou z nejnov\u011bj\u0161\u00edch v\u00fdzev jsou p\u0159edem napl\u00e1novan\u00e9 \u201epandemie\u201c, kter\u00e9 je\u0161t\u011b v\u00edce poh\u00e1n\u011bn\u00e9 podvody s PCR testov\u00e1n\u00edm.<\/span><\/p>\n<p><span>Masov\u00e9 pou\u017e\u00edv\u00e1n\u00ed\u00a0<\/span><a href=\"https:\/\/www.badatel.net\/odvolaci-sud-v-portugalsku-potvrdil-ze-pcr-testy-su-podvod-a-nedokazu-diagnostikovat-covid\/\"><span>PCR testov\u00e1n\u00ed<\/span><\/a><span>\u00a0na koronavirus vytvo\u0159ilo z\u00e1klad pro zav\u00e1d\u011bn\u00ed lockdown\u016f a dal\u0161\u00edch omezen\u00ed b\u011bhem skand\u00e1lu s Covidem-19. Tyto lockdowny v kone\u010dn\u00e9m d\u016fsledku p\u0159i\u0161krtily potravin\u00e1\u0159sk\u00fd pr\u016fmysl a ohrozily p\u0159\u00edle\u017eitosti pro lidi vyd\u011blat si na \u017eivobyt\u00ed a dovolit si koupit j\u00eddlo.<\/span><\/p>\n<p><span>Lockdowny, omezen\u00ed shroma\u017e\u010fov\u00e1n\u00ed a zasahov\u00e1n\u00ed do t\u011blesn\u00e9 autonomie (povinn\u00e9 o\u010dkov\u00e1n\u00ed) zv\u00fdraznily k\u0159ehkost glob\u00e1ln\u00edch potravinov\u00fdch syst\u00e9m\u016f, co\u017e vedlo k rozs\u00e1hl\u00fdm ztr\u00e1t\u00e1m pracovn\u00edch m\u00edst a sni\u017eov\u00e1n\u00ed p\u0159\u00edjm\u016f, p\u0159i\u010dem\u017e miliony lid\u00ed byly uvr\u017eeny do extr\u00e9mn\u00ed chudoby a hladu.<\/span><\/p>\n<p><span>Gener\u00e1ln\u00ed tajemn\u00edk OSN Antonio Guterres byl ve sv\u00e9m p\u0159\u00edstupu totalitn\u00ed, potla\u010doval lidskou \u010dinnost, kontroloval pohyb a chov\u00e1n\u00ed a diskriminoval \u201eneo\u010dkovan\u00e9\u201c, kter\u00e9 vytla\u010doval ze spole\u010dnosti.<\/span><\/p>\n<p><span>To v\u0161e vedlo k prohlouben\u00ed ekonomick\u00fdch obt\u00ed\u017e\u00ed a ztr\u00e1t\u011b p\u0159\u00edle\u017eitosti pro miliony lid\u00ed vyd\u011blat si na \u017eivobyt\u00ed.<\/span><\/p>\n<h2><span>Z\u00e1v\u011br<\/span><\/h2>\n<p><span>P\u0159edb\u011b\u017en\u00e1 hodnocen\u00ed odhaduj\u00ed, \u017ee lockdowny zv\u00fd\u0161ily po\u010det podvy\u017eiven\u00fdch jedinc\u016f na cel\u00e9m sv\u011bt\u011b o 83 a\u017e 132 milion\u016f lid\u00ed. Navzdory t\u011bmto z\u00e1va\u017en\u00fdm n\u00e1sledk\u016fm reakce OSN a jej\u00edch agentur v\u010detn\u011b FAO \u010dasto nedok\u00e1zala kriticky zhodnotit \u00falohu pandemick\u00fdch opat\u0159en\u00ed p\u0159i zhor\u0161ov\u00e1n\u00ed potravinov\u00e9 nejistoty a podv\u00fd\u017eivy, kter\u00e1 vedla k z\u00e1va\u017en\u00fdm onemocn\u011bn\u00edm.<\/span><\/p>\n<p><span>Lockdowny a jin\u00e1 omezen\u00ed maj\u00ed pokra\u010dovat pod z\u00e1minkou \u201ez\u00e1chrany planety\u201c p\u0159ed klimatick\u00fdmi zm\u011bnami.<\/span><\/p>\n<p><span>Z t\u011bchto d\u016fvod\u016f budou miliony dal\u0161\u00edch lid\u00ed vyhladov\u011bl\u00e9 a podvy\u017eiven\u00e9. To v\u0161e kv\u016fli totalitn\u00edm politik\u00e1m OSN, kter\u00e9 pod z\u00e1minkou \u201ez\u00e1chrany planety\u201c ve skute\u010dnosti vytv\u00e1\u0159ej\u00ed glob\u00e1ln\u00ed hladomor a nedostatek potravin.<\/span><\/p>\n<p><span>Autor: Lance D. Johnson, Zdroj:\u00a0<\/span><a href=\"https:\/\/www.naturalnews.com\/2024-08-05-un-climate-change-agenda-designed-starve-kill-you.html\" target=\"_blank\" rel=\"noopener\"><span>naturalnews.com<\/span><\/a><\/p>\n<p>&nbsp;<\/p>\n<p>&nbsp;<\/p>\n","protected":false},"excerpt":{"rendered":"<p>Pr\u00e1vo na potraviny, pojem zakotven\u00fd v mezin\u00e1rodn\u00edm pr\u00e1vu jako z\u00e1kladn\u00ed lidsk\u00e9 pr\u00e1vo, je ji\u017e dlouho&#8230;<\/p>\n","protected":false},"author":2,"featured_media":59446,"comment_status":"closed","ping_status":"closed","sticky":false,"template":"","format":"standard","meta":[],"categories":[7],"tags":[1384,186,750],"_links":{"self":[{"href":"https:\/\/www.infokuryr.cz\/n\/wp-json\/wp\/v2\/posts\/59445"}],"collection":[{"href":"https:\/\/www.infokuryr.cz\/n\/wp-json\/wp\/v2\/posts"}],"about":[{"href":"https:\/\/www.infokuryr.cz\/n\/wp-json\/wp\/v2\/types\/post"}],"author":[{"embeddable":true,"href":"https:\/\/www.infokuryr.cz\/n\/wp-json\/wp\/v2\/users\/2"}],"replies":[{"embeddable":true,"href":"https:\/\/www.infokuryr.cz\/n\/wp-json\/wp\/v2\/comments?post=59445"}],"version-history":[{"count":0,"href":"https:\/\/www.infokuryr.cz\/n\/wp-json\/wp\/v2\/posts\/59445\/revisions"}],"wp:featuredmedia":[{"embeddable":true,"href":"https:\/\/www.infokuryr.cz\/n\/wp-json\/wp\/v2\/media\/59446"}],"wp:attachment":[{"href":"https:\/\/www.infokuryr.cz\/n\/wp-json\/wp\/v2\/media?parent=59445"}],"wp:term":[{"taxonomy":"category","embeddable":true,"href":"https:\/\/www.infokuryr.cz\/n\/wp-json\/wp\/v2\/categories?post=59445"},{"taxonomy":"post_tag","embeddable":true,"href":"https:\/\/www.infokuryr.cz\/n\/wp-json\/wp\/v2\/tags?post=59445"}],"curies":[{"name":"wp","href":"https:\/\/api.w.org\/{rel}","templated":true}]}}