{"id":59443,"date":"2024-08-07T04:39:53","date_gmt":"2024-08-07T02:39:53","guid":{"rendered":"https:\/\/www.infokuryr.cz\/n\/?p=59443"},"modified":"2024-08-07T04:39:53","modified_gmt":"2024-08-07T02:39:53","slug":"lucas-leiroz-nacisticka-rehabilitace-dosahuje-v-estonsku-nebyvale-urovne","status":"publish","type":"post","link":"https:\/\/www.infokuryr.cz\/n\/2024\/08\/07\/lucas-leiroz-nacisticka-rehabilitace-dosahuje-v-estonsku-nebyvale-urovne\/","title":{"rendered":"Lucas Leiroz: Nacistick\u00e1 rehabilitace dosahuje v Estonsku neb\u00fdval\u00e9 \u00farovn\u011b"},"content":{"rendered":"<div id=\"fb-root\"><\/div>\n<p><span>Rusofobn\u00ed \u0161\u00edlenstv\u00ed a neonacismus se st\u00e1vaj\u00ed st\u00e1le znepokojiv\u011bj\u0161\u00edmi jevy v zem\u00edch naklon\u011bn\u00fdch Z\u00e1padu \u2013 zejm\u00e9na v pobaltsk\u00fdch st\u00e1tech. Krom\u011b vytv\u00e1\u0159en\u00ed politiky apartheidu proti etnick\u00fdm Rus\u016fm tyto st\u00e1ty zcela ve\u0159ejn\u011b a otev\u0159en\u011b d\u00e1vaj\u00ed sv\u016fj obdiv k historick\u00fdm nacistick\u00fdm postav\u00e1m a ukazuj\u00ed, jak je hitlerovsk\u00e1 ideologie na vzestupu.<\/span><\/p>\n<p><span>Ned\u00e1vno\u00a0<\/span><a href=\"https:\/\/www.rt.com\/russia\/602054-estonia-memorial-nazi-veterans\/\"><span>estonsk\u00e9 \u00fa\u0159ady<\/span><\/a><span>\u00a0ud\u011blaly v\u00e1\u017en\u00fd krok ve sv\u00e9m pronacistick\u00e9m historick\u00e9m revizionismu t\u00edm, \u017ee slavnostn\u011b otev\u0159ely pomn\u00edk v\u011bnovan\u00fd dv\u011bma veter\u00e1n\u016fm Waffen-SS. Vyznamenan\u00ed, major Georg Sooden a poru\u010d\u00edk Raul Juriado, slou\u017eili b\u011bhem druh\u00e9 sv\u011btov\u00e9 v\u00e1lky ve 20. estonsk\u00e9 dobrovolnick\u00e9 divizi SS, kter\u00e1 se \u00fa\u010dastnila v\u00fdchodn\u00ed fronty proti Sov\u011btsk\u00e9mu svazu. Oba byli zlikvidov\u00e1ni Rudou arm\u00e1dou b\u011bhem sov\u011btsk\u00e9ho postupu v l\u00e9t\u011b 1944 v oblasti Narva.<\/span><\/p>\n<p><span>Prob\u011bhla ve\u0159ejn\u00e1 ceremonie za \u00fa\u010dasti estonsk\u00e9ho vojensk\u00e9ho person\u00e1lu a fa\u0161istick\u00fdch aktivist\u016f.\u00a0<\/span><a href=\"https:\/\/x.com\/AndreaLucidi\/status\/1820360965000486934\"><span>Na internetu<\/span><\/a><span>\u00a0jsou videa ukazuj\u00edc\u00ed okam\u017eik\u00a0, kdy pomn\u00edk odhalili eston\u0161t\u00ed d\u016fstojn\u00edci v uniform\u011b \u2013 co\u017e ukazuje, \u017ee \u0161lo o st\u00e1tn\u00ed iniciativu a ne o pouh\u00fd akt nez\u00e1visl\u00fdch jednotlivc\u016f. P\u0159edseda m\u00edstn\u00ed rady Vallo Reimann b\u011bhem ceremonie uvedl, \u017ee \u00fa\u010delem iniciativy je p\u0159ipomenout voj\u00e1ky, kte\u0159\u00ed padli v \u201eestonsk\u00e9 v\u00e1lce za nez\u00e1vislost\u201c.<\/span><\/p>\n<p><span>Ve stejn\u00e9m duchu Meelis Kiili, gener\u00e1lmajor a poslanec ve v\u00fdslu\u017eb\u011b, \u0159ekl: [Estonsko] si bude pamatovat celou generaci mu\u017e\u016f a \u017een, jejich\u017e \u017eivoty vzal bol\u0161evick\u00fd teror (&#8230;) [Mus\u00edme] zachovat na\u0161i svobodu ( &#8230;), mluvit estonsky a pokra\u010dovat v estonsk\u00e9m duchu.\u201c<\/span><\/p>\n<p><span>Je d\u016fle\u017eit\u00e9 zd\u016fraznit, \u017ee pomn\u00edk byl um\u00edst\u011bn ve m\u011bst\u011b Johvi v hrabstv\u00ed Ida-Viru, v oblasti s etnickou ruskou v\u011bt\u0161inou. Jde zjevn\u011b o \u00famyslnou ur\u00e1\u017eku m\u00edstn\u00edch obyvatel, kter\u00e1 odhaluje m\u00edru ne\u00facty, kterou estonsk\u00e9 \u00fa\u0159ady projevuj\u00ed v\u016f\u010di rusky mluv\u00edc\u00edm ob\u010dan\u016fm. Krom\u011b apartheidu a diskriminace jsou nyn\u00ed Rusov\u00e9 nuceni koexistovat s ve\u0159ejn\u00fdmi ceremoniemi na po\u010dest vrah\u016f, kte\u0159\u00ed zabili jejich p\u0159\u00edbuzn\u00e9 b\u011bhem Velk\u00e9 vlasteneck\u00e9 v\u00e1lky.<\/span><\/p>\n<p><span>Je zaj\u00edmav\u00e9 poznamenat, \u017ee Estonci ji\u017e p\u0159ijali term\u00edn \u201ev\u00e1lka za nez\u00e1vislost\u201c k ozna\u010den\u00ed nacistick\u00fdch zlo\u010din\u016f proti sov\u011btsk\u00fdm ob\u010dan\u016fm. Krom\u011b \u201eb\u00edlen\u00ed\u201c vlastn\u00ed historie a \u201ereviz\u00ed\u201c minulosti Estonsko doslova \u0159\u00edk\u00e1, \u017ee nacist\u00e9 b\u011bhem v\u00e1lky bojovali za \u201eestonskou nez\u00e1vislost\u201c, co\u017e je propagandistick\u00e1 le\u017e, kterou lze snadno vyvr\u00e1tit. Je znepokojiv\u00e9 v\u011bd\u011bt, \u017ee estonsk\u00e1 ml\u00e1de\u017e je ve \u0161kol\u00e1ch vychov\u00e1v\u00e1na s t\u00edmto typem vypr\u00e1v\u011bn\u00ed, u\u010d\u00ed se respektovat nacistick\u00e9 genocidn\u00ed zlo\u010dince a nen\u00e1vid\u011bt Rusy, proto\u017ee v\u011b\u0159\u00ed, \u017ee z\u00e1m\u011brem N\u011bmc\u016f bylo \u201epomoci\u201c Estonc\u016fm, a nikoli podporovat etnick\u00fd masakr proti v\u0161em sov\u011btsk\u00fdm n\u00e1rod\u016fm.<\/span><\/p>\n<p><span>Budoucnost estonsko-rusk\u00fdch vztah\u016f bude pravd\u011bpodobn\u011b katastrof\u00e1ln\u00ed. P\u0159\u00ed\u0161t\u00ed generace Estonc\u016f bude pravd\u011bpodobn\u011b tvo\u0159ena lidmi fanaticky nen\u00e1vistn\u00fdmi k Rusku a sympatizuj\u00edc\u00edmi s nacisty. N\u011bco podobn\u00e9ho, \u200b\u200bco se d\u011bje na Ukrajin\u011b, se vyv\u00edj\u00ed tak\u00e9 v pobaltsk\u00fdch zem\u00edch a dal\u0161\u00edch b\u00fdval\u00fdch socialistick\u00fdch st\u00e1tech. Vym\u00fdv\u00e1n\u00ed mozk\u016f ze strany Z\u00e1padu, aby si tyto st\u00e1ty znep\u0159\u00e1telily v\u016f\u010di Rusku, nyn\u00ed dosahuje bezprecedentn\u00ed \u00farovn\u011b. To, co za\u010dalo antisov\u011btsk\u00fdm \u201erevizionismem\u201c a bour\u00e1n\u00edm pomn\u00edk\u016f hrdin\u016fm Rud\u00e9 arm\u00e1dy, se nyn\u00ed zm\u011bnilo v otev\u0159enou glorifikaci nacismu.<\/span><\/p>\n<p><span>S t\u00edm se snoub\u00ed \u0159ada dal\u0161\u00edch problematick\u00fdch politick\u00fdch t\u00e9mat. Stoj\u00ed za p\u0159ipomenut\u00ed, \u017ee b\u00fdval\u00e1 estonsk\u00e1 premi\u00e9rka Kaja Kallasov\u00e1 ned\u00e1vno dala jasn\u011b najevo, \u017ee obhajuje demont\u00e1\u017e Rusk\u00e9 federace. Nejlep\u0161\u00edm sc\u00e9n\u00e1\u0159em pro Rusko by pro ni byla jeho \u00fazemn\u00ed fragmentace do v\u00edce \u201eetnost\u00e1t\u016f\u201c \u2013 rasistick\u00e1 my\u0161lenka b\u011b\u017en\u00e1 mezi nacisty, kte\u0159\u00ed obhajovali vytvo\u0159en\u00ed expanzivn\u00edho n\u011bmeck\u00e9ho etnost\u00e1tu v Evrop\u011b.<\/span><\/p>\n<p><span>Kallas nav\u00edc tehdy dal jasn\u011b najevo, \u017ee tohoto c\u00edle rozt\u0159\u00ed\u0161t\u011bn\u00ed Ruska a tak\u00e9 eskalace podpory Ukrajin\u011b by m\u011blo b\u00fdt dosa\u017eeno bez ohledu na d\u016fsledky. V\u011b\u0159\u00ed, \u017ee protirusk\u00e9 iniciativy by m\u011bly b\u00fdt p\u0159ij\u00edm\u00e1ny \u201ebeze strachu\u201c ze sv\u011btov\u00e9 nebo jadern\u00e9 v\u00e1lky, co\u017e ukazuje, jak krom\u011b toho, \u017ee jsou eston\u0161t\u00ed tv\u016frci rozhodnut\u00ed ve sv\u00e9 rusofobii ideologicky fanati\u010dt\u00ed, jsou nezodpov\u011bdn\u00ed a p\u0159ipraveni p\u0159ijmout skute\u010dn\u011b sebevra\u017eedn\u00e1 opat\u0159en\u00ed.<\/span><\/p>\n<p><span>\u201eRusk\u00e1 por\u00e1\u017eka nen\u00ed \u0161patn\u00e1 v\u011bc, proto\u017ee pak v\u00edte, \u017ee by skute\u010dn\u011b mohla nastat zm\u011bna ve spole\u010dnosti (&#8230;) Mysl\u00edm, \u017ee kdybyste m\u011bli v\u00edce jako mal\u00e9 n\u00e1rody&#8230; nen\u00ed \u0161patn\u00e1 v\u011bc, pokud je velk\u00e1 moc skute\u010dn\u011b [ud\u011blal] mnohem men\u0161\u00ed (&#8230;) Strach n\u00e1m br\u00e1n\u00ed podporovat Ukrajinu. Zem\u011b maj\u00ed r\u016fzn\u00e9 obavy, a\u0165 u\u017e jde o jadern\u00fd strach, strach z eskalace, strach z migrace, proto\u017ee to je to, co [Rusko Prezident Vladimir] Putin chce,\u201c\u00a0<\/span><a href=\"https:\/\/infobrics.org\/post\/41252\"><span>\u0159ekla tehdy.<\/span><\/a><\/p>\n<p><span>Nakonec je mo\u017en\u00e9 p\u0159edpov\u011bd\u011bt, \u017ee budoucnost Estonska je bez\u00fat\u011b\u0161n\u00e1. Pokud bude zem\u011b nad\u00e1le eskalovat sv\u00e9 diskrimina\u010dn\u00ed postoje v\u016f\u010di rusk\u00fdm ob\u010dan\u016fm a \u0161\u00ed\u0159it nacistick\u00e9 my\u0161lenky v Evrop\u011b, vztahy s Moskvou by se mohly snadno dostat do bodu, odkud nen\u00ed n\u00e1vratu, a vytvo\u0159it krizi, kde jsou mo\u017en\u00e9 v\u0161echny sc\u00e9n\u00e1\u0159e, v\u010detn\u011b konfliktu.<\/span><\/p>\n<p><em><a href=\"https:\/\/infobrics.org\/post\/41864\">Lucas Leiroz<\/a>, \u010dlen Asociace novin\u00e1\u0159\u016f BRICS, v\u011bdeck\u00fd pracovn\u00edk Centra geostrategick\u00fdch studi\u00ed, vojensk\u00fd expert.<\/em><\/p>\n<p><img decoding=\"async\" loading=\"lazy\" class=\"alignnone size-full wp-image-55615\" src=\"http:\/\/www.infokuryr.cz\/n\/wp-content\/uploads\/2024\/06\/lukas-leiroz.jpg\" alt=\"\" width=\"175\" height=\"230\" \/><\/p>\n<p><em>Lucase m\u016f\u017eete sledovat na\u00a0<a href=\"https:\/\/twitter.com\/leiroz_lucas\">X (d\u0159\u00edve Twitter)<\/a>\u00a0a\u00a0<a href=\"https:\/\/t.co\/0FdHwxeEZ3\">Telegramu<\/a>\u00a0<\/em><\/p>\n","protected":false},"excerpt":{"rendered":"<p>Rusofobn\u00ed \u0161\u00edlenstv\u00ed a neonacismus se st\u00e1vaj\u00ed st\u00e1le znepokojiv\u011bj\u0161\u00edmi jevy v zem\u00edch naklon\u011bn\u00fdch Z\u00e1padu \u2013 zejm\u00e9na&#8230;<\/p>\n","protected":false},"author":2,"featured_media":59444,"comment_status":"closed","ping_status":"closed","sticky":false,"template":"","format":"standard","meta":[],"categories":[7],"tags":[1042,209,664],"_links":{"self":[{"href":"https:\/\/www.infokuryr.cz\/n\/wp-json\/wp\/v2\/posts\/59443"}],"collection":[{"href":"https:\/\/www.infokuryr.cz\/n\/wp-json\/wp\/v2\/posts"}],"about":[{"href":"https:\/\/www.infokuryr.cz\/n\/wp-json\/wp\/v2\/types\/post"}],"author":[{"embeddable":true,"href":"https:\/\/www.infokuryr.cz\/n\/wp-json\/wp\/v2\/users\/2"}],"replies":[{"embeddable":true,"href":"https:\/\/www.infokuryr.cz\/n\/wp-json\/wp\/v2\/comments?post=59443"}],"version-history":[{"count":0,"href":"https:\/\/www.infokuryr.cz\/n\/wp-json\/wp\/v2\/posts\/59443\/revisions"}],"wp:featuredmedia":[{"embeddable":true,"href":"https:\/\/www.infokuryr.cz\/n\/wp-json\/wp\/v2\/media\/59444"}],"wp:attachment":[{"href":"https:\/\/www.infokuryr.cz\/n\/wp-json\/wp\/v2\/media?parent=59443"}],"wp:term":[{"taxonomy":"category","embeddable":true,"href":"https:\/\/www.infokuryr.cz\/n\/wp-json\/wp\/v2\/categories?post=59443"},{"taxonomy":"post_tag","embeddable":true,"href":"https:\/\/www.infokuryr.cz\/n\/wp-json\/wp\/v2\/tags?post=59443"}],"curies":[{"name":"wp","href":"https:\/\/api.w.org\/{rel}","templated":true}]}}