{"id":59396,"date":"2024-08-07T00:32:48","date_gmt":"2024-08-06T22:32:48","guid":{"rendered":"https:\/\/www.infokuryr.cz\/n\/?p=59396"},"modified":"2024-08-06T17:57:20","modified_gmt":"2024-08-06T15:57:20","slug":"kolik-uprchliku-jsou-ve-skutecnosti-kvalifikovani-pracovnici-nemecka-vlada-nic-netusi","status":"publish","type":"post","link":"https:\/\/www.infokuryr.cz\/n\/2024\/08\/07\/kolik-uprchliku-jsou-ve-skutecnosti-kvalifikovani-pracovnici-nemecka-vlada-nic-netusi\/","title":{"rendered":"Kolik \u201euprchl\u00edk\u016f\u201c jsou ve skute\u010dnosti \u201ekvalifikovan\u00ed pracovn\u00edci\u201c? N\u011bmeck\u00e1 vl\u00e1da nic netu\u0161\u00ed"},"content":{"rendered":"<div id=\"fb-root\"><\/div>\n<p><strong><span>Ka\u017ed\u00fd rok se desetitis\u00edce N\u011bmc\u016f v produktivn\u00edm v\u011bku obr\u00e1t\u00ed z\u00e1dy ke sv\u00e9 vlasti. Barevn\u00e1 republika v\u0161ak v d\u016fsledku toho neza\u017e\u00edv\u00e1 \u00fabytek obyvatel, proto\u017ee do zem\u011b proud\u00ed mnohem v\u00edce cizinc\u016f, aby zaplnili mezeru. Ale opravdu to d\u011blaj\u00ed? AfD se opakovan\u011b sna\u017e\u00ed z\u00edskat data o tom, kolik \u201ekvalifikovan\u00fdch pracovn\u00edk\u016f\u201c skute\u010dn\u011b p\u0159ich\u00e1z\u00ed do N\u011bmecka v d\u016fsledku ok\u00e1zal\u00e9 nespoutan\u00e9 masov\u00e9 migrace. Odpov\u011bdi na dotazy ukazuj\u00ed: Feder\u00e1ln\u00ed vl\u00e1da nev\u00ed \u2013 takov\u00e1 \u010d\u00edsla se neshroma\u017e\u010fuj\u00ed. Mohli by zneklidnit obyvatelstvo&#8230;<\/span><\/strong><\/p>\n<p><span>V reakci na\u00a0<\/span><a href=\"https:\/\/dserver.bundestag.de\/btd\/20\/122\/2012277.pdf\" target=\"_blank\" rel=\"noreferrer noopener\"><span>mal\u00fd dotaz poslaneck\u00e9ho klubu AfD<\/span><\/a><span> zve\u0159ejnila spolkov\u00e1 vl\u00e1da v \u010dervenci statistiku migrace, kter\u00e1 ukazuje pln\u00fd rozsah emigrace a imigrace lid\u00ed v produktivn\u00edm v\u011bku v N\u011bmecku:<\/span><\/p>\n<figure class=\"wp-block-image size-full\"><img decoding=\"async\" loading=\"lazy\" class=\"wp-image-125358 lazyloaded aligncenter\" src=\"https:\/\/report24.news\/wp-content\/uploads\/2024\/08\/Screenshot-2024-08-05-at-14.21.47.png\" sizes=\"(max-width: 2022px) 100vw, 2022px\" srcset=\"https:\/\/report24.news\/wp-content\/uploads\/2024\/08\/Screenshot-2024-08-05-at-14.21.47.png 2022w, https:\/\/report24.news\/wp-content\/uploads\/2024\/08\/Screenshot-2024-08-05-at-14.21.47-768x477.png 768w, https:\/\/report24.news\/wp-content\/uploads\/2024\/08\/Screenshot-2024-08-05-at-14.21.47-1536x954.png 1536w, https:\/\/report24.news\/wp-content\/uploads\/2024\/08\/Screenshot-2024-08-05-at-14.21.47-600x373.png 600w\" alt=\"\" width=\"987\" height=\"613\" data-srcset=\"https:\/\/report24.news\/wp-content\/uploads\/2024\/08\/Screenshot-2024-08-05-at-14.21.47.png 2022w, https:\/\/report24.news\/wp-content\/uploads\/2024\/08\/Screenshot-2024-08-05-at-14.21.47-768x477.png 768w, https:\/\/report24.news\/wp-content\/uploads\/2024\/08\/Screenshot-2024-08-05-at-14.21.47-1536x954.png 1536w, https:\/\/report24.news\/wp-content\/uploads\/2024\/08\/Screenshot-2024-08-05-at-14.21.47-600x373.png 600w\" data-src=\"https:\/\/report24.news\/wp-content\/uploads\/2024\/08\/Screenshot-2024-08-05-at-14.21.47.png\" \/><figcaption class=\"wp-element-caption\"><em>Zdroj:\u00a0<a href=\"https:\/\/dserver.bundestag.de\/btd\/20\/122\/2012277.pdf\" target=\"_blank\" rel=\"noreferrer noopener\">Odpov\u011b\u010f na dotaz feder\u00e1ln\u00ed vl\u00e1dy.<\/a><\/em><\/figcaption><\/figure>\n<p><span>Je to dareb\u00e1k, kter\u00fd tady mluv\u00ed o v\u00fdm\u011bn\u011b! V\u00fdrazn\u00fd n\u00e1r\u016fst emigrace po roce 2015 by dokonce mohl napov\u011bd\u011bt mo\u017en\u00e9 motivy \u201eprchaj\u00edc\u00edch\u201c N\u011bmc\u016f. Nyn\u00ed jsou N\u011bmci v neblah\u00e9 pozici, \u017ee se \u2013 na rozd\u00edl od \u017eadatel\u016f o azyl v N\u011bmecku \u2013 p\u0159i emigraci nemohou spol\u00e9hat na zahrani\u010dn\u00ed soci\u00e1ln\u00ed d\u00e1vky. Tito lid\u00e9 samoz\u0159ejm\u011b tak\u00e9 mus\u00ed b\u00fdt schopni financovat se v zahrani\u010d\u00ed z vlastn\u00edch zdroj\u016f. To znamen\u00e1, \u017ee N\u011bmecko zde ztr\u00e1c\u00ed pracovn\u00edky, z nich\u017e v\u011bt\u0161ina je pravd\u011bpodobn\u011b natolik kvalifikovan\u00e1, \u017ee najdou uplatn\u011bn\u00ed i v ciz\u00edch zem\u00edch.<\/span><\/p>\n<p><span>AfD nyn\u00ed cht\u011bla v\u011bd\u011bt, do jak\u00e9 m\u00edry m\u016f\u017ee feder\u00e1ln\u00ed vl\u00e1da poskytnout informace o tom, kolik kvalifikovan\u00fdch pracovn\u00edk\u016f emigruje a kolik se p\u0159ist\u011bhovalo. Koneckonc\u016f, levicov\u011b-zelen\u00e1 sjednocen\u00e1 fronta se nikdy neunav\u00ed zd\u016fvod\u0148ovat nekontrolovanou masovou migraci nedostatkem kvalifikovan\u00fdch pracovn\u00edk\u016f. Argumenty kritik\u016f nekontrolovan\u00e9 imigrace by bylo samoz\u0159ejm\u011b snadn\u00e9 vyvr\u00e1tit, pokud by byla p\u0159edlo\u017eena data, kter\u00e1 jasn\u011b prokazuj\u00ed v\u00fdhody p\u0159\u00edlivu cizinc\u016f. To ale vl\u00e1da ud\u011blat nem\u016f\u017ee. Z preventivn\u00edch d\u016fvod\u016f se tyto informace v\u016fbec neshroma\u017e\u010fuj\u00ed:<\/span><\/p>\n<figure class=\"wp-block-image size-full\"><img decoding=\"async\" loading=\"lazy\" class=\"wp-image-125364 lazyloaded aligncenter\" src=\"https:\/\/report24.news\/wp-content\/uploads\/2024\/08\/Screenshot-2024-08-05-at-14.25.23.png\" sizes=\"(max-width: 1476px) 100vw, 1476px\" srcset=\"https:\/\/report24.news\/wp-content\/uploads\/2024\/08\/Screenshot-2024-08-05-at-14.25.23.png 1476w, https:\/\/report24.news\/wp-content\/uploads\/2024\/08\/Screenshot-2024-08-05-at-14.25.23-768x189.png 768w, https:\/\/report24.news\/wp-content\/uploads\/2024\/08\/Screenshot-2024-08-05-at-14.25.23-600x148.png 600w\" alt=\"\" width=\"846\" height=\"209\" data-srcset=\"https:\/\/report24.news\/wp-content\/uploads\/2024\/08\/Screenshot-2024-08-05-at-14.25.23.png 1476w, https:\/\/report24.news\/wp-content\/uploads\/2024\/08\/Screenshot-2024-08-05-at-14.25.23-768x189.png 768w, https:\/\/report24.news\/wp-content\/uploads\/2024\/08\/Screenshot-2024-08-05-at-14.25.23-600x148.png 600w\" data-src=\"https:\/\/report24.news\/wp-content\/uploads\/2024\/08\/Screenshot-2024-08-05-at-14.25.23.png\" \/><\/figure>\n<figure class=\"wp-block-image size-full\"><img decoding=\"async\" loading=\"lazy\" class=\"wp-image-125365 lazyloaded aligncenter\" src=\"https:\/\/report24.news\/wp-content\/uploads\/2024\/08\/Screenshot-2024-08-05-at-14.28.29.png\" sizes=\"(max-width: 1458px) 100vw, 1458px\" srcset=\"https:\/\/report24.news\/wp-content\/uploads\/2024\/08\/Screenshot-2024-08-05-at-14.28.29.png 1458w, https:\/\/report24.news\/wp-content\/uploads\/2024\/08\/Screenshot-2024-08-05-at-14.28.29-768x191.png 768w, https:\/\/report24.news\/wp-content\/uploads\/2024\/08\/Screenshot-2024-08-05-at-14.28.29-600x149.png 600w\" alt=\"\" width=\"836\" height=\"208\" data-srcset=\"https:\/\/report24.news\/wp-content\/uploads\/2024\/08\/Screenshot-2024-08-05-at-14.28.29.png 1458w, https:\/\/report24.news\/wp-content\/uploads\/2024\/08\/Screenshot-2024-08-05-at-14.28.29-768x191.png 768w, https:\/\/report24.news\/wp-content\/uploads\/2024\/08\/Screenshot-2024-08-05-at-14.28.29-600x149.png 600w\" data-src=\"https:\/\/report24.news\/wp-content\/uploads\/2024\/08\/Screenshot-2024-08-05-at-14.28.29.png\" \/><\/figure>\n<figure class=\"wp-block-image size-full\"><\/figure>\n<p><span>Nemus\u00edte b\u00fdt zast\u00e1nci konspira\u010dn\u00edch teori\u00ed, abyste si uv\u011bdomili, \u017ee data ukazuj\u00edc\u00ed v\u00fdhody migrace a kvalifikaci migrant\u016f jak\u00e9hokoli druhu by v tuto chv\u00edli vl\u00e1da vesele rozebrala. Bez kvalifikace je jedinou mo\u017enost\u00ed bezpo\u010dtu migrant\u016f nastoupit do zam\u011bstn\u00e1n\u00ed v sektoru s n\u00edzk\u00fdmi mzdami \u2013 ale tato pr\u00e1ce sotva stoj\u00ed za to ve srovn\u00e1n\u00ed s pln\u00fdmi soci\u00e1ln\u00edmi d\u00e1vkami. Imigranti si samoz\u0159ejm\u011b kladou ot\u00e1zku, pro\u010d by m\u011bli chodit do pr\u00e1ce a platit horentn\u00ed dan\u011b, kdy\u017e mohou ka\u017ed\u00fd m\u011bs\u00edc dost\u00e1vat pen\u00edze jako d\u00e1rek a dokonce si financovat sv\u016fj byt.<\/span><\/p>\n<p><span>Z aktu\u00e1ln\u00ed tiskov\u00e9 zpr\u00e1vy AfD vypl\u00fdv\u00e1, \u017ee i dal\u0161\u00ed dotazy strany nep\u0159i\u0161ly napr\u00e1zdno: spolkov\u00e1 vl\u00e1da uvedla, \u017ee nem\u00e1 informace o tom, kolik \u017eadatel\u016f o azyl\u00a0je od roku 2022 pova\u017eov\u00e1no za \u201ekvalifikovan\u00e9 specialisty\u201c ve smyslu\u00a0<\/span><a href=\"https:\/\/www.gesetze-im-internet.de\/aufenthg_2004\/__18.html\" target=\"_blank\" rel=\"noreferrer noopener\"><span>\u00a7 18 odst. 3 pobytov\u00fd z\u00e1kon<\/span><\/a><span> m\u016f\u017ee b\u00fdt. Pro poslance Bundestagu Uwe Schulze to podtrhuje deindustrializa\u010dn\u00ed kurz semaforu. Ale deindustrializovan\u00e9 N\u011bmecko u\u017e nem\u016f\u017ee un\u00e9st gigantick\u00e9 soci\u00e1ln\u00ed v\u00fddaje. Kam to m\u00e1 v\u00e9st?<\/span><\/p>\n<p><em><span>Tiskov\u00e1 zpr\u00e1va AfD:<\/span><\/em><\/p>\n<p><strong><span>Berl\u00edn, 1. srpna 2024.\u00a0\u00a0<\/span><\/strong><strong><span>V reakci na odpov\u011b\u010f spolkov\u00e9 vl\u00e1dy na p\u00edsemn\u00fd dotaz poslance Spolkov\u00e9ho sn\u011bmu AfD Uwe Schulze, \u010dlena hospod\u00e1\u0159sk\u00e9ho v\u00fdboru, uvedl:<\/span><\/strong><\/p>\n<p><span>\u201eSkute\u010dnost, \u017ee N\u011bmecko trp\u00ed akutn\u00edm nedostatkem kvalifikovan\u00fdch odborn\u00edk\u016f, nen\u00ed nov\u00e1. Semaforov\u00e1 vl\u00e1da proto pl\u00e1nuje tento probl\u00e9m vy\u0159e\u0161it imigrac\u00ed stovek tis\u00edc lid\u00ed ro\u010dn\u011b. Ot\u00e1zka ale z\u016fst\u00e1v\u00e1 nezodpov\u011bzena: Jakou kvalifikaci a profesn\u00ed c\u00edle \u017eadatel\u00e9 o azyl vlastn\u011b maj\u00ed? Jak vypad\u00e1 realita? Opravdu vid\u00edme p\u0159\u00edliv l\u00e9ka\u0159\u016f, in\u017een\u00fdr\u016f a IT specialist\u016f?<\/span><\/p>\n<p><span>Na to nyn\u00ed feder\u00e1ln\u00ed vl\u00e1da odpov\u011bd\u011bla s p\u016fsobivou neznalost\u00ed. Na na\u0161i ot\u00e1zku: \u201eJak feder\u00e1ln\u00ed vl\u00e1da definuje pojem \u201ekvalifikovan\u00fd specialista\u201c a kolik \u017eadatel\u016f o azyl tuto definici splnilo od roku 2022?\u201c, feder\u00e1ln\u00ed vl\u00e1da odpov\u011bd\u011bla n\u00e1sledovn\u011b: \u201eFeder\u00e1ln\u00ed vl\u00e1da nem\u00e1 \u017e\u00e1dn\u00e9 informace o tom, kolik osoby, kter\u00e9 jsou v sou\u010dasn\u00e9m azylov\u00e9m \u0159\u00edzen\u00ed od roku 2022, lze ch\u00e1pat jako kvalifikovan\u00e9ho odborn\u00edka ve smyslu \u00a7 18 odst. 3 z\u00e1kona o pobytu.\u201c To poskytuje hlubok\u00fd vhled do ekonomick\u00fdch strategick\u00fdch pozic feder\u00e1ln\u00ed vl\u00e1dy a podtrhuje kurz deindustrializace, kter\u00fdm semafor nastoupil.<\/span><\/p>\n<p><span>Zat\u00edmco cel\u00e1 pr\u016fmyslov\u00e1 odv\u011btv\u00ed se k N\u011bmecku obracej\u00ed z\u00e1dy, N\u011bmecko zaplavuj\u00ed nekvalifikovan\u00ed \u017eadatel\u00e9 o azyl. Zcela \u0161patn\u00fd kurz semaforu v jeho ekonomick\u00e9, imigra\u010dn\u00ed a energetick\u00e9 politice je\u0161t\u011b v\u00edce podpo\u0159il p\u0159esun v\u00fdroby do zahrani\u010d\u00ed. Z pohledu poslaneck\u00e9ho klubu AfD se m\u00edsto imigrace mus\u00ed zam\u011b\u0159it na lep\u0161\u00ed podm\u00ednky pro m\u00edstn\u00ed kvalifikovan\u00e9 pracovn\u00edky, sn\u00ed\u017een\u00ed da\u0148ov\u00e9 z\u00e1t\u011b\u017ee a na slu\u017eby orientovan\u00e1 digitalizace, aby se zastavila vysok\u00e1 emigrace.<\/span><\/p>\n<p><img decoding=\"async\" loading=\"lazy\" class=\"alignnone size-full wp-image-1185\" src=\"http:\/\/www.infokuryr.cz\/n\/wp-content\/uploads\/2021\/04\/kuryr-podpis.png\" alt=\"\" width=\"84\" height=\"24\" \/><\/p>\n<p>&nbsp;<\/p>\n","protected":false},"excerpt":{"rendered":"<p>Ka\u017ed\u00fd rok se desetitis\u00edce N\u011bmc\u016f v produktivn\u00edm v\u011bku obr\u00e1t\u00ed z\u00e1dy ke sv\u00e9 vlasti. Barevn\u00e1 republika&#8230;<\/p>\n","protected":false},"author":2,"featured_media":33405,"comment_status":"closed","ping_status":"closed","sticky":false,"template":"","format":"standard","meta":[],"categories":[7],"tags":[119,84,99],"_links":{"self":[{"href":"https:\/\/www.infokuryr.cz\/n\/wp-json\/wp\/v2\/posts\/59396"}],"collection":[{"href":"https:\/\/www.infokuryr.cz\/n\/wp-json\/wp\/v2\/posts"}],"about":[{"href":"https:\/\/www.infokuryr.cz\/n\/wp-json\/wp\/v2\/types\/post"}],"author":[{"embeddable":true,"href":"https:\/\/www.infokuryr.cz\/n\/wp-json\/wp\/v2\/users\/2"}],"replies":[{"embeddable":true,"href":"https:\/\/www.infokuryr.cz\/n\/wp-json\/wp\/v2\/comments?post=59396"}],"version-history":[{"count":0,"href":"https:\/\/www.infokuryr.cz\/n\/wp-json\/wp\/v2\/posts\/59396\/revisions"}],"wp:featuredmedia":[{"embeddable":true,"href":"https:\/\/www.infokuryr.cz\/n\/wp-json\/wp\/v2\/media\/33405"}],"wp:attachment":[{"href":"https:\/\/www.infokuryr.cz\/n\/wp-json\/wp\/v2\/media?parent=59396"}],"wp:term":[{"taxonomy":"category","embeddable":true,"href":"https:\/\/www.infokuryr.cz\/n\/wp-json\/wp\/v2\/categories?post=59396"},{"taxonomy":"post_tag","embeddable":true,"href":"https:\/\/www.infokuryr.cz\/n\/wp-json\/wp\/v2\/tags?post=59396"}],"curies":[{"name":"wp","href":"https:\/\/api.w.org\/{rel}","templated":true}]}}