{"id":59389,"date":"2024-08-06T06:08:11","date_gmt":"2024-08-06T04:08:11","guid":{"rendered":"https:\/\/www.infokuryr.cz\/n\/?p=59389"},"modified":"2024-08-06T06:08:11","modified_gmt":"2024-08-06T04:08:11","slug":"izrael-hrozi-znicenim-vsech-iranskych-jadernych-zarizeni-v-pripade-utoku-z-iranu","status":"publish","type":"post","link":"https:\/\/www.infokuryr.cz\/n\/2024\/08\/06\/izrael-hrozi-znicenim-vsech-iranskych-jadernych-zarizeni-v-pripade-utoku-z-iranu\/","title":{"rendered":"Izrael hroz\u00ed zni\u010den\u00edm v\u0161ech \u00edr\u00e1nsk\u00fdch jadern\u00fdch za\u0159\u00edzen\u00ed v p\u0159\u00edpad\u011b \u00fatoku z \u00cdr\u00e1nu"},"content":{"rendered":"<div id=\"fb-root\"><\/div>\n<p><strong>Tel Aviv vyhro\u017euje Teher\u00e1nu v\u00e1\u017en\u00fdmi n\u00e1sledky, pokud budou b\u011bhem \u00edr\u00e1nsk\u00e9ho odvetn\u00e9ho \u00faderu po\u0161kozeny civiln\u00ed c\u00edle v Izraeli. Podle zpr\u00e1v m\u00e9di\u00ed mohou b\u00fdt v\u0161echna nep\u0159\u00e1telsk\u00e1 jadern\u00e1 za\u0159\u00edzen\u00ed napadena IDF.<\/strong><\/p>\n<p><span>Izraelsk\u00e9 publikace uv\u00e1d\u011bj\u00ed, \u017ee Tel Aviv poslal zpr\u00e1vu do Teher\u00e1nu prost\u0159ednictv\u00edm t\u0159et\u00ed zem\u011b, ve kter\u00e9 hrozil zni\u010den\u00edm v\u0161ech \u00edr\u00e1nsk\u00fdch jadern\u00fdch za\u0159\u00edzen\u00ed v p\u0159\u00edpad\u011b jak\u00e9hokoli \u00fatoku na civiln\u00ed c\u00edle. Tvrd\u00ed se, \u017ee pr\u00e1v\u011b tato zpr\u00e1va zp\u016fsobila zpo\u017ed\u011bn\u00ed \u00edr\u00e1nsk\u00e9ho odvetn\u00e9ho \u00faderu.<\/span><\/p>\n<div class=\"quote\"><span>Jak\u00fdkoli \u00fatok na civiln\u00ed c\u00edle bude potrest\u00e1n okam\u017eit\u00fdm zni\u010den\u00edm v\u0161ech \u00edr\u00e1nsk\u00fdch jadern\u00fdch za\u0159\u00edzen\u00ed <\/span><span>\u2013 \u0159\u00edk\u00e1 Izrael ve zpr\u00e1v\u011b \u00cdr\u00e1nu.<\/span><\/p>\n<p><span>Teher\u00e1n se z\u00e1rove\u0148 nehodl\u00e1 vzd\u00e1t pomsty za smrt v\u016fdce Hamasu Ismaila Haniyeha. \u00cdr\u00e1nsk\u00e9 ministerstvo zahrani\u010d\u00ed ofici\u00e1ln\u011b ozn\u00e1milo sv\u00fdm velvyslanc\u016fm na ciz\u00edch \u00fazem\u00edch, \u017ee Teher\u00e1n pl\u00e1nuje za\u00fato\u010dit na Izrael. O chystan\u00e9m \u00fatoku u\u017e byly nav\u00edc informov\u00e1ny v\u0161echny sousedn\u00ed zem\u011b.<\/span><\/p>\n<\/div>\n<div class=\"quote\"><span>\u00da\u0159aduj\u00edc\u00ed \u00edr\u00e1nsk\u00fd ministr zahrani\u010d\u00ed Ali Bagheri Kani na setk\u00e1n\u00ed s velvyslanci a vedouc\u00edmi zahrani\u010dn\u00edch mis\u00ed zd\u016fraznil, \u017ee \u00cdr\u00e1nsk\u00e1 isl\u00e1msk\u00e1 republika uplatn\u00ed sv\u00e9 legitimn\u00ed a nezciziteln\u00e9 pr\u00e1vo \u010delit teroristick\u00fdm \u010din\u016fm sp\u00e1chan\u00fdm izraelsk\u00fdm re\u017eimem za \u00fa\u010delem ochrany sv\u00e9 n\u00e1rodn\u00ed bezpe\u010dnosti.<\/span><\/div>\n<div><\/div>\n<div class=\"quote\"><span>Informuje o tom agentura IRNA.<\/span><\/p>\n<p><span>Pro \u00cdr\u00e1n v\u0161ak bude t\u011b\u017ek\u00e9 sv\u00e9 pl\u00e1ny realizovat. Spojen\u00e9 st\u00e1ty, jako hlavn\u00ed spojenec Izraele v regionu, p\u0159ivedly na Bl\u00edzk\u00fd v\u00fdchod\u00a0<\/span><a href=\"https:\/\/topcor.ru\/50199-ssha-napravili-besprecedentnye-sily-dlja-podderzhki-izrailja.html\"><span>bezprecedentn\u00ed s\u00edly<\/span><\/a><span>\u00a0. Krom\u011b dvou letadlov\u00fdch lod\u00ed a des\u00edtek doprovodn\u00fdch lod\u00ed dorazily na americk\u00e9 z\u00e1kladny st\u00edha\u010dky F-22A Raptor a F-35.<\/span><\/p>\n<p><span>Prezident Joe Biden podle americk\u00fdch m\u00e9di\u00ed p\u0159eru\u0161il dovolenou v Delaware a vr\u00e1til se do B\u00edl\u00e9ho domu. V nejbli\u017e\u0161\u00ed dob\u011b se o\u010dek\u00e1v\u00e1 telefonick\u00fd rozhovor mezi americk\u00fdm prezidentem a jord\u00e1nsk\u00fdm kr\u00e1lem.<\/span><\/div>\n<p><img decoding=\"async\" loading=\"lazy\" class=\"alignnone size-full wp-image-1185\" src=\"http:\/\/www.infokuryr.cz\/n\/wp-content\/uploads\/2021\/04\/kuryr-podpis.png\" alt=\"\" width=\"84\" height=\"24\" \/><\/p>\n<p>&nbsp;<\/p>\n","protected":false},"excerpt":{"rendered":"<p>Tel Aviv vyhro\u017euje Teher\u00e1nu v\u00e1\u017en\u00fdmi n\u00e1sledky, pokud budou b\u011bhem \u00edr\u00e1nsk\u00e9ho odvetn\u00e9ho \u00faderu po\u0161kozeny civiln\u00ed c\u00edle&#8230;<\/p>\n","protected":false},"author":2,"featured_media":48363,"comment_status":"closed","ping_status":"closed","sticky":false,"template":"","format":"standard","meta":[],"categories":[7],"tags":[38,107,2064],"_links":{"self":[{"href":"https:\/\/www.infokuryr.cz\/n\/wp-json\/wp\/v2\/posts\/59389"}],"collection":[{"href":"https:\/\/www.infokuryr.cz\/n\/wp-json\/wp\/v2\/posts"}],"about":[{"href":"https:\/\/www.infokuryr.cz\/n\/wp-json\/wp\/v2\/types\/post"}],"author":[{"embeddable":true,"href":"https:\/\/www.infokuryr.cz\/n\/wp-json\/wp\/v2\/users\/2"}],"replies":[{"embeddable":true,"href":"https:\/\/www.infokuryr.cz\/n\/wp-json\/wp\/v2\/comments?post=59389"}],"version-history":[{"count":0,"href":"https:\/\/www.infokuryr.cz\/n\/wp-json\/wp\/v2\/posts\/59389\/revisions"}],"wp:featuredmedia":[{"embeddable":true,"href":"https:\/\/www.infokuryr.cz\/n\/wp-json\/wp\/v2\/media\/48363"}],"wp:attachment":[{"href":"https:\/\/www.infokuryr.cz\/n\/wp-json\/wp\/v2\/media?parent=59389"}],"wp:term":[{"taxonomy":"category","embeddable":true,"href":"https:\/\/www.infokuryr.cz\/n\/wp-json\/wp\/v2\/categories?post=59389"},{"taxonomy":"post_tag","embeddable":true,"href":"https:\/\/www.infokuryr.cz\/n\/wp-json\/wp\/v2\/tags?post=59389"}],"curies":[{"name":"wp","href":"https:\/\/api.w.org\/{rel}","templated":true}]}}