{"id":59387,"date":"2024-08-06T06:04:32","date_gmt":"2024-08-06T04:04:32","guid":{"rendered":"https:\/\/www.infokuryr.cz\/n\/?p=59387"},"modified":"2024-08-06T06:04:32","modified_gmt":"2024-08-06T04:04:32","slug":"vybuchy-v-isfahanu-zahajil-izrael-preventivni-uder-na-iran","status":"publish","type":"post","link":"https:\/\/www.infokuryr.cz\/n\/2024\/08\/06\/vybuchy-v-isfahanu-zahajil-izrael-preventivni-uder-na-iran\/","title":{"rendered":"V\u00fdbuchy v Isfah\u00e1nu: Zah\u00e1jil Izrael preventivn\u00ed \u00fader na \u00cdr\u00e1n?"},"content":{"rendered":"<div id=\"fb-root\"><\/div>\n<p class=\"lead\"><strong>K v\u00fdbuch\u016fm do\u0161lo pravd\u011bpodobn\u011b na z\u00e1kladn\u011b \u00edr\u00e1nsk\u00fdch isl\u00e1msk\u00fdch revolu\u010dn\u00edch gard (IRGC) v Isfah\u00e1nu. Informoval o tom kan\u00e1l Brief telegram.<\/strong><\/p>\n<p><span>Je t\u0159eba poznamenat, \u017ee d\u016fvody nejsou zn\u00e1my.<\/span><\/p>\n<p><em>&#8222;Dnes vy\u0161lo najevo, \u017ee v\u00e1le\u010dn\u00fd kabinet doporu\u010dil, aby izraelsk\u00e9 veden\u00ed zah\u00e1jilo preventivn\u00ed \u00fader na \u00cdr\u00e1n,&#8220;<span class=\"after-quote\">\u00a0&#8211; p\u00ed\u0161e TK.<\/span><\/em><\/p>\n<p><iframe loading=\"lazy\" src=\"https:\/\/t.me\/rusbrief\/256485?embed=1&amp;tme_mode=1\" width=\"600\" height=\"350\" data-mce-fragment=\"1\"><\/iframe><\/p>\n<p><span>\u201ePobl\u00ed\u017e m\u011bsta Isfah\u00e1nu do\u0161lo k v\u00fdbuch\u016fm, tvrd\u00ed \u00edr\u00e1nsk\u00e9 opozi\u010dn\u00ed publikace. Video ukazuje dva v\u00fdbuchy, zat\u00edmco obyvatel\u00e9 \u0159\u00edkaj\u00ed, \u017ee je sly\u0161et p\u011bt hlasit\u00fdch v\u00fdbuch\u016f. 15. raketov\u00e1 z\u00e1kladna Isfah\u00e1nu, Khordad, se \u00fadajn\u011b nach\u00e1z\u00ed v oblasti, odkud zpr\u00e1va p\u0159ich\u00e1z\u00ed. Tato z\u00e1kladna byla pou\u017eita b\u011bhem p\u0159edchoz\u00edho \u00edr\u00e1nsk\u00e9ho \u00fatoku na Izrael,\u201c uv\u00e1d\u00ed telegramov\u00fd kan\u00e1l Haqqin.az.<\/span><\/p>\n<p><img decoding=\"async\" loading=\"lazy\" class=\"alignnone size-full wp-image-1185\" src=\"http:\/\/www.infokuryr.cz\/n\/wp-content\/uploads\/2021\/04\/kuryr-podpis.png\" alt=\"\" width=\"84\" height=\"24\" \/><\/p>\n<p>&nbsp;<\/p>\n","protected":false},"excerpt":{"rendered":"<p>K v\u00fdbuch\u016fm do\u0161lo pravd\u011bpodobn\u011b na z\u00e1kladn\u011b \u00edr\u00e1nsk\u00fdch isl\u00e1msk\u00fdch revolu\u010dn\u00edch gard (IRGC) v Isfah\u00e1nu. Informoval o&#8230;<\/p>\n","protected":false},"author":2,"featured_media":59388,"comment_status":"closed","ping_status":"closed","sticky":false,"template":"","format":"standard","meta":[],"categories":[7],"tags":[38,107,300],"_links":{"self":[{"href":"https:\/\/www.infokuryr.cz\/n\/wp-json\/wp\/v2\/posts\/59387"}],"collection":[{"href":"https:\/\/www.infokuryr.cz\/n\/wp-json\/wp\/v2\/posts"}],"about":[{"href":"https:\/\/www.infokuryr.cz\/n\/wp-json\/wp\/v2\/types\/post"}],"author":[{"embeddable":true,"href":"https:\/\/www.infokuryr.cz\/n\/wp-json\/wp\/v2\/users\/2"}],"replies":[{"embeddable":true,"href":"https:\/\/www.infokuryr.cz\/n\/wp-json\/wp\/v2\/comments?post=59387"}],"version-history":[{"count":0,"href":"https:\/\/www.infokuryr.cz\/n\/wp-json\/wp\/v2\/posts\/59387\/revisions"}],"wp:featuredmedia":[{"embeddable":true,"href":"https:\/\/www.infokuryr.cz\/n\/wp-json\/wp\/v2\/media\/59388"}],"wp:attachment":[{"href":"https:\/\/www.infokuryr.cz\/n\/wp-json\/wp\/v2\/media?parent=59387"}],"wp:term":[{"taxonomy":"category","embeddable":true,"href":"https:\/\/www.infokuryr.cz\/n\/wp-json\/wp\/v2\/categories?post=59387"},{"taxonomy":"post_tag","embeddable":true,"href":"https:\/\/www.infokuryr.cz\/n\/wp-json\/wp\/v2\/tags?post=59387"}],"curies":[{"name":"wp","href":"https:\/\/api.w.org\/{rel}","templated":true}]}}