{"id":59383,"date":"2024-08-06T05:38:14","date_gmt":"2024-08-06T03:38:14","guid":{"rendered":"https:\/\/www.infokuryr.cz\/n\/?p=59383"},"modified":"2024-08-06T05:38:14","modified_gmt":"2024-08-06T03:38:14","slug":"petr-pokorny-co-sakra-nechapete-vrahem-malych-deti-je-typicky-rodily-britsky-obcan","status":"publish","type":"post","link":"https:\/\/www.infokuryr.cz\/n\/2024\/08\/06\/petr-pokorny-co-sakra-nechapete-vrahem-malych-deti-je-typicky-rodily-britsky-obcan\/","title":{"rendered":"Petr Pokorn\u00fd: Co sakra nech\u00e1pete? Vrahem mal\u00fdch d\u011bt\u00ed je typick\u00fd rodil\u00fd britsk\u00fd ob\u010dan!"},"content":{"rendered":"<div id=\"fb-root\"><\/div>\n<div class=\"no-padding itemImageBlock\">\n<div class=\"lib-panel\">\n<div class=\"lib-row lib-desc\">\n<div class=\"introtext\">\n<p><span style=\"font-size: 14pt;\"><strong>Kdo to nech\u00e1pe, je prorusk\u00fd extremista a dezol\u00e1t, proto\u017ee n\u011bjak\u00e1 prkotina t\u0159\u00ed pod\u0159ezan\u00fdch d\u011bt\u00ed podn\u00edtila dezinform\u00e1tory k tvrzen\u00ed, \u017ee to je \u00fadajn\u011b n\u011bjak\u00fd migrant z Afriky. Nen\u00ed a foto je d\u016fkaz!<\/strong><\/span><\/p>\n<\/div>\n<div class=\"fulltext\">\n<p><span style=\"font-size: 14pt;\">\u00davodn\u00ed foto:<\/span><\/p>\n<h1>Kdo je vrah mal\u00fdch d\u011bt\u00ed a spou\u0161t\u011b\u010d nepokoj\u016f v Anglii: mlad\u00edk z reklamy BBC<\/h1>\n<p>Kam a\u017e zajdou dezinform\u00e1to\u0159i, extr\u00e9mist\u00e9 a dezol\u00e1ti, \u017ee nepoznaj\u00ed rodil\u00e9ho Brita? A klidn\u011b nap\u00ed\u0161\u00ed, \u017ee m\u00e1 africk\u00e9 ko\u0159eny. Ta drzost u\u017e do\u0161la tak daleko, \u017ee bude muset zakro\u010dit plukovn\u00edk Folt\u00fdn a celou tu bandu dezinform\u00e1tor\u016f dostat na sv\u011btlo denn\u00ed.<\/p>\n<p>Britsk\u00fd ob\u010dan byl pohan\u011bn a masm\u00e9dia vysv\u011btl\u00ed, jak je to mo\u017en\u00e9!<\/p>\n<h3><span style=\"font-size: 18pt;\"><strong>A co napsal Jind\u0159ich Rajchl ze strany PRO?<\/strong><\/span><\/h3>\n<div class=\"html-div xdj266r x11i5rnm xat24cr x1mh8g0r xexx8yu x4uap5 x18d9i69 xkhd6sd\" dir=\"auto\">\n<div id=\":r2oj:\" class=\"x1iorvi4 x1pi30zi x1l90r2v x1swvt13\" data-ad-comet-preview=\"message\" data-ad-preview=\"message\">\n<div class=\"x78zum5 xdt5ytf xz62fqu x16ldp7u\">\n<div class=\"xu06os2 x1ok221b\">\n<p class=\"xdj266r x11i5rnm xat24cr x1mh8g0r x1vvkbs x126k92a\">Toto je soudn\u00ed portr\u00e9t portr\u00e9t Axela Muganwy Rudakubany, jen\u017e ubodal k smrti 3 d\u00edvky ve v\u011bku 6, 7 a 9 let v tane\u010dn\u00ed t\u0159\u00edd\u011b v Southportu.<\/p>\n<p><img decoding=\"async\" loading=\"lazy\" class=\"aligncenter\" src=\"https:\/\/www.skrytapravda.cz\/images\/blogy\/805\/2024\/8srpen\/Sn%C3%ADmek_obrazovky_12239_ab56b.webp\" alt=\"Sn\u00edmek obrazovky 12239 ab56b\" width=\"694\" height=\"393\" \/><\/p>\n<p dir=\"auto\">Mainstreamov\u00e1 m\u00e9dia okam\u017eit\u011b p\u0159isp\u011bchala s tvrzen\u00edm, \u017ee se jedn\u00e1 o &#8222;rodil\u00e9ho Vel\u0161ana&#8220; (narodil se p\u0159ed 17 lety rwandsk\u00fdm rodi\u010d\u016fm ve Walesu), aby se tak sna\u017eila uklidnit opr\u00e1vn\u011bn\u00e9 rozho\u0159\u010den\u00ed anglick\u00e9 ve\u0159ejnosti vyvolan\u00e9 jeho hr\u016fzn\u00fdm \u010dinem. O nutnosti zamezit opakovan\u00fdm \u00fatok\u016fm t\u011bchto ment\u00e1ln\u011b vy\u0161inut\u00fdch fanatik\u016f ani slovo.<\/p>\n<p dir=\"auto\">Jejich vzkaz\u00a0ve\u0159ejnosti je jednoduch\u00fd &#8211; prost\u011b si mus\u00edte zvyknout, \u017ee se bude jednat o b\u011b\u017enou sou\u010d\u00e1st va\u0161ich \u017eivot\u016f. N\u011bkte\u0159\u00ed z v\u00e1s holt budou m\u00edt sm\u016flu. My s t\u00edm d\u011blat nic nehodl\u00e1me &#8211; pouze zav\u0159eme p\u00e1r protestuj\u00edc\u00edch a ochr\u00e1n\u00edme na\u0161e kr\u00e1sn\u00e9 me\u0161ity p\u0159ed \u00fatoky krajn\u011b pravicov\u00fdch extr\u00e9mist\u016f.<\/p>\n<p dir=\"auto\">Jsem bytostn\u011b p\u0159esv\u011bd\u010den, \u017ee neklamn\u00fdm znakem rozpadu jak\u00e9koliv spole\u010dnosti je stav, kdy se jej\u00ed l\u00edd\u0159i nam\u00edsto ochrany t\u011bch, kte\u0159\u00ed jsou napad\u00e1ni, sna\u017e\u00ed a\u017e s nepochopitelnou zarputilost\u00ed obhajovat patologick\u00e9 p\u0159\u00ed\u010diny ohro\u017een\u00ed bezpe\u010dnosti \u010dlen\u016f takov\u00e9 komunity.<\/p>\n<p dir=\"auto\">Jednodu\u0161e \u0159e\u010deno &#8211; pokud se politici a m\u00e9dia v\u00edce pobu\u0159uj\u00ed nad protesty majority, kterou naz\u00fdvaj\u00ed &#8222;krajn\u00ed pravic\u00ed&#8220;, ne\u017e nad brut\u00e1ln\u00ed trojn\u00e1sobnou vra\u017edou t\u0159\u00ed mal\u00fdch hol\u010di\u010dek, tak si nezaslou\u017e\u00edme nic jin\u00e9ho, ne\u017e abychom Evropu postupn\u011b vyklidili a p\u0159edali t\u011bm, kdo jsou odhodl\u00e1ni si ji vz\u00edt.<\/p>\n<p dir=\"auto\">S\u00e1m m\u00e1m osmiletou dceru a p\u0159edstava, \u017ee by se tohle n\u011bkdy stalo j\u00ed, ve mn\u011b vzbuzuje skute\u010dn\u011b fyzickou nevolnost.<\/p>\n<p dir=\"auto\">Tak\u017ee v\u0161em mravok\u00e1rc\u016fm a lep\u0161evik\u016fm k\u00e1zaj\u00edc\u00edm o prosp\u011b\u0161nosti pomaten\u00e9ho a zcela evidentn\u011b nefunk\u010dn\u00edho multikulturalismu vzkazuji t\u00edmto jedin\u00e9.<\/p>\n<p dir=\"auto\">T\u00e1hn\u011bte v\u0161ichni k \u010dertu!<\/p>\n<p dir=\"auto\">J\u00e1 va\u0161i hru na bezb\u0159ehou toleranci n\u00e1sil\u00ed a kriminality hr\u00e1t prost\u011b nebudu.<\/p>\n<p dir=\"auto\">Migra\u010dn\u00ed pakt je t\u0159eba zastavit za ka\u017edou cenu. Jinak se za p\u00e1r let do\u010dk\u00e1me toho, \u017ee &#8222;rodil\u00fd Morav\u00e1k&#8220; za\u00fato\u010d\u00ed na na\u0161e d\u011bti.<\/p>\n<p class=\"x11i5rnm xat24cr x1mh8g0r x1vvkbs xtlvy1s x126k92a\"><span style=\"font-size: 18pt;\"><strong>A toho se opravdu nechci do\u017e\u00edt.<\/strong><\/span><\/p>\n<p><em>A jak reaguj\u00ed probruselsk\u00e1 masm\u00e9dia? Nejd\u0159\u00edv uk\u00e1zala, kdo to je a pak se vykrucovala, \u017ee to byl informa\u010dn\u00ed \u0161um a \u017ee je to Brit. S typick\u00fdmi rysy.<\/em><\/p>\n<p><span style=\"font-size: 18pt;\"><strong>Dva \u010dl\u00e1nky v iDNES<\/strong><\/span><\/p>\n<p><img decoding=\"async\" class=\"aligncenter\" src=\"https:\/\/www.skrytapravda.cz\/images\/blogy\/805\/2024\/8srpen\/Sn%C3%ADmek_obrazovky_12240_3cf9e.webp\" alt=\"Sn\u00edmek obrazovky 12240 3cf9e\" \/><\/p>\n<\/div>\n<\/div>\n<\/div>\n<\/div>\n<h3><span style=\"font-size: 18pt;\">Pr\u00fd fale\u0161n\u00e1 zpr\u00e1va dezol\u00e1t\u016f, p\u0159itom je to typick\u00fd Brit, obhajuje dotovan\u00fd Den\u00edk N.<\/span><\/h3>\n<p><img decoding=\"async\" class=\"aligncenter\" src=\"https:\/\/www.skrytapravda.cz\/images\/blogy\/805\/2024\/8srpen\/Sn%C3%ADmek_obrazovky_12242_4aa77.webp\" alt=\"Sn\u00edmek obrazovky 12242 4aa77\" \/><\/p>\n<div class=\"clr\"><\/div>\n<div class=\"clauthor\"><\/div>\n<\/div>\n<\/div>\n<\/div>\n<\/div>\n<div class=\"itemRatingBlock\"><a href=\"https:\/\/www.skrytapravda.cz\/ze-zahranici\/2035-co-sakra-nechapete-vrahem-malych-deti-je-typicky-rodily-britsky-obcan\">Petr Pokorn\u00fd<\/a><\/div>\n<div><\/div>\n<div><\/div>\n","protected":false},"excerpt":{"rendered":"<p>Kdo to nech\u00e1pe, je prorusk\u00fd extremista a dezol\u00e1t, proto\u017ee n\u011bjak\u00e1 prkotina t\u0159\u00ed pod\u0159ezan\u00fdch d\u011bt\u00ed podn\u00edtila&#8230;<\/p>\n","protected":false},"author":2,"featured_media":59384,"comment_status":"closed","ping_status":"closed","sticky":false,"template":"","format":"standard","meta":[],"categories":[6],"tags":[2209,245,1503,656],"_links":{"self":[{"href":"https:\/\/www.infokuryr.cz\/n\/wp-json\/wp\/v2\/posts\/59383"}],"collection":[{"href":"https:\/\/www.infokuryr.cz\/n\/wp-json\/wp\/v2\/posts"}],"about":[{"href":"https:\/\/www.infokuryr.cz\/n\/wp-json\/wp\/v2\/types\/post"}],"author":[{"embeddable":true,"href":"https:\/\/www.infokuryr.cz\/n\/wp-json\/wp\/v2\/users\/2"}],"replies":[{"embeddable":true,"href":"https:\/\/www.infokuryr.cz\/n\/wp-json\/wp\/v2\/comments?post=59383"}],"version-history":[{"count":0,"href":"https:\/\/www.infokuryr.cz\/n\/wp-json\/wp\/v2\/posts\/59383\/revisions"}],"wp:featuredmedia":[{"embeddable":true,"href":"https:\/\/www.infokuryr.cz\/n\/wp-json\/wp\/v2\/media\/59384"}],"wp:attachment":[{"href":"https:\/\/www.infokuryr.cz\/n\/wp-json\/wp\/v2\/media?parent=59383"}],"wp:term":[{"taxonomy":"category","embeddable":true,"href":"https:\/\/www.infokuryr.cz\/n\/wp-json\/wp\/v2\/categories?post=59383"},{"taxonomy":"post_tag","embeddable":true,"href":"https:\/\/www.infokuryr.cz\/n\/wp-json\/wp\/v2\/tags?post=59383"}],"curies":[{"name":"wp","href":"https:\/\/api.w.org\/{rel}","templated":true}]}}